{"id":658991,"date":"2026-09-01T02:17:25","date_gmt":"2026-09-01T02:17:25","guid":{"rendered":"https:\/\/www.europesays.com\/it\/658991\/"},"modified":"2026-09-01T02:17:25","modified_gmt":"2026-09-01T02:17:25","slug":"damiano-david-e-dove-cameron-sul-set-a-capena-le-immagini","status":"publish","type":"post","link":"https:\/\/www.europesays.com\/it\/658991\/","title":{"rendered":"Damiano David e Dove Cameron sul set a Capena: le immagini"},"content":{"rendered":"<p>                                La star statunitense gira il videoclip del suo nuovo singolo tra i vicoli del borgo laziale. E alle nozze italiane manca pochissimo&#8230;<\/p>\n<p>                    31 agosto &#8211; 18:46  &#8211; MILANO<\/p>\n<p class=\"paragraph\" spellcheck=\"true\">Una sottoveste di pizzo, una tavolata nel cuore di un borgo romano e un balcone che si trasforma in palcoscenico. <b>Dove Cameron<\/b>\u00a0\u00e8 a Capena, alle porte di Roma, per girare il videoclip del suo ultimo singolo.\u00a0Con lei, in questa parentesi estiva tutta italiana, c&#8217;\u00e8 anche il futuro marito <b>Damiano David<\/b>,\u00a0proprio mentre la coppia si prepara alle nozze in arrivo, secondo le indiscrezioni, a fine settembre in Toscana.<\/p>\n<p class=\"paragraph\" spellcheck=\"true\"><b>Leggi anche:\u00a0<a href=\"https:\/\/www.gazzetta.it\/spettacolo-tv-gossip\/08-08-2026\/dove-cameron-in-italia-prima-delle-nozze-con-damiano-david-le-foto.shtml\" rel=\"nofollow noopener\" target=\"_blank\">Dove Cameron in Italia prima delle nozze: relax, amiche e Duomo. Damiano dov&#8217;\u00e8?<\/a><\/b><\/p>\n<p>        Dove Cameron sul set a Capena\u2014 \u00a0<\/p>\n<p class=\"paragraph\" spellcheck=\"true\">Le nuove immagini mostrano Cameron con una <b>corta sottoveste azzurro ghiaccio<\/b>\u00a0e capelli neri sciolti, mentre posa al centro di una lunga tavolata apparecchiata in un vicolo. Si scorgono piatti di pasta, pomodori, limoni, vino, comparse e bucato steso tra le case. In un&#8217;altra fotografia pubblicata sulle sue storie Instagram, invece, \u00e8 affacciata su un balconcino mentre una Vespa in strada sfreccia proprio sotto di lei.<\/p>\n<p>        il nuovo videoclip\u2014 \u00a0<\/p>\n<p class=\"paragraph\" spellcheck=\"true\">Le riprese <a href=\"https:\/\/www.gazzetta.it\/spettacolo-tv-gossip\/10-08-2026\/damiano-david-e-dove-cameron-a-capena-foto-e-perche-erano-li.shtml?intcmp=hyperlink-articolo-gazit\" title=\"Damiano David e Dove Cameron, sorpresa a Capena: sul set prima delle nozze\" target=\"_blank\" rel=\"nofollow noopener\">sono partite lo scorso 5 agosto<\/a>, quando Piazza del Popolo e le stradine del centro storico di Capena sono state occupate da troupe, tecnici e mezzi della produzione. Anche la Pro Loco locale ha collaborato al progetto e documentato sui social l&#8217;allestimento del set. Bocche rigorosamente cucite, per\u00f2, sul nuovo progetto musicale di Dove Cameron. Non sono noti <b>n\u00e9 il titolo n\u00e9 la data di uscita del nuovo brano.<\/b><\/p>\n<p>        Damiano David e Dove Cameron, il matrimonio in Toscana\u2014 \u00a0<\/p>\n<p class=\"paragraph\" spellcheck=\"true\">Una volta terminate le fatiche del lavoro, per Dove Cameron e Damiano David \u00e8\u00a0ormai tempo di pensare al matrimonio. A met\u00e0 luglio avevano fatto capolino all&#8217;Albo Pretorio del Comune di Roma le <a href=\"https:\/\/www.gazzetta.it\/spettacolo-tv-gossip\/20-07-2026\/damiano-david-e-dove-cameron-le-nozze-si-avvicinano.shtml\" target=\"_blank\" rel=\"nofollow noopener\">pubblicazioni di nozze<\/a> dei due artisti e, stando ai ben informati, la cerimonia dovrebbe tenersi <a href=\"https:\/\/www.gazzetta.it\/spettacolo-tv-gossip\/27-06-2026\/damiano-david-e-dove-cameron-sposi-in-toscana-a-fine-settembre.shtml\" target=\"_blank\" rel=\"nofollow noopener\">a fine settembre in Toscana<\/a>, in una location tuttora top secret. I dettagli restano blindati, ma si parla di una lunga lista di invitati, anche per via della numerosa famiglia romana del <a href=\"https:\/\/www.gazzetta.it\/gossip\/03-01-2026\/damiano-david-dove-cameron-si-sposano-matrimonio-nel-2026-gli-anelli.shtml\" target=\"_blank\" rel=\"nofollow noopener\">frontman dei M\u00e5neskin<\/a>. Come dire, giusto il tempo di una canzone, prima del fatidico &#8220;s\u00ec&#8221;.<\/p>\n<p class=\"is-above-copyright is-mr-r-10\" spellcheck=\"true\">La Gazzetta dello Sport<\/p>\n<p class=\"is-copyright\">\u00a9 RIPRODUZIONE RISERVATA<\/p>\n","protected":false},"excerpt":{"rendered":"La star statunitense gira il videoclip del suo nuovo singolo tra i vicoli del borgo laziale. E alle&hellip;\n","protected":false},"author":3,"featured_media":658992,"comment_status":"","ping_status":"","sticky":false,"template":"","format":"standard","meta":{"footnotes":"","_share_on_mastodon":"0"},"categories":[1452],"tags":[7679,721,51933,363518,363519,101589,104,33303,45975,12418,1740,1537,90,89,1258,8866,363520,1354,15384,2851,987,3645,363521,407,363522,4409,1739,245,244,11922,19133],"class_list":["post-658991","post","type-post","status-publish","format-standard","has-post-thumbnail","category-calcio","tag-borgo","tag-calcio","tag-cameron","tag-cameron-set","tag-cameron-set-capena","tag-capena","tag-centro","tag-damiano","tag-damiano-david","tag-david","tag-football","tag-it","tag-italia","tag-italy","tag-lunga","tag-matrimonio","tag-matrimonio-toscana","tag-ne","tag-nozze","tag-progetto","tag-roma","tag-set","tag-set-capena","tag-settembre","tag-settembre-toscana","tag-singolo","tag-soccer","tag-sport","tag-sports","tag-toscana","tag-videoclip"],"share_on_mastodon":{"url":"https:\/\/pubeurope.com\/@it\/117193385434934902","error":""},"_links":{"self":[{"href":"https:\/\/www.europesays.com\/it\/wp-json\/wp\/v2\/posts\/658991","targetHints":{"allow":["GET"]}}],"collection":[{"href":"https:\/\/www.europesays.com\/it\/wp-json\/wp\/v2\/posts"}],"about":[{"href":"https:\/\/www.europesays.com\/it\/wp-json\/wp\/v2\/types\/post"}],"author":[{"embeddable":true,"href":"https:\/\/www.europesays.com\/it\/wp-json\/wp\/v2\/users\/3"}],"replies":[{"embeddable":true,"href":"https:\/\/www.europesays.com\/it\/wp-json\/wp\/v2\/comments?post=658991"}],"version-history":[{"count":0,"href":"https:\/\/www.europesays.com\/it\/wp-json\/wp\/v2\/posts\/658991\/revisions"}],"wp:featuredmedia":[{"embeddable":true,"href":"https:\/\/www.europesays.com\/it\/wp-json\/wp\/v2\/media\/658992"}],"wp:attachment":[{"href":"https:\/\/www.europesays.com\/it\/wp-json\/wp\/v2\/media?parent=658991"}],"wp:term":[{"taxonomy":"category","embeddable":true,"href":"https:\/\/www.europesays.com\/it\/wp-json\/wp\/v2\/categories?post=658991"},{"taxonomy":"post_tag","embeddable":true,"href":"https:\/\/www.europesays.com\/it\/wp-json\/wp\/v2\/tags?post=658991"}],"curies":[{"name":"wp","href":"https:\/\/api.w.org\/{rel}","templated":true}]}}