{"id":659001,"date":"2026-09-01T02:26:21","date_gmt":"2026-09-01T02:26:21","guid":{"rendered":"https:\/\/www.europesays.com\/it\/659001\/"},"modified":"2026-09-01T02:26:21","modified_gmt":"2026-09-01T02:26:21","slug":"affari-tuoi-torna-in-onda-ecco-quando-riparte-nuovo-studio-a-milano-gennarino-in-pensione-pacco-inedito-e-cambiamenti-nel-cast","status":"publish","type":"post","link":"https:\/\/www.europesays.com\/it\/659001\/","title":{"rendered":"Affari Tuoi torna in onda, ecco quando riparte: nuovo studio a Milano, Gennarino in pensione, pacco inedito e cambiamenti nel cast"},"content":{"rendered":"<p>Sono terminate le ferie per <a href=\"https:\/\/www.ilmessaggero.it\/t\/stefano-de-martino\" rel=\"nofollow noopener\" target=\"_blank\">Stefano De Martino<\/a>, <a href=\"https:\/\/www.ilmessaggero.it\/t\/herbert-ballerina\" rel=\"nofollow noopener\" target=\"_blank\">Herbert Ballerina<\/a> e <a href=\"https:\/\/www.ilmessaggero.it\/t\/martina-miliddi\" rel=\"nofollow noopener\" target=\"_blank\">Martina Miliddi<\/a>. In tv \u00e8 gi\u00e0 arrivato da tempo lo spot che lancia la nuova stagione di <a href=\"https:\/\/www.ilmessaggero.it\/t\/affari-tuoi\" rel=\"nofollow noopener\" target=\"_blank\">Affari Tuoi<\/a>, valorizzando il trasferimento da Roma a Milano attraverso una celebre scena di <a href=\"https:\/\/www.ilmessaggero.it\/t\/toto\" rel=\"nofollow noopener\" target=\"_blank\">Tot\u00f2<\/a> e <a href=\"https:\/\/www.ilmessaggero.it\/t\/peppino\" rel=\"nofollow noopener\" target=\"_blank\">Peppino<\/a>, in Tot\u00f2, Peppino e&#8230; la malafemmina: De Martino e Herbert arrivano nel capoluogo lombardo imbacuccati come se fossero diretti al Polo Nord<\/p>\n<blockquote class=\"twitter-tweet\">\n<p dir=\"ltr\" lang=\"it\" xml:lang=\"it\">Il modo in cui Stefano si piscia sotto per ogni cosa che fa o dice Herbert \ud83e\udea6 <a href=\"https:\/\/x.com\/hashtag\/affarituoi?src=hash&amp;ref_src=twsrc%5Etfw\" rel=\"nofollow\"> #affarituoi<\/a> <a href=\"https:\/\/t.co\/QVhesmzzVr\" rel=\"nofollow\">pic.twitter.com\/QVhesmzzVr<\/a><\/p>\n<p> \u2014 SOTER (@SonoSoter) <a href=\"https:\/\/x.com\/SonoSoter\/status\/2094169981181145546?ref_src=twsrc%5Etfw\" rel=\"nofollow\"> August 30, 2026<\/a><\/p><\/blockquote>\n<p>Saranno diverse le novit\u00e0 al centro del game show di Rai 1, che cambia sede e anche parte del suo cast. Affari Tuoi \u00e8 destinato a diventare ancora di pi\u00f9 uno show, valorizzando il dna da intrattenitore che lo stesso <a class=\"link_item\" data-linked_from=\"null\" href=\"https:\/\/www.ilmessaggero.it\/schede\/pier_silvio_berlusconi_amadeus_de_martino_barbara_d_urso_cosa_ha_detto_palinsesti_mediaset-9641427.html\" rel=\"nofollow noopener\" target=\"_blank\"> Pier Silvio Berlusconi ha riconosciuto a Stefano De Martino<\/a>.<\/p>\n<p>             <script async src=\"https:\/\/platform.twitter.com\/widgets.js\" charset=\"utf-8\"><\/script><\/p>\n","protected":false},"excerpt":{"rendered":"Sono terminate le ferie per Stefano De Martino, Herbert Ballerina e Martina Miliddi. In tv \u00e8 gi\u00e0 arrivato&hellip;\n","protected":false},"author":3,"featured_media":659002,"comment_status":"","ping_status":"","sticky":false,"template":"","format":"standard","meta":{"footnotes":"","_share_on_mastodon":"0"},"categories":[174],"tags":[33428,203,96181,91604,204,1537,90,89,70407,162813,28,2848,3501,1766,45989,321157],"class_list":["post-659001","post","type-post","status-publish","format-standard","has-post-thumbnail","category-intrattenimento","tag-affari-tuoi","tag-entertainment","tag-gennarino","tag-herbert-ballerina","tag-intrattenimento","tag-it","tag-italia","tag-italy","tag-lupo","tag-martina-miliddi","tag-milano","tag-rai","tag-rai-1","tag-stefano-de-martino","tag-teatro-delle-vittorie","tag-thanat"],"share_on_mastodon":{"url":"https:\/\/pubeurope.com\/@it\/117193420623454193","error":""},"_links":{"self":[{"href":"https:\/\/www.europesays.com\/it\/wp-json\/wp\/v2\/posts\/659001","targetHints":{"allow":["GET"]}}],"collection":[{"href":"https:\/\/www.europesays.com\/it\/wp-json\/wp\/v2\/posts"}],"about":[{"href":"https:\/\/www.europesays.com\/it\/wp-json\/wp\/v2\/types\/post"}],"author":[{"embeddable":true,"href":"https:\/\/www.europesays.com\/it\/wp-json\/wp\/v2\/users\/3"}],"replies":[{"embeddable":true,"href":"https:\/\/www.europesays.com\/it\/wp-json\/wp\/v2\/comments?post=659001"}],"version-history":[{"count":0,"href":"https:\/\/www.europesays.com\/it\/wp-json\/wp\/v2\/posts\/659001\/revisions"}],"wp:featuredmedia":[{"embeddable":true,"href":"https:\/\/www.europesays.com\/it\/wp-json\/wp\/v2\/media\/659002"}],"wp:attachment":[{"href":"https:\/\/www.europesays.com\/it\/wp-json\/wp\/v2\/media?parent=659001"}],"wp:term":[{"taxonomy":"category","embeddable":true,"href":"https:\/\/www.europesays.com\/it\/wp-json\/wp\/v2\/categories?post=659001"},{"taxonomy":"post_tag","embeddable":true,"href":"https:\/\/www.europesays.com\/it\/wp-json\/wp\/v2\/tags?post=659001"}],"curies":[{"name":"wp","href":"https:\/\/api.w.org\/{rel}","templated":true}]}}