{"id":659018,"date":"2026-09-01T02:51:13","date_gmt":"2026-09-01T02:51:13","guid":{"rendered":"https:\/\/www.europesays.com\/it\/659018\/"},"modified":"2026-09-01T02:51:13","modified_gmt":"2026-09-01T02:51:13","slug":"como-arriva-il-portiere-robert-sanchez-cosa-cambia-al-fantacalcio","status":"publish","type":"post","link":"https:\/\/www.europesays.com\/it\/659018\/","title":{"rendered":"Como, arriva il portiere Robert Sanchez! Cosa cambia al fantacalcio"},"content":{"rendered":"<p>\n<strong>Cambia la gerarchia in porta di casa Como<\/strong>. La notizia \u00e8 molto importante per il fantacalcio e riguarda il mercato della squadra allenata da Cesc Fabregas. Come riportato in esclusiva da Fabrizio <strong>Romano<\/strong>, <strong>\u00e8 fatta per l&#8217;arrivo di Robert Sanchez<\/strong>.\n<\/p>\n<p>\n&#8216;Here we go&#8217;, arriva un nuovo portiere:<strong> accordi totali tra Como e Chelsea<\/strong>. Sar\u00e0 lui a sostituire Tornqvist, pronto a passare al Monza. Nuova avventura in Serie A per Robert Sanchez.\n<\/p>\n<p>\n\ud83d\udcf2 <a href=\"https:\/\/onelink.to\/28zqdv?&amp;dev=macos&amp;ref=\" target=\"_blank\" rel=\"noopener nofollow\"><strong>SCARICA QUI LA NOSTRA APP GRATUITA<\/strong><\/a>\n<\/p>\n<p>\n<strong>Cosa succede al fantacalcio? In partenza Butez rimane il titolare tra i pali del Como<\/strong>, con Audero che diventa il terzo portiere. E <strong>Roberto Sanchez appunto parte come secondo<\/strong>, ma \u00e8 pi\u00f9 di un vice: il club voleva un portiere di livello da affiancare al titolare. E non \u00e8 escluso che il nuovo arrivato possa trovare spazio nelle rotazioni, visto che ora ci sar\u00e0 anche la Champions League.\n<\/p>\n<p>        <img src=\"https:\/\/www.europesays.com\/it\/wp-content\/uploads\/2026\/09\/Robert-Sanchez-e15b2b67ca01-1200x800.jpg\"   width=\"715\" height=\"400\" alt=\"Robert Sanchez\" title=\"Robert Sanchez\" loading=\"eager\" fetchpriority=\"high\" decoding=\"sync\" class=\"w-full h-auto aspect-3\/2 object-cover object-top rounded-lg\"\/><\/p>\n","protected":false},"excerpt":{"rendered":"Cambia la gerarchia in porta di casa Como. La notizia \u00e8 molto importante per il fantacalcio e riguarda&hellip;\n","protected":false},"author":3,"featured_media":659019,"comment_status":"","ping_status":"","sticky":false,"template":"","format":"standard","meta":{"footnotes":"","_share_on_mastodon":"0"},"categories":[176],"tags":[2478,363529,6195,363530,4992,3705,720,1537,90,89,2855,13284,363528,9852,245,244],"class_list":["post-659018","post","type-post","status-publish","format-standard","has-post-thumbnail","category-sport","tag-arriva","tag-arriva-portiere","tag-cambia","tag-cambia-gerarchia","tag-cesc","tag-como","tag-fantacalcio","tag-it","tag-italia","tag-italy","tag-portiere","tag-robert","tag-robert-sanchez","tag-sanchez","tag-sport","tag-sports"],"share_on_mastodon":{"url":"https:\/\/pubeurope.com\/@it\/117193519900425722","error":""},"_links":{"self":[{"href":"https:\/\/www.europesays.com\/it\/wp-json\/wp\/v2\/posts\/659018","targetHints":{"allow":["GET"]}}],"collection":[{"href":"https:\/\/www.europesays.com\/it\/wp-json\/wp\/v2\/posts"}],"about":[{"href":"https:\/\/www.europesays.com\/it\/wp-json\/wp\/v2\/types\/post"}],"author":[{"embeddable":true,"href":"https:\/\/www.europesays.com\/it\/wp-json\/wp\/v2\/users\/3"}],"replies":[{"embeddable":true,"href":"https:\/\/www.europesays.com\/it\/wp-json\/wp\/v2\/comments?post=659018"}],"version-history":[{"count":0,"href":"https:\/\/www.europesays.com\/it\/wp-json\/wp\/v2\/posts\/659018\/revisions"}],"wp:featuredmedia":[{"embeddable":true,"href":"https:\/\/www.europesays.com\/it\/wp-json\/wp\/v2\/media\/659019"}],"wp:attachment":[{"href":"https:\/\/www.europesays.com\/it\/wp-json\/wp\/v2\/media?parent=659018"}],"wp:term":[{"taxonomy":"category","embeddable":true,"href":"https:\/\/www.europesays.com\/it\/wp-json\/wp\/v2\/categories?post=659018"},{"taxonomy":"post_tag","embeddable":true,"href":"https:\/\/www.europesays.com\/it\/wp-json\/wp\/v2\/tags?post=659018"}],"curies":[{"name":"wp","href":"https:\/\/api.w.org\/{rel}","templated":true}]}}