{"id":659044,"date":"2026-09-01T03:18:21","date_gmt":"2026-09-01T03:18:21","guid":{"rendered":"https:\/\/www.europesays.com\/it\/659044\/"},"modified":"2026-09-01T03:18:21","modified_gmt":"2026-09-01T03:18:21","slug":"jonathan-david-va-allatletico-madrid-woltemade-alla-juventus-rivoluzione-nellattacco-bianconero","status":"publish","type":"post","link":"https:\/\/www.europesays.com\/it\/659044\/","title":{"rendered":"Jonathan David va all&#8217;Atletico Madrid, Woltemade alla Juventus: rivoluzione nell&#8217;attacco bianconero"},"content":{"rendered":"<p>Cosa mancava per chiudere l&#8217;operazione che alla fine porter\u00e0 David all&#8217;Atletico Madrid?<\/p>\n<p>La Juventus, prima di dare l&#8217;eventuale via libera definitivo all&#8217;affare, voleva trovare un sostituto per non rischiare di restare senza alternative in attacco.<\/p>\n<p>Al momento infatti dietro Kolo Muani, oltre a David, ci sono solo Arek Milik e Jeff Ekhator, ma entrambi non danno garanzie dal punto di vista fisico.<\/p>\n<p>Il primo \u00e8 reduce da una lunghissima serie di infortuni, mentre il secondo si \u00e8 fermato nuovamente per un un problema muscolare proprio nell&#8217;allenamento di domenica 30 agosto e ne avr\u00e0 per un paio di mesi.<\/p>\n","protected":false},"excerpt":{"rendered":"Cosa mancava per chiudere l&#8217;operazione che alla fine porter\u00e0 David all&#8217;Atletico Madrid? La Juventus, prima di dare l&#8217;eventuale&hellip;\n","protected":false},"author":3,"featured_media":659045,"comment_status":"","ping_status":"","sticky":false,"template":"","format":"standard","meta":{"footnotes":"","_share_on_mastodon":"0"},"categories":[176],"tags":[5022,353,1537,90,89,558,245,244,355],"class_list":["post-659044","post","type-post","status-publish","format-standard","has-post-thumbnail","category-sport","tag-atletico-madrid","tag-calciomercato","tag-it","tag-italia","tag-italy","tag-juventus","tag-sport","tag-sports","tag-transfers"],"share_on_mastodon":{"url":"https:\/\/pubeurope.com\/@it\/117193625077809280","error":""},"_links":{"self":[{"href":"https:\/\/www.europesays.com\/it\/wp-json\/wp\/v2\/posts\/659044","targetHints":{"allow":["GET"]}}],"collection":[{"href":"https:\/\/www.europesays.com\/it\/wp-json\/wp\/v2\/posts"}],"about":[{"href":"https:\/\/www.europesays.com\/it\/wp-json\/wp\/v2\/types\/post"}],"author":[{"embeddable":true,"href":"https:\/\/www.europesays.com\/it\/wp-json\/wp\/v2\/users\/3"}],"replies":[{"embeddable":true,"href":"https:\/\/www.europesays.com\/it\/wp-json\/wp\/v2\/comments?post=659044"}],"version-history":[{"count":0,"href":"https:\/\/www.europesays.com\/it\/wp-json\/wp\/v2\/posts\/659044\/revisions"}],"wp:featuredmedia":[{"embeddable":true,"href":"https:\/\/www.europesays.com\/it\/wp-json\/wp\/v2\/media\/659045"}],"wp:attachment":[{"href":"https:\/\/www.europesays.com\/it\/wp-json\/wp\/v2\/media?parent=659044"}],"wp:term":[{"taxonomy":"category","embeddable":true,"href":"https:\/\/www.europesays.com\/it\/wp-json\/wp\/v2\/categories?post=659044"},{"taxonomy":"post_tag","embeddable":true,"href":"https:\/\/www.europesays.com\/it\/wp-json\/wp\/v2\/tags?post=659044"}],"curies":[{"name":"wp","href":"https:\/\/api.w.org\/{rel}","templated":true}]}}