{"id":659052,"date":"2026-09-01T03:22:23","date_gmt":"2026-09-01T03:22:23","guid":{"rendered":"https:\/\/www.europesays.com\/it\/659052\/"},"modified":"2026-09-01T03:22:23","modified_gmt":"2026-09-01T03:22:23","slug":"giappone-la-sanita-costa-sempre-di-piu-e-litalia-e-gia-sulla-stessa-strada","status":"publish","type":"post","link":"https:\/\/www.europesays.com\/it\/659052\/","title":{"rendered":"Giappone, la sanit\u00e0 costa sempre di pi\u00f9. E l\u2019Italia \u00e8 gi\u00e0 sulla stessa strada"},"content":{"rendered":"<p>Non servono pi\u00f9 prestazioni per far crescere la spesa sanitaria. Il Giappone lo dimostra con numeri impressionanti: nell\u2019anno fiscale 2025 la spesa medica ha raggiunto <strong>49,2 trilioni di yen<\/strong>, circa 1,3 trilioni in pi\u00f9 dell\u2019anno precedente e nuovo massimo storico. <strong>\u00c8 il quinto anno consecutivo di crescita.<\/strong><\/p>\n<p><strong>Le giornate complessive di assistenza sono diminuite dello 0,7%, mentre il costo medio per giornata \u00e8 aumentato del 3,3%.<\/strong> Si cura relativamente meno, ma ogni giornata di cura costa di pi\u00f9.<\/p>\n<p><strong>I ricoveri valgono ormai 19,6 trilioni di yen (+2,3%)<\/strong>, l&#8217;attivit\u00e0 ambulatoriale <strong>16,5 trilioni (+1,6%)<\/strong>, l&#8217;odontoiatria <strong>3,5 trilioni (+3,5%)<\/strong> e la farmaceutica territoriale <strong>8,8 trilioni (+3,9%)<\/strong>. Proprio per i farmaci il costo medio per prescrizione equivalente cresce del <strong>5%<\/strong>.<\/p>\n<p><strong>Attenzione: non \u00e8 solo colpa dell\u2019et\u00e0.<\/strong><\/p>\n<p>Qui occorre evitare una semplificazione. Dei <strong>2,6 punti percentuali<\/strong> di aumento della spesa, il Ministero attribuisce circa <strong>0,6 punti all\u2019invecchiamento<\/strong>. La riduzione della popolazione esercita invece un effetto negativo di <strong>0,5 punti<\/strong>. La quota maggiore dell\u2019incremento deriva da altri fattori, tra cui <strong>variazioni nell\u2019intensit\u00e0 e nelle modalit\u00e0 delle cure<\/strong>.<\/p>\n<p>L\u2019<strong>invecchiamento non spiega da solo il record del 2025<\/strong>, ma rappresenta la <strong>pressione strutturale<\/strong> destinata ad accompagnare il Giappone per decenni.<\/p>\n<p>Oggi il <strong>29,3% dei giapponesi ha almeno 65 anni<\/strong> e il <strong>16,8% ne ha almeno 75<\/strong>. Nel 2070 sar\u00e0 over 65 circa <strong>una persona ogni 2,6 abitanti<\/strong>.<\/p>\n<p><strong>E l\u2019Italia dovrebbe guardare con attenzione.<\/strong><\/p>\n<p>Perch\u00e9 siamo molto pi\u00f9 vicini al Giappone di quanto pensiamo.<\/p>\n<p>Al <strong>1\u00b0 gennaio 2026<\/strong> gli italiani con almeno 65 anni sono <strong>14,8 milioni, il 25,1% della popolazione<\/strong>: \u00e8 la quota pi\u00f9 elevata dell\u2019Unione europea. Gli over 85 hanno raggiunto <strong>2,51 milioni<\/strong>, mentre la popolazione tra 15 e 64 anni continua a diminuire.<\/p>\n<p>Parallelamente, la spesa sanitaria pubblica italiana \u00e8 prevista nel 2026 a circa <strong>148,5 miliardi di euro<\/strong>, pari al <strong>6,4% del PIL<\/strong>.<\/p>\n<p>Il problema di sostenibilit\u00e0 \u00e8 dunque simile: <strong>aumentano anziani e cronicit\u00e0, diminuisce progressivamente la popolazione attiva e arrivano farmaci, diagnostica e tecnologie sempre pi\u00f9 efficaci ma spesso costosi.<\/strong><\/p>\n<p><strong>Tagliare non basta: bisogna cambiare il SSN.<\/strong><\/p>\n<p>La lezione giapponese non \u00e8 che dobbiamo spendere meno. \u00c8 che dobbiamo <strong>spendere diversamente<\/strong>.<\/p>\n<p><strong>Prevenzione dell\u2019invecchiamento patologico<\/strong>, <strong>presa in carico delle cronicit\u00e0<\/strong>, <strong>assistenza domiciliare<\/strong>, <strong>territorio<\/strong>, <strong>telemedicina<\/strong>, <strong>intelligenza artificiale<\/strong>, <strong>appropriatezza prescrittiva<\/strong> e <strong>Health Technology Assessment<\/strong> devono diventare strumenti ordinari di governo.<\/p>\n<p>Continuare a finanziare prevalentemente un sistema costruito intorno <strong>all\u2019ospedale e alla malattia acuta<\/strong> mentre cambia radicalmente la demografia significa rincorrere i costi.<\/p>\n<p><strong>Il Giappone non \u00e8 un caso lontano: \u00e8 uno specchio anticipato dell\u2019Italia.<\/strong> La vera domanda per il SSN non sar\u00e0 se la spesa sanitaria crescer\u00e0, ma se sapremo <strong>trasformare quella crescita in pi\u00f9 salute invece che soltanto in pi\u00f9 costi<\/strong>.<\/p>\n<p><img loading=\"lazy\" decoding=\"async\" src=\"https:\/\/www.europesays.com\/it\/wp-content\/uploads\/2026\/09\/ChatGPT_Image_31_ago_2026,_12_23_54-1788171848488.webp\" alt=\"\" width=\"1024\" height=\"1536\" caption=\"false\"\/><\/p>\n<p><strong>Fonti:<\/strong><\/p>\n<ul>&#13;<\/p>\n<li><strong>Ministry of Health, Labour and Welfare, Japan, Medical Expenditure Trends \u2013 FY2025 (MEDIAS), agosto 2026.<\/strong><\/li>\n<p>&#13;<\/p>\n<li><strong>Cabinet Office of Japan, Annual Report on the Ageing Society 2025.<\/strong><\/li>\n<p>&#13;<\/p>\n<li><strong>ISTAT, Indicatori demografici \u2013 Anno 2025, marzo 2026.<\/strong><\/li>\n<p>&#13;<\/p>\n<li><strong>Ragioneria Generale dello Stato\/OpenBDAP, Previsione della spesa sanitaria 2026 \u2013 DFP 2026.<\/strong><\/li>\n<p>&#13;\n<\/ul>\n","protected":false},"excerpt":{"rendered":"Non servono pi\u00f9 prestazioni per far crescere la spesa sanitaria. Il Giappone lo dimostra con numeri impressionanti: nell\u2019anno&hellip;\n","protected":false},"author":3,"featured_media":659053,"comment_status":"","ping_status":"","sticky":false,"template":"","format":"standard","meta":{"footnotes":"","_share_on_mastodon":"0"},"categories":[172],"tags":[178,177,363539,5941,16244,1537,90,89,363540,363538,363541,59485,77488,3713],"class_list":["post-659052","post","type-post","status-publish","format-standard","has-post-thumbnail","category-affari","tag-affari","tag-business","tag-cabinet-office-of-japan","tag-giappone","tag-istat","tag-it","tag-italia","tag-italy","tag-medias","tag-ministry-of-health-labour-and-welfare-japan","tag-openbdap","tag-ragioneria-generale-dello-stato","tag-spesa-sanitaria","tag-unione-europea"],"share_on_mastodon":{"url":"https:\/\/pubeurope.com\/@it\/117193641064353648","error":""},"_links":{"self":[{"href":"https:\/\/www.europesays.com\/it\/wp-json\/wp\/v2\/posts\/659052","targetHints":{"allow":["GET"]}}],"collection":[{"href":"https:\/\/www.europesays.com\/it\/wp-json\/wp\/v2\/posts"}],"about":[{"href":"https:\/\/www.europesays.com\/it\/wp-json\/wp\/v2\/types\/post"}],"author":[{"embeddable":true,"href":"https:\/\/www.europesays.com\/it\/wp-json\/wp\/v2\/users\/3"}],"replies":[{"embeddable":true,"href":"https:\/\/www.europesays.com\/it\/wp-json\/wp\/v2\/comments?post=659052"}],"version-history":[{"count":0,"href":"https:\/\/www.europesays.com\/it\/wp-json\/wp\/v2\/posts\/659052\/revisions"}],"wp:featuredmedia":[{"embeddable":true,"href":"https:\/\/www.europesays.com\/it\/wp-json\/wp\/v2\/media\/659053"}],"wp:attachment":[{"href":"https:\/\/www.europesays.com\/it\/wp-json\/wp\/v2\/media?parent=659052"}],"wp:term":[{"taxonomy":"category","embeddable":true,"href":"https:\/\/www.europesays.com\/it\/wp-json\/wp\/v2\/categories?post=659052"},{"taxonomy":"post_tag","embeddable":true,"href":"https:\/\/www.europesays.com\/it\/wp-json\/wp\/v2\/tags?post=659052"}],"curies":[{"name":"wp","href":"https:\/\/api.w.org\/{rel}","templated":true}]}}