{"id":659057,"date":"2026-09-01T03:25:15","date_gmt":"2026-09-01T03:25:15","guid":{"rendered":"https:\/\/www.europesays.com\/it\/659057\/"},"modified":"2026-09-01T03:25:15","modified_gmt":"2026-09-01T03:25:15","slug":"juve-ecco-woltemade-e-il-nove-per-spalletti-e-se-parte-cabal-arriva-tagliafico","status":"publish","type":"post","link":"https:\/\/www.europesays.com\/it\/659057\/","title":{"rendered":"Juve, ecco Woltemade: \u00e8 il nove per Spalletti. E se parte Cabal, arriva Tagliafico"},"content":{"rendered":"<p>                                Accordo col Newcastle per il prestito del tedesco: oggi sar\u00e0 a Torino per le visite. Possibile cambio in difesa: l&#8217;argentino del Lione in pole in caso di addio dell&#8217;ex Verona<\/p>\n<p class=\"paragraph\" spellcheck=\"true\">L\u2019altezza c\u2019\u00e8 (198 centimetri), la passione per l\u2019area di rigore un po\u2019 meno. Tutto non si pu\u00f2 avere, soprattutto al tempo dei vincoli del \u201csettlement agreement\u201d sottoscritto con l\u2019Uefa e con la sirena di fine mercato vicinissima a suonare (stasera alle 20). In mezzo a tante difficolt\u00e0, l\u2019ultima in ordine di tempo l\u2019irrigidimento del Manchester United sulla formula per Joshua Zirkzee, la Juventus ha trovato nella cesta delle occasioni last minute il gigante tanto richiesto da Luciano Spalletti. I bianconeri hanno prenotato il volo e le visite mediche per Nick Woltemade, atteso in mattinata a Torino. Un anno fa il Newcastle ha acquistato l\u2019attaccante per 75 milioni pi\u00f9 bonus dallo Stoccarda. L\u2019ad Giovanni Carnevali e i suoi fidati collaboratori Massara e Ottolini nelle ultime ore hanno raggiunto un\u2019intesa con la societ\u00e0 inglese per un prestito secco. Affitto libero, da 5 milioni. Alla Continassa prenderanno in carico anche lo stipendio da 4,4 milioni. Comunque meno dei 6 pi\u00f9 bonus di Jonathan David, che ha liberato il posto e l\u2019armadietto alla punta della Germania trasferendosi all\u2019Atletico Madrid. Il canadese lascia la Signora a tempo (prestito con diritto di riscatto fissato a 25 milioni) ma raggiunge Diego Simeone con l\u2019idea di restarci anche oltre il 2027. Speranza condivisa dalla Juventus, che al termine di una giornata di telefonate e video-call ha messo le mani su Woltemade.\u00a0<\/p>\n<p>        nono rinforzo\u2014 \u00a0<\/p>\n<p class=\"paragraph\" spellcheck=\"true\">Se tutto andr\u00e0 secondo programmi \u2013 manca ancora un ultimo s\u00ec da parte del giocatore, ma negli ambienti bianconeri sono ottimisti e hanno gi\u00e0 attivato il comitato d\u2019accoglienza per le prossime ore \u2013 il tedesco sar\u00e0 il terzo rinforzo in attacco dopo Jeff Ekhator dal Genoa (16 milioni) e Randal Kolo Muani dal Psg (38 pi\u00f9 12 di bonus). E il nono in generale, tenuto conto che ieri il centrocampista Pape Matar Sarr (ex Tottenham) ha svolto le visite al J Medical. Eppure la rivoluzione juventina potrebbe non essere ancora finita. La Juventus, infatti, fino alle ultime ore di trattative prover\u00e0 a rinfrescare anche la fascia sinistra: gi\u00e0 bloccato l\u2019esperto terzino Nicolas Tagliafico del Lione. L\u2019argentino \u00e8 pronto a fiondarsi sotto la Mole da un momento all\u2019altro. Tutto dipende dalla trattativa con l\u2019Atalanta per Juan Cabal. Se i nerazzurri, dopo lo scippo di Franck Kessie, acquisteranno il colombiano, Tagliafico raggiunger\u00e0 la Continassa. In caso contrario, discorso rimandato all\u2019inverno.\u00a0<\/p>\n<p>        La scommessa\u2014 \u00a0<\/p>\n<p class=\"paragraph\" spellcheck=\"true\">Spalletti si prepara ad abbracciare Woltemade, il gigante preferito a Zirkzee. Il tedesco, dopo un 2024-25 spettacolare allo Stoccarda (17 gol in 33 presenze), in Premier ha faticato pi\u00f9 del previsto. Col Newcastle non c\u2019\u00e8 stato feeling: questione soprattutto ambientale. Woltemade ha collezionato 12 reti e 5 assist in 54 presenze e si \u00e8 garantito la convocazione per il Mondiale americano, per\u00f2 in Inghilterra non \u00e8 scoccata la scintilla. La Juventus ci scommette e punta a ritrovare l\u2019attaccante tutto fisico e tecnica ammirato a Stoccarda. \u00c8 stato il punto pi\u00f9 alto di Woltemade: in precedenza il Werder Brema lo aveva lasciato libero a zero senza tanti gol e ancora meno rimpianti.\u00a0<\/p>\n<p><a class=\"is-partner-link\" href=\"https:\/\/ad.doubleclick.net\/ddm\/trackclk\/N1792338.340088CAIRORCSMEDIAS.P.\/B28038690.452531709;dc_trk_aid=646241311;dc_trk_cid=173665161;dc_lat=;dc_rdid=;tag_for_child_directed_treatment=;tfua=;gdpr=%24%7BGDPR%7D;gdpr_consent=%24%7BGDPR_CONSENT_755%7D;ltd=;dc_tdv=1\" rel=\"nofollow noopener\" target=\"_blank\">Guarda tutte le partite di Serie A Enilive in esclusiva nei locali Sky! Trova il locale pi\u00f9 vicino a te.<\/a><\/p>\n<p>        Il gigante buono\u2014 \u00a0<\/p>\n<p class=\"paragraph\" spellcheck=\"true\">Ieri Woltemade \u00e8 apparso contento e determinato nei contatti telefonici con la Juventus, tanto che il volo e le visite sono gi\u00e0 prenotate per le prossime ore. I bianconeri hanno incassato il primo s\u00ec dell\u2019attaccante, ma il tedesco ha chiesto un\u2019ultima nottata prima di pronunciare il secondo e definitivo, atteso prima del check-in per Torino. A questo punto soltanto un inserimento clamoroso, da libro giallo del calciomercato, potrebbe cambiare il finale col lieto fine. Luciano Spalletti attende il suo gigante. Non sar\u00e0 un bomber d\u2019area e uno specialista del gioco aereo, tutt\u2019altro (appena 4 gol di testa sui 48 totali), per\u00f2 di centimetri (198) ne ha da vendere e alla fisicit\u00e0 abbina tecnica e velocit\u00e0 rare per un giocatore della sua struttura. Attaccante totale, pi\u00f9 un nove e mezzo (come Zirkzee) che un nove originale alla Dusan Vlahovic (ieri tripletta col Besiktas). Woltemade, per\u00f2, pu\u00f2 risolvere tanti problemi alla Juventus: seconda punta nel 4-2-3-1 alle spalle di Kolo Muani, ma anche attaccante centrale al posto del francese<\/p>\n<p class=\"is-copyright\">\u00a9 RIPRODUZIONE RISERVATA<\/p>\n","protected":false},"excerpt":{"rendered":"Accordo col Newcastle per il prestito del tedesco: oggi sar\u00e0 a Torino per le visite. Possibile cambio in&hellip;\n","protected":false},"author":3,"featured_media":658557,"comment_status":"","ping_status":"","sticky":false,"template":"","format":"standard","meta":{"footnotes":"","_share_on_mastodon":"0"},"categories":[6],"tags":[841,11611,562,765,583,585,587,75495,22997,7521,14,12418,9569,564,1976,8,1537,90,89,558,572,573,1491,7125,3418,64438,576,32893,7,34932,15,82,9,83,10,8483,6840,4401,7634,494,5304,2434,337,24806,33546,295261,5248,33084,8233,13,1641,2199,907,11,80,84,12,81,85,8484,4652,363550,360141,5396],"class_list":["post-659057","post","type-post","status-publish","format-standard","has-post-thumbnail","category-ultime-notizie","tag-area","tag-argentino","tag-attaccante","tag-attacco","tag-atteso","tag-bianconeri","tag-bonus","tag-cabal","tag-centimetri","tag-continassa","tag-cronaca","tag-david","tag-gigante","tag-giocatore","tag-gol","tag-headlines","tag-it","tag-italia","tag-italy","tag-juventus","tag-kolo","tag-kolo-muani","tag-libero","tag-lione","tag-luciano","tag-luciano-spalletti","tag-muani","tag-newcastle","tag-news","tag-nono","tag-notizie","tag-notizie-di-cronaca","tag-notizie-principali","tag-notiziedicronaca","tag-notizieprincipali","tag-presenze","tag-prestito","tag-prossime","tag-punta","tag-punto","tag-rinforzo","tag-si","tag-soprattutto","tag-spalletti","tag-stoccarda","tag-tagliafico","tag-tanti","tag-tecnica","tag-tedesco","tag-titoli","tag-torino","tag-ultima","tag-ultime","tag-ultime-notizie","tag-ultime-notizie-di-cronaca","tag-ultime-notizie-e-news-di-oggi","tag-ultimenotizie","tag-ultimenotiziedicronaca","tag-ultimenotizieenewsdioggi","tag-visite","tag-volo","tag-volo-visite","tag-woltemade","tag-zirkzee"],"share_on_mastodon":{"url":"","error":"Validation failed: Text character limit of 500 exceeded"},"_links":{"self":[{"href":"https:\/\/www.europesays.com\/it\/wp-json\/wp\/v2\/posts\/659057","targetHints":{"allow":["GET"]}}],"collection":[{"href":"https:\/\/www.europesays.com\/it\/wp-json\/wp\/v2\/posts"}],"about":[{"href":"https:\/\/www.europesays.com\/it\/wp-json\/wp\/v2\/types\/post"}],"author":[{"embeddable":true,"href":"https:\/\/www.europesays.com\/it\/wp-json\/wp\/v2\/users\/3"}],"replies":[{"embeddable":true,"href":"https:\/\/www.europesays.com\/it\/wp-json\/wp\/v2\/comments?post=659057"}],"version-history":[{"count":0,"href":"https:\/\/www.europesays.com\/it\/wp-json\/wp\/v2\/posts\/659057\/revisions"}],"wp:featuredmedia":[{"embeddable":true,"href":"https:\/\/www.europesays.com\/it\/wp-json\/wp\/v2\/media\/658557"}],"wp:attachment":[{"href":"https:\/\/www.europesays.com\/it\/wp-json\/wp\/v2\/media?parent=659057"}],"wp:term":[{"taxonomy":"category","embeddable":true,"href":"https:\/\/www.europesays.com\/it\/wp-json\/wp\/v2\/categories?post=659057"},{"taxonomy":"post_tag","embeddable":true,"href":"https:\/\/www.europesays.com\/it\/wp-json\/wp\/v2\/tags?post=659057"}],"curies":[{"name":"wp","href":"https:\/\/api.w.org\/{rel}","templated":true}]}}