{"id":659058,"date":"2026-09-01T03:32:12","date_gmt":"2026-09-01T03:32:12","guid":{"rendered":"https:\/\/www.europesays.com\/it\/659058\/"},"modified":"2026-09-01T03:32:12","modified_gmt":"2026-09-01T03:32:12","slug":"maurizio-cappato-ancora-disperso-a-cuba-la-figlia-lambasciata-non-risponde-ma-per-di-battista-si-e-mossa-subito","status":"publish","type":"post","link":"https:\/\/www.europesays.com\/it\/659058\/","title":{"rendered":"Maurizio Cappato ancora disperso a Cuba, la figlia: \u00abL&#8217;Ambasciata non risponde, ma per Di Battista si \u00e8 mossa subito\u00bb"},"content":{"rendered":"<p><strong><a href=\"https:\/\/www.ilgazzettino.it\/t\/rovigo\" rel=\"nofollow noopener\" target=\"_blank\">ROVIGO<\/a><\/strong> &#8211; A una settimana dalla scomparsa di <strong><a href=\"https:\/\/www.ilgazzettino.it\/t\/maurizio-cappato\" rel=\"nofollow noopener\" target=\"_blank\">Maurizio Cappato<\/a><\/strong>, dell&#8217;ex agente della polizia stradale di Borsea non c&#8217;\u00e8 ancora alcuna traccia. Ma mentre il mare continua a non restituire risposte, cresce l&#8217;amarezza della figlia Mary, che da giorni cerca di ottenere informazioni da <strong>Cuba <\/strong>e ora punta il dito sulle difficolt\u00e0 nei rapporti con l&#8217;Ambasciata italiana. Soprattutto dopo aver visto la rapidit\u00e0 con la quale la rappresentanza diplomatica si \u00e8 invece mobilitata per l&#8217;ex parlamentare <strong>Alessandro Di Battista<\/strong>, che nei giorni scorsi ha avuto un problema di salute proprio sull&#8217;isola.<\/p>\n<p>    &#13;<\/p>\n<p>APPROFONDIMENTI<\/p>\n<p>&#13;<\/p>\n<p>                            &#13;<br \/>\n                                            &#13;<br \/>\n                            <a href=\"https:\/\/www.ilgazzettino.it\/nordest\/rovigo\/maurizio_cappato_scomparso_cuba_ricerche-9728593.html\" rel=\"nofollow noopener\" target=\"_blank\">&#13;<br \/>\n                                                                <img decoding=\"async\" src=\"https:\/\/www.europesays.com\/it\/wp-content\/uploads\/2026\/09\/9728593_27174635_whatsapp_image_2026_08_27_at_11.21.30.jpg\"\/>&#13;<br \/>\n                            <\/a>&#13;<br \/>\n                        &#13;<br \/>\n                                        &#13;<\/p>\n<p>        &#13;<\/p>\n<p>\u00abAnche oggi nessuna novit\u00e0 \u2013 racconta <strong>Mary Cappato<\/strong>, docente al Primo Levi di Badia \u2013. Queste sono le &#8220;non risposte&#8221; dell&#8217;Ambasciata. Ieri non mi hanno risposto nemmeno al telefono. Per\u00f2 ho visto che l&#8217;ambasciatrice \u00e8 andata da Di Battista: probabilmente la priorit\u00e0 \u00e8 lui\u00bb. Una considerazione amara, soprattutto perch\u00e9 nei giorni precedenti alla famiglia era stato spiegato che ottenere informazioni da Cienfuegos risultava complicato a causa dei problemi alle linee e alle comunicazioni che interessano Cuba. Una situazione della quale Mary non mette in dubbio le difficolt\u00e0, ma che inevitabilmente stride ai suoi occhi con quanto avvenuto quando a chiedere assistenza \u00e8 stato un personaggio molto noto.<\/p>\n<p>Nel frattempo, a Cienfuegos, a continuare a cercare Cappato sono soprattutto la moglie e gli amici. \u00abNon la polizia, gli amici\u00bb, sottolinea la figlia. Venerd\u00ec oltre dodici persone hanno perlustrato la zona nei dintorni del punto nel quale il 63enne era solito andare a pescare, dividendosi in diversi gruppi. Nessun risultato.<br \/>Le ricerche in mare sono state estese anche ad altre aree e sarebbero stati utilizzati persino dei droni, ma anche in questo caso senza trovare alcuna traccia dell&#8217;ex poliziotto. Alla moglie sarebbe inoltre stato riferito che sabato avrebbe potuto essere l&#8217;ultimo giorno delle operazioni. Dopodich\u00e9 non resterebbe che attendere: la speranza, per quanto terribile possa apparire, sarebbe che qualche pescatore possa eventualmente avvistarlo.<br \/>Cappato, 63 anni, residente da otto anni a Cuba, \u00e8 scomparso dopo essere uscito per pescare nella zona di Cienfuegos. Il motorino, lo zaino, il telefono e gli altri effetti personali erano stati ritrovati nel luogo che frequentava abitualmente, mentre la canna da pesca era stata recuperata in acqua.<\/p>\n","protected":false},"excerpt":{"rendered":"ROVIGO &#8211; A una settimana dalla scomparsa di Maurizio Cappato, dell&#8217;ex agente della polizia stradale di Borsea non&hellip;\n","protected":false},"author":3,"featured_media":659059,"comment_status":"","ping_status":"","sticky":false,"template":"","format":"standard","meta":{"footnotes":"","_share_on_mastodon":"0"},"categories":[1458],"tags":[41155,2711,363551,35259,1537,90,89,10715,360199,67364,30898,1840,245,244],"class_list":["post-659058","post","type-post","status-publish","format-standard","has-post-thumbnail","category-rugby","tag-alessandro-di-battista","tag-cuba","tag-di-battista","tag-disperso","tag-it","tag-italia","tag-italy","tag-malore","tag-maurizio-cappato","tag-polesano","tag-polesine","tag-rugby","tag-sport","tag-sports"],"share_on_mastodon":{"url":"https:\/\/pubeurope.com\/@it\/117193680831828775","error":""},"_links":{"self":[{"href":"https:\/\/www.europesays.com\/it\/wp-json\/wp\/v2\/posts\/659058","targetHints":{"allow":["GET"]}}],"collection":[{"href":"https:\/\/www.europesays.com\/it\/wp-json\/wp\/v2\/posts"}],"about":[{"href":"https:\/\/www.europesays.com\/it\/wp-json\/wp\/v2\/types\/post"}],"author":[{"embeddable":true,"href":"https:\/\/www.europesays.com\/it\/wp-json\/wp\/v2\/users\/3"}],"replies":[{"embeddable":true,"href":"https:\/\/www.europesays.com\/it\/wp-json\/wp\/v2\/comments?post=659058"}],"version-history":[{"count":0,"href":"https:\/\/www.europesays.com\/it\/wp-json\/wp\/v2\/posts\/659058\/revisions"}],"wp:featuredmedia":[{"embeddable":true,"href":"https:\/\/www.europesays.com\/it\/wp-json\/wp\/v2\/media\/659059"}],"wp:attachment":[{"href":"https:\/\/www.europesays.com\/it\/wp-json\/wp\/v2\/media?parent=659058"}],"wp:term":[{"taxonomy":"category","embeddable":true,"href":"https:\/\/www.europesays.com\/it\/wp-json\/wp\/v2\/categories?post=659058"},{"taxonomy":"post_tag","embeddable":true,"href":"https:\/\/www.europesays.com\/it\/wp-json\/wp\/v2\/tags?post=659058"}],"curies":[{"name":"wp","href":"https:\/\/api.w.org\/{rel}","templated":true}]}}