{"id":659093,"date":"2026-09-01T04:07:11","date_gmt":"2026-09-01T04:07:11","guid":{"rendered":"https:\/\/www.europesays.com\/it\/659093\/"},"modified":"2026-09-01T04:07:11","modified_gmt":"2026-09-01T04:07:11","slug":"il-mito-prende-vita-a-lucca-mostra-allex-cavallerizza","status":"publish","type":"post","link":"https:\/\/www.europesays.com\/it\/659093\/","title":{"rendered":"Il mito prende vita a Lucca. Mostra all\u2019ex Cavallerizza"},"content":{"rendered":"<p>Da sabato 5 settembre all\u201911 ottobre 2026, la suggestiva cornice dell\u2019<strong>Ex Cavallerizza<\/strong> in <strong>Piazzale Verdi<\/strong> aprir\u00e0 le sue porte a &#8220;<strong>Mythos &#8211; Creature Fantastiche<\/strong>&#8220;, un\u2019esposizione immersiva ed imponente destinata ad incantare adulti e bambini. L\u2019evento \u00e8 organizzato dall\u2019Associazione di Promozione Sociale Conexo in collaborazione con Naturaliter, creatrice delle magnifiche opere esposte.<\/p>\n<p>La mostra porter\u00e0 nel cuore del centro storico una collezione straordinaria di <strong>creature mitologiche<\/strong> a grandezza naturale. Realizzate con una maestria artigianale di altissimo livello, le sculture saranno immerse in un percorso curato nei minimi dettagli, tra giochi di luce e atmosfere avvolgenti che faranno letteralmente respirare il mito. Non si tratter\u00e0 di una semplice esposizione, ma di un vero e proprio portale verso l\u2019ignoto.<\/p>\n<p>Un\u2019occasione unica per le famiglie e per gli appassionati del genere fantasy e storico di trovarsi faccia a faccia con i protagonisti delle leggende pi\u00f9 affascinanti dell\u2019umanit\u00e0. Biglietto ridotto (5 euro) per i bambini dai 3 ai 10 anni e per gli over 65, e gratuit\u00e0 completa per i piccolissimi da 0 a 2 anni e per le persone con disabilit\u00e0. I biglietti sono ufficialmente disponibili in prevendita sul sito ufficiale di &#8220;Mythos &#8211; Creature Fantastiche&#8221;.<\/p>\n","protected":false},"excerpt":{"rendered":"Da sabato 5 settembre all\u201911 ottobre 2026, la suggestiva cornice dell\u2019Ex Cavallerizza in Piazzale Verdi aprir\u00e0 le sue&hellip;\n","protected":false},"author":3,"featured_media":659094,"comment_status":"","ping_status":"","sticky":false,"template":"","format":"standard","meta":{"footnotes":"","_share_on_mastodon":"0"},"categories":[1446],"tags":[1615,1613,1614,1611,1610,263869,1612,203,204,1537,90,89,5287,30144,632,2893],"class_list":["post-659093","post","type-post","status-publish","format-standard","has-post-thumbnail","category-arte-e-design","tag-arte","tag-arte-e-design","tag-arteedesign","tag-arts","tag-arts-and-design","tag-cavallerizza","tag-design","tag-entertainment","tag-intrattenimento","tag-it","tag-italia","tag-italy","tag-lucca","tag-mito","tag-mostra","tag-prende"],"share_on_mastodon":{"url":"https:\/\/pubeurope.com\/@it\/117193817601576523","error":""},"_links":{"self":[{"href":"https:\/\/www.europesays.com\/it\/wp-json\/wp\/v2\/posts\/659093","targetHints":{"allow":["GET"]}}],"collection":[{"href":"https:\/\/www.europesays.com\/it\/wp-json\/wp\/v2\/posts"}],"about":[{"href":"https:\/\/www.europesays.com\/it\/wp-json\/wp\/v2\/types\/post"}],"author":[{"embeddable":true,"href":"https:\/\/www.europesays.com\/it\/wp-json\/wp\/v2\/users\/3"}],"replies":[{"embeddable":true,"href":"https:\/\/www.europesays.com\/it\/wp-json\/wp\/v2\/comments?post=659093"}],"version-history":[{"count":0,"href":"https:\/\/www.europesays.com\/it\/wp-json\/wp\/v2\/posts\/659093\/revisions"}],"wp:featuredmedia":[{"embeddable":true,"href":"https:\/\/www.europesays.com\/it\/wp-json\/wp\/v2\/media\/659094"}],"wp:attachment":[{"href":"https:\/\/www.europesays.com\/it\/wp-json\/wp\/v2\/media?parent=659093"}],"wp:term":[{"taxonomy":"category","embeddable":true,"href":"https:\/\/www.europesays.com\/it\/wp-json\/wp\/v2\/categories?post=659093"},{"taxonomy":"post_tag","embeddable":true,"href":"https:\/\/www.europesays.com\/it\/wp-json\/wp\/v2\/tags?post=659093"}],"curies":[{"name":"wp","href":"https:\/\/api.w.org\/{rel}","templated":true}]}}