{"id":659131,"date":"2026-09-01T04:46:20","date_gmt":"2026-09-01T04:46:20","guid":{"rendered":"https:\/\/www.europesays.com\/it\/659131\/"},"modified":"2026-09-01T04:46:20","modified_gmt":"2026-09-01T04:46:20","slug":"rowe-va-allatalanta-ecco-le-cifre-dellaffare-al-bologna-arriva-mbangula-la-repubblica","status":"publish","type":"post","link":"https:\/\/www.europesays.com\/it\/659131\/","title":{"rendered":"Rowe va all\u2019Atalanta, ecco le cifre dell\u2019affare. Al Bologna arriva Mbangula &#8211; la Repubblica"},"content":{"rendered":"<ol>\n<li><a href=\"https:\/\/news.google.com\/rss\/articles\/CBMiswFBVV95cUxNcjB4NnVSbDAzMGZFNTNvc3VFM1FwTWpyTGNLckxfODh0bFFzVzR0TVhjYnlrbHAtLUNWaVJOZTJSTk1vZG9YUlR5cHprMUwyb2MxWlNsYjRwWUZ0Ym1NUDlDZUpYVFJsU3I2eTdVVDF3TXhpanBoZ09qV2RBQzhSSlpSUURCSncxNGVCTkNhV3N0dEtfeFU0QWY4dmhZeEY1ckZqR3NZcEJfUDdBQ0Q3czY5MA?oc=5\" target=\"_blank\" rel=\"nofollow noopener\">Rowe va all\u2019Atalanta, ecco le cifre dell\u2019affare. Al Bologna arriva Mbangula<\/a>&nbsp;&nbsp;la Repubblica<\/li>\n<li><a href=\"https:\/\/news.google.com\/rss\/articles\/CBMi2gFBVV95cUxQRlhHd2ZmVGZldElMQzQ1Wk9BTUg5RTFNakFESDl3eHFDMFc4MGpQYmZXUGdwZ3c5bExlVDVEVFpSVGdPRjVIYWIyQzZmV2RjbGtfUV9rYU1qejF1V0kyNTl0Snpfc3l0SFpIR0FpUHFTTDJyWlZtd1JMM0RwMXU2ekpYX3R1UXRhRnkzanIxSWRNRENjNnBqZ2kyaklwRktISnZyQTBLNHBWZUpMMmJ3Wi1zbG9BNUdZaUFVUjM5Z05GdHVkdDN4U2xBd2VnUlR3WS1US1hqaHVRUQ?oc=5\" target=\"_blank\" rel=\"nofollow noopener\">Atalanta finalizzato l\u2019accordo per Rowe: prestito con obbligo di riscatto dal Bologna<\/a>&nbsp;&nbsp;L&#8217;Eco di Bergamo<\/li>\n<li><a href=\"https:\/\/news.google.com\/rss\/articles\/CBMingFBVV95cUxQWFpibjdBZzM0NXVRSnN6aEZKMldVV19naG93WHdEenEyTTJuczZvdzl2OVlGeHB6ZUVlcV9WWHY2cWxWTUZlSC1SdEdRcXRDMndQQ2w0cFZJX3FUNHZwMlBnS1E0SnBWVzhuQ3I1N2VSOG0yZUQycFdXRUl2NFRWQnNBVmI1NWhjZzBNSzJ0R1pfV1Zha1ZQMll2Vnlpd9IBoAFBVV95cUxPQS1iY1c4Uk1kSTFMNjh1MVl6QlV0a2s3S2IzcW83aWRhZmRMaGhDNUxoSVpNOFE3LUt0cXM4alhUSUJ0MEZqZ1FyUU92NS15a2ZEVEtFMTIxUVZKZ3Fld0RKVEdXM0FXSnZqdW9WTVlZWmFOY3BGLVYxdURmQzFmZlhGSGtjV3dqTkFSY1dHX2syUjgwT2ZVOE5CTjh2NlI2?oc=5\" target=\"_blank\" rel=\"nofollow noopener\">Tutta la verit\u00e0<\/a>&nbsp;&nbsp;Corriere dello Sport<\/li>\n<li><a href=\"https:\/\/news.google.com\/rss\/articles\/CBMiyAFBVV95cUxNaW5XM0tGX1l6NFI3R2UzVEp0VW9zbG9mTHVrMW9tRUR6dFdDc1A0TXg3dF91LS1oSU80NlktRDloX2pFQVdRclRRdGhPVlhHUVp6R1g1WUFDUzgzVVVKZjFibEt6Q0NJVlRyVnVubnZzYXZqWXJUTlNXMWV4Q1RNLVVEZzFCV1hyRkI3WHVuNTM1RnluM2dRaV9tTGZmVW11VUhxUDI1NmxKaUd6ekZXMkU2UjhCdmRfeFpmM3REbWtDWWs2a0trb9IBzgFBVV95cUxQQTdNNVpQN2NaOEk4UHRTalN4WFBPeURTWmo0NGhHT3U5WVV5MTk5UVZpcGZJU2E3UzQ2RkVuR29yRkNUem53S09lYlUweGpJUVZQWVJ1S3NHenRoSURBNU16cVpjbEw5aTFDbjZieGhFMGIxTUtEYVJfVlpNLXBQNjJjUVlLMkRDUm9zNU95XzFFN3Z3cUFuR2k3LVM1WWFEVF9PbUVLUFV0NjFnY1Z1cWFmbG5JRUM5Vm8yT0oyYXQtMmJidDZCZzkyUzR5UQ?oc=5\" target=\"_blank\" rel=\"nofollow noopener\">Calciomercato: Rowe, il prezzo ancora non \u00e8 giusto. L&#8217;Atalanta \u00e8 ferma a 35 milioni e ci prova proponendo de Roon<\/a>&nbsp;&nbsp;Corriere di Bologna<\/li>\n<li><a href=\"https:\/\/news.google.com\/rss\/articles\/CBMiwwFBVV95cUxNTlNoMnhoZ0VXcHl1TVhwUWZuY0pJcUtfTEFnTkNmQ3VPM0dxdU5TeWRsLXl5UnpNcnBCVTNNbGZVRk0tUVRjcWtBX1d3R0toM2Y0VUNsT3Rsd2ZtQUo5SXpubHpOWnB5ZVRkT0Fab3RVTlcwNDdQalZuTUtpLUt1VHFBU3dzWkdYRE9xN2FUdC15aTZySjRWTDhfRUlPcU8wMGJITVJvODk5ekUzcFNtV3pCRFFFLTlvd2dlZ0J1c2wxQ2_SAXhBVV95cUxQVy03a2lKeFBrR1VNNldaSzlPRnl3bzBYcHdTNUNydjN0TVloQ0tfcjlJMGZwRkNxN1JNY2xtTERUNUdySHVvRHJ5Q0FpX1BvMndzT2xSRmIzTklkZnZ5MXhxb01McFJQUFBXNF9VdlhlUVU1YUdLdzY?oc=5\" target=\"_blank\" rel=\"nofollow noopener\">Giuntoli su Rowe: &#8220;C&#8217;\u00e8 volont\u00e0 di cogliere le opportunit\u00e0&#8221;<\/a>&nbsp;&nbsp;Sportmediaset<\/li>\n<\/ol>\n","protected":false},"excerpt":{"rendered":"Rowe va all\u2019Atalanta, ecco le cifre dell\u2019affare. Al Bologna arriva Mbangula&nbsp;&nbsp;la Repubblica Atalanta finalizzato l\u2019accordo per Rowe: prestito&hellip;\n","protected":false},"author":3,"featured_media":565452,"comment_status":"","ping_status":"","sticky":false,"template":"","format":"standard","meta":{"footnotes":"","_share_on_mastodon":"0"},"categories":[6],"tags":[14,8,1537,90,89,7,15,82,9,83,10,13,11,80,84,12,81,85],"class_list":["post-659131","post","type-post","status-publish","format-standard","has-post-thumbnail","category-ultime-notizie","tag-cronaca","tag-headlines","tag-it","tag-italia","tag-italy","tag-news","tag-notizie","tag-notizie-di-cronaca","tag-notizie-principali","tag-notiziedicronaca","tag-notizieprincipali","tag-titoli","tag-ultime-notizie","tag-ultime-notizie-di-cronaca","tag-ultime-notizie-e-news-di-oggi","tag-ultimenotizie","tag-ultimenotiziedicronaca","tag-ultimenotizieenewsdioggi"],"share_on_mastodon":{"url":"https:\/\/pubeurope.com\/@it\/117193970967938232","error":""},"_links":{"self":[{"href":"https:\/\/www.europesays.com\/it\/wp-json\/wp\/v2\/posts\/659131","targetHints":{"allow":["GET"]}}],"collection":[{"href":"https:\/\/www.europesays.com\/it\/wp-json\/wp\/v2\/posts"}],"about":[{"href":"https:\/\/www.europesays.com\/it\/wp-json\/wp\/v2\/types\/post"}],"author":[{"embeddable":true,"href":"https:\/\/www.europesays.com\/it\/wp-json\/wp\/v2\/users\/3"}],"replies":[{"embeddable":true,"href":"https:\/\/www.europesays.com\/it\/wp-json\/wp\/v2\/comments?post=659131"}],"version-history":[{"count":0,"href":"https:\/\/www.europesays.com\/it\/wp-json\/wp\/v2\/posts\/659131\/revisions"}],"wp:featuredmedia":[{"embeddable":true,"href":"https:\/\/www.europesays.com\/it\/wp-json\/wp\/v2\/media\/565452"}],"wp:attachment":[{"href":"https:\/\/www.europesays.com\/it\/wp-json\/wp\/v2\/media?parent=659131"}],"wp:term":[{"taxonomy":"category","embeddable":true,"href":"https:\/\/www.europesays.com\/it\/wp-json\/wp\/v2\/categories?post=659131"},{"taxonomy":"post_tag","embeddable":true,"href":"https:\/\/www.europesays.com\/it\/wp-json\/wp\/v2\/tags?post=659131"}],"curies":[{"name":"wp","href":"https:\/\/api.w.org\/{rel}","templated":true}]}}