{"id":659181,"date":"2026-09-01T05:40:22","date_gmt":"2026-09-01T05:40:22","guid":{"rendered":"https:\/\/www.europesays.com\/it\/659181\/"},"modified":"2026-09-01T05:40:22","modified_gmt":"2026-09-01T05:40:22","slug":"aggredisce-la-compagna-la-insegue-al-pronto-soccorso-e-poi-si-scaglia-contro-linfermiere-che-aveva-protetto-la-donna","status":"publish","type":"post","link":"https:\/\/www.europesays.com\/it\/659181\/","title":{"rendered":"Aggredisce la compagna, la insegue al pronto soccorso e poi si scaglia contro l&#8217;infermiere che aveva protetto la donna"},"content":{"rendered":"<p>    di<br \/>\n    Dimitri Canello<\/p>\n<p class=\"summary-art is-line-h-12\">Treviso, una donna \u00e8 arrivata raccontando di essere stata aggredita dal compagno, che si \u00e8 presentato poco dopo. L&#8217;uomo, respinto dal Triage, \u00e8 stato bloccato dagli addetti alla vigilanza<\/p>\n<p class=\"chapter-paragraph\">Era arrivata al Pronto soccorso dell\u2019ospedale di <b>Treviso <\/b>nel cuore della notte, dopo aver raccontato di essere stata\u00a0<a href=\"https:\/\/corrieredelveneto.corriere.it\/notizie\/venezia-mestre\/cronaca\/26_agosto_29\/il-funerale-di-tania-terrin-uccisa-dall-ex-a-camponogara-il-parroco-la-prima-responsabilita-e-della-politica-af33e6e5-80c0-4e62-ab61-ce672a6b5xlk.shtml\" title=\"Il funerale di Tania Terrin, uccisa dall&#039;ex a Camponogara. Il parroco: \u00abLa prima responsabilit\u00e0 \u00e8 della politica\u00bb\" rel=\"nofollow noopener\" target=\"_blank\">aggredita fisicamente dal compagno<\/a>. Ma quella che doveva essere la conclusione di una notte di paura si \u00e8 trasformata in un nuovo episodio di violenza, questa volta all\u2019interno dell\u2019ospedale e <b>ai danni di un infermiere<\/b>. \u00c8 accaduto alle 3.15. La donna, accompagnata al Pronto soccorso, \u00e8 stata presa in carico dall\u2019infermiere in servizio al Triage, che dopo aver raccolto le prime informazioni<b> l\u2019ha fatta accomodare<\/b> in sicurezza nell\u2019area rossa. Con il medico presente, la paziente ha quindi potuto raccontare quanto accaduto e riferire i <b>traumi riportati nell\u2019aggressione<\/b>.<\/p>\n<p>    In pronto soccorso<\/p>\n<p class=\"chapter-paragraph\">Nel frattempo, per\u00f2, all\u2019esterno della postazione del Triage si \u00e8 presentato proprio l\u2019uomo indicato dalla donna come il <b>responsabile <\/b>della violenza. Il presunto compagno ha chiesto informazioni sulla presenza della donna, ma l\u2019infermiere, applicando le procedure previste dal protocollo aziendale,<b> non ha fornito alcuna informazione<\/b>. L\u2019uomo si \u00e8 inizialmente allontanato, per poi tornare poco dopo allo sportello del Triage e insistere con le proprie domande. Di fronte al rifiuto dell\u2019operatore, il suo atteggiamento sarebbe diventato sempre pi\u00f9 aggressivo: ha iniziato a <b>urlare<\/b>, accusando l\u2019infermiere di mentire, fino a oltrepassare la postazione riservata al personale sanitario.    &#13;<br \/>\n&#13;<br \/>\n&#13;<br \/>\n&#13;<br \/>\n&#13;<br \/>\n&#13;<br \/>\n&#13;<br \/>\n&#13;<br \/>\n&#13;<br \/>\n&#13;<br \/>\n&#13;<br \/>\n&#13;<br \/>\n&#13;<br \/>\n&#13;<br \/>\n&#13;<br \/>\n&#13;<br \/>\n&#13;<br \/>\n&#13;<br \/>\n&#13;<br \/>\n&#13;<br \/>\n&#13;<br \/>\n&#13;<br \/>\n&#13;<br \/>\n&#13;<br \/>\n&#13;<br \/>\n&#13;<br \/>\n&#13;<br \/>\n&#13;<br \/>\n&#13;<br \/>\n&#13;<br \/>\n&#13;<br \/>\n&#13;<br \/>\n&#13;<br \/>\n&#13;<br \/>\n&#13;<br \/>\n&#13;<br \/>\n&#13;<br \/>\n&#13;<br \/>\n&#13;<br \/>\n&#13;<br \/>\n&#13;<br \/>\n&#13;<br \/>\n&#13;<br \/>\n&#13;<br \/>\n&#13;<br \/>\n&#13;<br \/>\n&#13;<br \/>\n&#13;<br \/>\n&#13;<br \/>\n&#13;<br \/>\n&#13;<br \/>\n&#13;<br \/>\n&#13;\n<\/p>\n<p>    L&#8217;aggressione<\/p>\n<p class=\"chapter-paragraph\">A quel punto la situazione \u00e8 <b>degenerata<\/b>. L\u2019uomo avrebbe afferrato l\u2019infermiere per il collo e lo avrebbe spinto con violenza contro una porta scorrevole, provocandogli traumi al collo e alla nuca. L\u2019aggressione \u00e8 stata fortunatamente interrotta dal tempestivo intervento degli addetti alla vigilanza, che sono riusciti ad <b>allontanare l\u2019uomo <\/b>dalla postazione. Una volta rientrato negli spazi interni, l\u2019infermiere ha fatto scattare le procedure di emergenza previste in caso di aggressione: ha azionato il braccialetto anti-violenza, allertato i colleghi e<b> contattato le forze dell\u2019ordine<\/b>. Gli agenti, giunti poco dopo in ospedale, hanno raccolto la sua testimonianza e preso in consegna l\u2019aggressore, accompagnandolo fuori dalla struttura. L\u2019infermiere \u00e8 stato quindi sottoposto agli accertamenti sanitari. Al termine della visita \u00e8 stato dimesso con una prognosi di <b>sette giorni<\/b>.<\/p>\n<p>    Solidariet\u00e0<\/p>\n<p class=\"chapter-paragraph\">L\u2019episodio ha suscitato la dura condanna del direttore generale, Giancarlo Bizzarri. \u00abAll\u2019infermiere vittima dell\u2019aggressione va tutta la nostra vicinanza e <b>solidariet\u00e0<\/b>. A lui, come a tutti i nostri operatori che si trovano ad affrontare utenti immotivatamente aggressivi, va la comprensione e il grazie nostro e di tutti gli assistiti che quotidianamente plaudono alla qualit\u00e0 dell\u2019assistenza che il nostro personale garantisce, con <b>professionalit\u00e0 <\/b>e dedizione\u00bb. \u00abNon possiamo tollerare \u2013 prosegue Bizzarri \u2013 che chi applica rigorosamente i protocolli a tutela delle persone e dedica la propria professionalit\u00e0 alla cura diventi bersaglio di una violenza cos\u00ec cieca e brutale. L\u2019Azienda si \u00e8 gi\u00e0 attivata per offrire il massimo supporto all\u2019infermiere coinvolto, che ha agito con grande <b>correttezza <\/b>e senso del dovere\u00bb. Il direttore generale ha infine rivolto un ringraziamento al personale di vigilanza e alle forze dell\u2019ordine per l\u2019intervento. \u00abStiamo facendo e continueremo a fare tutto il possibile sul fronte della prevenzione, della formazione e dell\u2019utilizzo della <b>tecnologia <\/b>per proteggere chi lavora nella nostra Azienda. Gli operatori sanitari sono al nostro servizio per tutelare la nostra salute\u00bb.<\/p>\n<p class=\"chapter-paragraph\">Sull&#8217;accaduto \u00e8 intervenuto anche il presidente della Regione Veneto <b>Alberto Stefani<\/b>:\u00a0\u00abAncora un inaccettabile atto di violenza contro un operatore della sanit\u00e0 che sta svolgendo il suo lavoro, gi\u00e0 difficile anche senza i comportamenti assurdi di persone prive di controllo e di senso civico. L&#8217;infermiere aggredito la scorsa notte al Pronto soccorso di Treviso ha tutta<br \/>la mia <b>solidariet\u00e0<\/b>, con l&#8217;augurio di una pronta guarigione. Episodi come quello di Treviso &#8211; aggiunge Stefani &#8211; sono davvero troppo frequenti. Oltre alla gravit\u00e0 del gesto colpisce e addolora che ancora ci sia nella societ\u00e0 veneta chi non sa portare il dovuto rispetto a lavoratori che si prodigano giorno e notte per <b>assistere <\/b>chi ha problemi di salute. Un malvezzo che deve finire, con l&#8217;impegno di tutta la societ\u00e0 civile e anche con forme di <b>deterrenza <\/b>pi\u00f9 incisive\u00bb.<\/p>\n<p class=\"is-mr-t-20 is-mr-b-20\"><b><br \/>\n                                    <a href=\"https:\/\/corrieredelveneto.corriere.it\/treviso\/?intcmp=Notizielocali_nd_010623_corriere_ss_treviso\" target=\"_blank\" rel=\"nofollow noopener\">Vai a tutte le notizie di Treviso<\/a><br \/>\n                        <\/b><\/p>\n<p class=\"chapter-paragraph\"><b><a href=\"https:\/\/www.corriere.it\/newsletter\/?theme=39&amp;intcmp=NL-artic_nd_060624_corriere_ss_veneto\" target=\"_blank\" rel=\"nofollow noopener\">Iscriviti alla newsletter del Corriere del Veneto<\/a><\/b><\/p>\n<p class=\"is-last-update\" datetime=\"2026-08-31T15:56:18+02:00\">31 agosto 2026<\/p>\n<p class=\"is-copyright\">\n            \u00a9 RIPRODUZIONE RISERVATA\n        <\/p>\n","protected":false},"excerpt":{"rendered":"di Dimitri Canello Treviso, una donna \u00e8 arrivata raccontando di essere stata aggredita dal compagno, che si \u00e8&hellip;\n","protected":false},"author":3,"featured_media":659182,"comment_status":"","ping_status":"","sticky":false,"template":"","format":"standard","meta":{"footnotes":"","_share_on_mastodon":"0"},"categories":[6],"tags":[500,3473,363596,45085,4593,6315,4072,140242,10216,3340,14,1109,1731,9162,769,2688,1346,8,14823,1173,327,1537,90,89,7,15,82,9,83,10,4476,37210,7872,6183,812,858,4843,3036,65511,7876,43843,1917,5133,49788,240,18675,2677,669,11115,5907,13,442,2863,11,80,84,12,81,85,93093,1467],"class_list":["post-659181","post","type-post","status-publish","format-standard","has-post-thumbnail","category-ultime-notizie","tag-accaduto","tag-addetti","tag-addetti-vigilanza","tag-aggredita","tag-aggressione","tag-arrivata","tag-azienda","tag-bizzarri","tag-collo","tag-compagno","tag-cronaca","tag-direttore","tag-donna","tag-episodio","tag-forze","tag-forze-ordine","tag-fronte","tag-headlines","tag-infermiere","tag-informazioni","tag-intervento","tag-it","tag-italia","tag-italy","tag-news","tag-notizie","tag-notizie-di-cronaca","tag-notizie-principali","tag-notiziedicronaca","tag-notizieprincipali","tag-notte","tag-operatore","tag-operatori","tag-ordine","tag-ospedale","tag-personale","tag-postazione","tag-presentato","tag-previste","tag-procedure","tag-professionalita","tag-pronto","tag-pronto-soccorso","tag-raccolto","tag-salute","tag-sanitari","tag-senso","tag-servizio","tag-soccorso","tag-solidarieta","tag-titoli","tag-treviso","tag-triage","tag-ultime-notizie","tag-ultime-notizie-di-cronaca","tag-ultime-notizie-e-news-di-oggi","tag-ultimenotizie","tag-ultimenotiziedicronaca","tag-ultimenotizieenewsdioggi","tag-vigilanza","tag-violenza"],"share_on_mastodon":{"url":"","error":"Validation failed: Text character limit of 500 exceeded"},"_links":{"self":[{"href":"https:\/\/www.europesays.com\/it\/wp-json\/wp\/v2\/posts\/659181","targetHints":{"allow":["GET"]}}],"collection":[{"href":"https:\/\/www.europesays.com\/it\/wp-json\/wp\/v2\/posts"}],"about":[{"href":"https:\/\/www.europesays.com\/it\/wp-json\/wp\/v2\/types\/post"}],"author":[{"embeddable":true,"href":"https:\/\/www.europesays.com\/it\/wp-json\/wp\/v2\/users\/3"}],"replies":[{"embeddable":true,"href":"https:\/\/www.europesays.com\/it\/wp-json\/wp\/v2\/comments?post=659181"}],"version-history":[{"count":0,"href":"https:\/\/www.europesays.com\/it\/wp-json\/wp\/v2\/posts\/659181\/revisions"}],"wp:featuredmedia":[{"embeddable":true,"href":"https:\/\/www.europesays.com\/it\/wp-json\/wp\/v2\/media\/659182"}],"wp:attachment":[{"href":"https:\/\/www.europesays.com\/it\/wp-json\/wp\/v2\/media?parent=659181"}],"wp:term":[{"taxonomy":"category","embeddable":true,"href":"https:\/\/www.europesays.com\/it\/wp-json\/wp\/v2\/categories?post=659181"},{"taxonomy":"post_tag","embeddable":true,"href":"https:\/\/www.europesays.com\/it\/wp-json\/wp\/v2\/tags?post=659181"}],"curies":[{"name":"wp","href":"https:\/\/api.w.org\/{rel}","templated":true}]}}