{"id":659185,"date":"2026-09-01T05:53:17","date_gmt":"2026-09-01T05:53:17","guid":{"rendered":"https:\/\/www.europesays.com\/it\/659185\/"},"modified":"2026-09-01T05:53:17","modified_gmt":"2026-09-01T05:53:17","slug":"ufficiale-venezia-ingaggiato-juan-jesus","status":"publish","type":"post","link":"https:\/\/www.europesays.com\/it\/659185\/","title":{"rendered":"UFFICIALE &#8211; Venezia, ingaggiato Juan Jesus"},"content":{"rendered":"<p>Juan Jesus al Venezia: la nota ufficiale<\/p>\n<p>&#8220;<strong>Il Venezia FC comunica di aver tesserato il difensore Juan Jesus. Il giocatore ha firmato un accordo che lo legher\u00e0 al club arancioneroverde fino al termine della stagione 2026\/27, con rinnovo di un anno al verificarsi di determinate condizioni.<\/strong><\/p>\n<p>Cresciuto nel settore giovanile dello Sport Club Internacional, Juan Jesus debutta in prima squadra nella stagione 2009\/10, al termine della quale collezioner\u00e0 la vittoria della Coppa Libertadores.<\/p>\n<p>Successivamente, nel gennaio 2012, arriva in Italia, all\u2019Inter. Complessivamente, con il club nerazzurro collezioner\u00e0 142 presenze, 1 gol e 3 assist.<\/p>\n<p>Nella stagione 2016\/17 passa alla Roma, club nel quale rimane cinque stagioni, mettendo complessivamente a referto 102 presenze, 1 gol e 1 assist.<\/p>\n<p>Nell\u2019estate 2021 arriva al Napoli. In maglia azzurra colleziona 130 presenze, 5 gol e 2 assist. Si laurea due volte Campione d\u2019Italia nelle stagioni 2022\/23 e 2024\/25 e prende parte al successo del Napoli nella Supercoppa Italiana 2025\/26.<\/p>\n<p>Juan Jesus consegue diversi successi anche con le formazioni giovanili del Brasile, quali il Campionato sudamericano Under 20 (2011) e il Mondiale Under 20 (2011). Fa il suo esordio in Nazionale maggiore nel maggio 2012 in un\u2019amichevole contro la Danimarca e, complessivamente, colleziona 4 presenze con il Brasile.<\/p>\n<p>Juan Jesus vanta, inoltre, complessivamente 280 presenze in Serie A, con 5 gol e 2 assist, 37 presenze in Europa League e 24 presenze in Champions League.<\/p>\n<p>Juan Jesus, difensore Venezia FC.<br \/>\u201cSono arrivato in una citt\u00e0 bellissima e in una realt\u00e0 con un progetto importante e ambizioso. Sono davvero contento di essere qua e sono pronto a dare il mio contributo, mettendo a disposizione della squadra tutta la mia esperienza. Prover\u00f2 a dare ai miei compagni serenit\u00e0, tranquillit\u00e0 e in generale sostegno dentro e fuori dal campo. Questa \u00e8 sempre stata una mia caratteristica e sono pronto a mettermi a disposizione con tutta l\u2019umilt\u00e0 possibile. Sar\u00e0 davvero bello giocare in questa squadra e mi far\u00e0 un certo effetto giocare con Filip Stankovic che conosco da quando ha 9 anni, avendo io giocato con suo padre. Ci tengo a mandare un grande saluto a tutti i tifosi del Venezia, li aspetto allo stadio per sostenerci e toglierci delle belle soddisfazioni insieme. Voglio infine ringraziare mia moglie, il mio procuratore e tutte le persone che mi sono state vicino in questi ultimi mesi\u201d.<\/p>\n<p>Benvenuto in arancioneroverde, Juan&#8221;.<\/p>\n","protected":false},"excerpt":{"rendered":"Juan Jesus al Venezia: la nota ufficiale &#8220;Il Venezia FC comunica di aver tesserato il difensore Juan Jesus.&hellip;\n","protected":false},"author":3,"featured_media":603235,"comment_status":"","ping_status":"","sticky":false,"template":"","format":"standard","meta":{"footnotes":"","_share_on_mastodon":"0"},"categories":[1452],"tags":[721,719,720,1740,1537,90,89,251,1739,245,244],"class_list":["post-659185","post","type-post","status-publish","format-standard","has-post-thumbnail","category-calcio","tag-calcio","tag-fanta","tag-fantacalcio","tag-football","tag-it","tag-italia","tag-italy","tag-serie-a","tag-soccer","tag-sport","tag-sports"],"share_on_mastodon":{"url":"https:\/\/pubeurope.com\/@it\/117194234693167840","error":""},"_links":{"self":[{"href":"https:\/\/www.europesays.com\/it\/wp-json\/wp\/v2\/posts\/659185","targetHints":{"allow":["GET"]}}],"collection":[{"href":"https:\/\/www.europesays.com\/it\/wp-json\/wp\/v2\/posts"}],"about":[{"href":"https:\/\/www.europesays.com\/it\/wp-json\/wp\/v2\/types\/post"}],"author":[{"embeddable":true,"href":"https:\/\/www.europesays.com\/it\/wp-json\/wp\/v2\/users\/3"}],"replies":[{"embeddable":true,"href":"https:\/\/www.europesays.com\/it\/wp-json\/wp\/v2\/comments?post=659185"}],"version-history":[{"count":0,"href":"https:\/\/www.europesays.com\/it\/wp-json\/wp\/v2\/posts\/659185\/revisions"}],"wp:featuredmedia":[{"embeddable":true,"href":"https:\/\/www.europesays.com\/it\/wp-json\/wp\/v2\/media\/603235"}],"wp:attachment":[{"href":"https:\/\/www.europesays.com\/it\/wp-json\/wp\/v2\/media?parent=659185"}],"wp:term":[{"taxonomy":"category","embeddable":true,"href":"https:\/\/www.europesays.com\/it\/wp-json\/wp\/v2\/categories?post=659185"},{"taxonomy":"post_tag","embeddable":true,"href":"https:\/\/www.europesays.com\/it\/wp-json\/wp\/v2\/tags?post=659185"}],"curies":[{"name":"wp","href":"https:\/\/api.w.org\/{rel}","templated":true}]}}