{"id":659202,"date":"2026-09-01T06:04:10","date_gmt":"2026-09-01T06:04:10","guid":{"rendered":"https:\/\/www.europesays.com\/it\/659202\/"},"modified":"2026-09-01T06:04:10","modified_gmt":"2026-09-01T06:04:10","slug":"la-manager-di-woolrich-licenziata-andare-via-e-un-sollievo-da-ingenui-lavorare-in-unazienda-e-pensare-di-restarci-a-vita-non-e-una-famiglia-felice-di-non-vedere-piu-alcuni-colleghi","status":"publish","type":"post","link":"https:\/\/www.europesays.com\/it\/659202\/","title":{"rendered":"La manager di Woolrich licenziata: \u00abAndare via \u00e8 un sollievo. Da ingenui lavorare in un\u2019azienda e pensare di restarci a vita, non \u00e8 una famiglia. Felice di non vedere pi\u00f9 alcuni colleghi\u00bb"},"content":{"rendered":"<p>    di<br \/>\n    Marco Madonia<\/p>\n<p class=\"summary-art is-line-h-12\">Daniela d\u2019Amone ha scelto di non trasferirsi da Bologna a Torino, l\u2019accordo sulla buonuscita e il licenziamento: \u00abLa propriet\u00e0 \u00e8 stata consigliata male dai consulenti e ne ha pagato il prezzo. Finalmente \u00e8 finita\u00bb<\/p>\n<p class=\"chapter-paragraph\">\u00abFinalmente \u00e8 finita, penso sia lo stato d\u2019animo di tutti. Si \u00e8 chiuso un cerchio nel migliore dei modi\u00bb.<b> Daniela d\u2019Amon<\/b>e poco dopo le 17 \u00e8 <b>uscita dalla sede di Woolrich<\/b>,\u00a0<a href=\"https:\/\/corrieredibologna.corriere.it\/notizie\/economia\/26_agosto_31\/woolrich-addio-il-conto-finale-a-bologna-i-licenziamenti-sono-78-in-25-vanno-a-torino-2c092d20-a469-40e7-b429-eb6177652xlk.shtml\" title=\"Woolrich, chiude la sede a Bologna: i licenziamenti sono 78, in 25 vanno a Torino\" rel=\"nofollow noopener\" target=\"_blank\">\u00a0il suo ultimo giorno di lavoro<\/a>.\u00a0<\/p>\n<p class=\"chapter-paragraph\">Ha deciso di non trasferirsi a Torino e <b>ha trovato un\u2019intesa sulla buonuscita con la nuova propriet\u00e0<\/b>. \u00abCredo siano stati mal consigliati. <b>Tu non puoi pensare di fare un\u2019operazione del genere in Emilia-Romagna<\/b>. Qui non si pu\u00f2 fare. Poi la Uil ha avuto un atteggiamento irresponsabile, continuava a dire: \u201cguardate che vi cacciano tutti\u201d. Non \u00e8 andata cos\u00ec\u00bb.    &#13;<br \/>\n&#13;<br \/>\n&#13;<br \/>\n&#13;<br \/>\n&#13;<br \/>\n&#13;<br \/>\n&#13;<br \/>\n&#13;<br \/>\n&#13;<br \/>\n&#13;<br \/>\n&#13;<br \/>\n&#13;<br \/>\n&#13;<br \/>\n&#13;<br \/>\n&#13;<br \/>\n&#13;<br \/>\n&#13;<br \/>\n&#13;<br \/>\n&#13;<br \/>\n&#13;<br \/>\n&#13;<br \/>\n&#13;<br \/>\n&#13;<br \/>\n&#13;<br \/>\n&#13;<br \/>\n&#13;<br \/>\n&#13;<br \/>\n&#13;<br \/>\n&#13;<br \/>\n&#13;<br \/>\n&#13;<br \/>\n&#13;<br \/>\n&#13;<br \/>\n&#13;<br \/>\n&#13;<br \/>\n&#13;<br \/>\n&#13;<br \/>\n&#13;<br \/>\n&#13;<br \/>\n&#13;<br \/>\n&#13;<br \/>\n&#13;<br \/>\n&#13;<br \/>\n&#13;<br \/>\n&#13;<br \/>\n&#13;<br \/>\n&#13;<br \/>\n&#13;<br \/>\n&#13;<br \/>\n&#13;<br \/>\n&#13;<br \/>\n&#13;<br \/>\n&#13;\n<\/p>\n<p class=\"chapter-paragraph\"><b>Perch\u00e9?<\/b><br \/>\u00abBasicNet paga una buonuscita a tutti, anche a quelli a cui non era dovuta. Stiamo parlando di cifre importanti, da 30 fino a 100mila euro. Il peggio l\u2019hanno avuto loro. Saranno stati consigliati male dai consulenti, pensare di mandare a casa la gente cos\u00ec \u00e8 da pazzi\u00bb<\/p>\n<p class=\"chapter-paragraph\"><b>Lei di cosa si occupava?<\/b><br \/>\u00abEro office manager e executive assistant. In dieci anni ho lavorato con tutti e quattro gli amministratori delegati che si sono succeduti. Il nuovo ad, Davide Piccolo, si \u00e8 dimostrata una brava persona. La verit\u00e0 \u00e8 che era da ipocriti fare finta di non sapere che Woolrich sarebbe stata venduta\u00bb.<\/p>\n<p class=\"chapter-paragraph\"><b>Perch\u00e9 ha deciso di non andare a Torino?<\/b><br \/>\u00abHo un figlio di 15 anni, un\u2019et\u00e0 nella quale mica si pu\u00f2 sradicare. Poi devo dire che ero stanca, gli  ultimi due anni sono stati molto pesanti\u00bb.<\/p>\n<p class=\"chapter-paragraph\"><b>Iscritta al sindacato?<\/b><br \/>\u00abDi sindacato non ne ho mai voluto sapere. Mi sono iscritta alla Cgil perch\u00e9 ho avuto piena fiducia nel funzionario, Matteo Fabbri, che si \u00e8 dimostrato molto capace. Io poi non sono  nemmeno di sinistra\u00bb.<\/p>\n<p class=\"chapter-paragraph\"><b>E come mai si \u00e8 iscritta alla Cgil?<\/b><br \/>\u00abIo non voter\u00f2 mai a sinistra, ma ho a cuore il bene comune. In questo caso la Cgil si \u00e8 comportata in modo impeccabile\u00bb.<\/p>\n<p class=\"chapter-paragraph\"><b>Non sembra cos\u00ec demoralizzata per l\u2019ultimo giorno di lavoro.<\/b><br \/>\u00abE cosa devo fare? Nel 2026 lavorare in un\u2019 azienda privata e pensare di restarci tutta la vita \u00e8  una cosa da ingenui\u00bb.<\/p>\n<p class=\"chapter-paragraph\"><b>E adesso cosa far\u00e0?<\/b><br \/>\u00abHo trovato un altro lavoro, come  la maggiore parte dei miei colleghi\u00bb.<\/p>\n<p class=\"chapter-paragraph\"><b>Sempre nel settore?<\/b><br \/>\u00abNo, assolutamente. Basta con la moda, sono stanca\u00bb.<\/p>\n<p class=\"chapter-paragraph\"><b>Cosa si porta dietro?<\/b><br \/>\u00abUn dispiacere immenso, Woolrich \u00e8 un pezzo importante della mia vita, ho passato il mio 50esimo compleanno a lavorare nell\u2019archivio, a vedere la storia e la passione di un marchio leggendario\u00bb.<\/p>\n<p class=\"chapter-paragraph\"><b>Per\u00f2.<\/b><br \/>\u00abPenso che ci siano cose che vengono prima. Non \u00e8 vero che l\u2019azienda \u00e8 una famiglia o che  ci vogliamo tutti bene. Alcuni colleghi sono contenta di non vederli pi\u00f9. Ho sempre pensato che l\u2019azienda non \u00e8 una cosa mia, mi  deve riconoscere dei diritti che corrispondono ai miei doveri. Poi in questo caso parliamo di un\u2019azienda che \u00e8 stata salvata, mica hanno portato i libri in tribunale\u00bb.<\/p>\n<p class=\"chapter-paragraph\"><b>Anche con i licenziamenti.<\/b><br \/>\u00abSi ma con le buonuscite proporzionali all\u2019anzianit\u00e0 e consentendo a chi era in azienda da meno di avere comunque un sostegno\u00bb.<\/p>\n<p class=\"chapter-paragraph\"><b>Saranno stati mesi duri.<\/b><br \/>\u00abAll\u2019inizio tanta ansia. Gli ultimi due anni sono stati un\u2019agonia perch\u00e9 si sapeva che sarebbe stata venduta. Non sapevano a chi o quando ma la cessione era certa. Basta essere lucidi,  per me \u00e8 stata dura perch\u00e9 amo Woolrich, ma nella vita bisogna dire basta e capire quando  farla finita\u00bb.<\/p>\n<p class=\"chapter-paragraph\"><b>A Bologna non rester\u00e0 pi\u00f9 nulla dell\u2019azienda<\/b><br \/>\u00abWoolrich \u00e8 un marchio bolognese, c\u2019\u00e8 stata la lotta per tenerla qui ma era chiaro gi\u00e0 dall\u2019inizio che sarebbe andata male. Ci siamo battuti fino a quando era possibile poi bisogna avere l\u2019onesta intellettuale di riconoscere che loro avevano tutto il diritto di concentrare le attivit\u00e0 nel loro quartiere generale\u00bb.<\/p>\n<p class=\"is-mr-t-20 is-mr-b-20\"><b><br \/>\n                    <a href=\"https:\/\/corrieredibologna.corriere.it\/?intcmp=Notizielocali_nd_010623_corriere_ss_bologna\" target=\"_blank\" rel=\"nofollow noopener\">Vai a tutte le notizie di Bologna<\/a><br \/>\n            <\/b><\/p>\n<p class=\"chapter-paragraph\"><b><a href=\"https:\/\/www.corriere.it\/newsletter\/?theme=38&amp;intcmp=NL-artic_nd_050624_corriere_ss_bologna\" target=\"_blank\" rel=\"nofollow noopener\">Iscriviti alla newsletter del Corriere di Bologna<\/a><\/b><\/p>\n<p class=\"is-last-update\" datetime=\"2026-09-01T06:30:10+02:00\">1 settembre 2026<\/p>\n<p class=\"is-copyright\">\n            \u00a9 RIPRODUZIONE RISERVATA\n        <\/p>\n","protected":false},"excerpt":{"rendered":"di Marco Madonia Daniela d\u2019Amone ha scelto di non trasferirsi da Bologna a Torino, l\u2019accordo sulla buonuscita e&hellip;\n","protected":false},"author":3,"featured_media":659203,"comment_status":"","ping_status":"","sticky":false,"template":"","format":"standard","meta":{"footnotes":"","_share_on_mastodon":"0"},"categories":[172],"tags":[178,363598,32,1961,4072,3439,586,62310,177,192,2865,7321,11063,44109,363599,3059,1891,1909,846,363600,1302,34022,363601,1537,90,89,3776,363602,2947,6726,25273,5385,363603,4966,14154,363604,10138,9595,903,315,1641,127923],"class_list":["post-659202","post","type-post","status-publish","format-standard","has-post-thumbnail","category-affari","tag-affari","tag-amone","tag-andare","tag-andata","tag-azienda","tag-bisogna","tag-bologna","tag-buonuscita","tag-business","tag-cgil","tag-colleghi","tag-consigliati","tag-consulenti","tag-daniela","tag-daniela-amone","tag-deciso","tag-devo","tag-famiglia","tag-finita","tag-ingenui","tag-inizio","tag-iscritta","tag-iscritta-cgil","tag-it","tag-italia","tag-italy","tag-lavorare","tag-lavorare-azienda","tag-manager","tag-marchio","tag-mica","tag-pensare","tag-pensare-restarci","tag-penso","tag-proprieta","tag-restarci","tag-riconoscere","tag-sapere","tag-sindacato","tag-sinistra","tag-torino","tag-woolrich"],"share_on_mastodon":{"url":"","error":"Validation failed: Text character limit of 500 exceeded"},"_links":{"self":[{"href":"https:\/\/www.europesays.com\/it\/wp-json\/wp\/v2\/posts\/659202","targetHints":{"allow":["GET"]}}],"collection":[{"href":"https:\/\/www.europesays.com\/it\/wp-json\/wp\/v2\/posts"}],"about":[{"href":"https:\/\/www.europesays.com\/it\/wp-json\/wp\/v2\/types\/post"}],"author":[{"embeddable":true,"href":"https:\/\/www.europesays.com\/it\/wp-json\/wp\/v2\/users\/3"}],"replies":[{"embeddable":true,"href":"https:\/\/www.europesays.com\/it\/wp-json\/wp\/v2\/comments?post=659202"}],"version-history":[{"count":0,"href":"https:\/\/www.europesays.com\/it\/wp-json\/wp\/v2\/posts\/659202\/revisions"}],"wp:featuredmedia":[{"embeddable":true,"href":"https:\/\/www.europesays.com\/it\/wp-json\/wp\/v2\/media\/659203"}],"wp:attachment":[{"href":"https:\/\/www.europesays.com\/it\/wp-json\/wp\/v2\/media?parent=659202"}],"wp:term":[{"taxonomy":"category","embeddable":true,"href":"https:\/\/www.europesays.com\/it\/wp-json\/wp\/v2\/categories?post=659202"},{"taxonomy":"post_tag","embeddable":true,"href":"https:\/\/www.europesays.com\/it\/wp-json\/wp\/v2\/tags?post=659202"}],"curies":[{"name":"wp","href":"https:\/\/api.w.org\/{rel}","templated":true}]}}