{"id":659205,"date":"2026-09-01T06:06:17","date_gmt":"2026-09-01T06:06:17","guid":{"rendered":"https:\/\/www.europesays.com\/it\/659205\/"},"modified":"2026-09-01T06:06:17","modified_gmt":"2026-09-01T06:06:17","slug":"di-battista-e-vigile-con-lui-a-cuba-la-compagna-sahra-lahousnia-e-un-amico-lattesa-per-la-diagnosi-e-il-trasferimento-in-italia-domani-o-dopodomani","status":"publish","type":"post","link":"https:\/\/www.europesays.com\/it\/659205\/","title":{"rendered":"\u00abDi Battista \u00e8 vigile\u00bb, con lui a Cuba la compagna Sahra Lahousnia e un amico: l&#8217;attesa per la diagnosi e il trasferimento in Italia (domani o dopodomani)"},"content":{"rendered":"<p>    di<br \/>\n    Emanuele Buzzi e Adriana Logroscino<\/p>\n<p class=\"summary-art is-line-h-12\">Il suo no al volo di Stato e il ruolo del M5S per coprire le spese. Con lui ora ci sono la compagna, un amico e il presidente della sua associazione Schierarsi<\/p>\n<p class=\"chapter-paragraph\">Nuove presenze. Voci amiche e medici arrivati dall\u2019Italia apposta per lui: <a href=\"\"><b>Alessandro Di Battista<\/b> <\/a>vive queste ore ricoverato a L\u2019Avana con la vicinanza di persone a lui care.<a href=\"https:\/\/roma.corriere.it\/notizie\/cronaca\/26_agosto_31\/di-battista-medici-italiani-cuba-5e038603-39cc-4843-9d19-71c6eb732xlk.shtml\" rel=\"nofollow noopener\" target=\"_blank\"> E con l\u2019aiuto di una \u00e9quipe romana.<\/a> L\u2019ex deputato, insomma, non \u00e8 pi\u00f9 fisicamente solo. Con lui c\u2019\u00e8 la compagna, Sahra Lahousnia, un amico dell\u2019ex M5S e il presidente di Schierarsi, Luca Di Giuseppe.\u00a0<\/p>\n<p class=\"chapter-paragraph\">E proprio l\u2019associazione fondata dall\u2019ex parlamentare ha voluto dare un doppio segnale. Non solo la presenza a Cuba del presidente, ma anche un messaggio per tutelare la privacy del suo leader. \u00abSchierarsi <b>ringrazia tutti coloro che, in questi giorni molto complessi, <\/b>hanno fatto sentire il loro amore, la loro vicinanza ed espresso sincera solidariet\u00e0 e sostegno al nostro Alessandro Di Battista e <b>invita a non dare rilevanza n\u00e9 a divulgare qualsiasi forma di notizia non confermata dalla sua famigli<\/b>a\u00bb, si legge in una nota. <a href=\"https:\/\/www.corriere.it\/politica\/26_agosto_30\/di-battista-cosa-e-successo-d6a340f6-7cc7-487a-a62c-49d9d1d61xlk.shtml\" rel=\"nofollow noopener\" target=\"_blank\">\u00abAlessandro \u00e8 vigile, ma non ci sono ancora notizie certe circa la diagnosi medica.<\/a> Tutta la comunit\u00e0 di Schierarsi aspetta al pi\u00f9 presto aggiornamenti ed \u00e8 pronta per fare tutto quel che serve per lui e per la sua famiglia\u00bb, conclude.    &#13;<br \/>\n&#13;<br \/>\n&#13;<br \/>\n&#13;<br \/>\n&#13;<br \/>\n&#13;<br \/>\n&#13;<br \/>\n&#13;<br \/>\n&#13;<br \/>\n&#13;<br \/>\n&#13;<br \/>\n&#13;<br \/>\n&#13;<br \/>\n&#13;<br \/>\n&#13;<br \/>\n&#13;<br \/>\n&#13;<br \/>\n&#13;<br \/>\n&#13;<br \/>\n&#13;<br \/>\n&#13;<br \/>\n&#13;<br \/>\n&#13;<br \/>\n&#13;<br \/>\n&#13;<br \/>\n&#13;<br \/>\n&#13;<br \/>\n&#13;<br \/>\n&#13;<br \/>\n&#13;<br \/>\n&#13;<br \/>\n&#13;<br \/>\n&#13;<br \/>\n&#13;<br \/>\n&#13;<br \/>\n&#13;<br \/>\n&#13;<br \/>\n&#13;<br \/>\n&#13;<br \/>\n&#13;<br \/>\n&#13;<br \/>\n&#13;<br \/>\n&#13;<br \/>\n&#13;<br \/>\n&#13;<br \/>\n&#13;<br \/>\n&#13;<br \/>\n&#13;<br \/>\n&#13;<br \/>\n&#13;<br \/>\n&#13;<br \/>\n&#13;<br \/>\n&#13;\n<\/p>\n<p class=\"chapter-paragraph\"><b>Intanto a Cuba sono giunti anche un rianimatore<\/b> e un neurochirurgo del Policlinico Gemelli. I due hanno il duplice obiettivo di fornire supporto ai medici cubani e valutare le condizioni di Di Battista per un suo trasferimento. Non a caso anche ieri sono stati effettuati ulteriori accertamenti per definire meglio il quadro clinico dell\u2019ex deputato. <b>Una fase \u00abnecessaria\u00bb  proprio per tutelare la sicurezza e la salute dell\u2019ex stellato<\/b>.\u00a0<\/p>\n<p class=\"chapter-paragraph\">Solo in un secondo momento si potranno prendere decisioni su percorsi e tempistiche. Le polemiche, intorno alle condizioni e le spese per il suo rientro in Italia vengono spente cos\u00ec, direttamente dall\u2019interessato: <a href=\"https:\/\/roma.corriere.it\/notizie\/politica\/26_agosto_29\/alessandro-di-battista-ricoverato-cuba-2309e2f5-e913-44d9-88a5-927ae41eexlk.shtml\" rel=\"nofollow noopener\" target=\"_blank\">\u00abSono assicurato, non \u00e8 necessario l\u2019aereo di Stato\u00bb<\/a>. Parole pronunciate con cortesia e gratitudine \u2014 riferiscono \u2014 da Di Battista. Nessuna volont\u00e0 di prendere le distanze dall\u2019offerta del governo che, peraltro, garantisce che l\u2019Italia sta prestando l\u2019assistenza che<b> per prassi offrirebbe a qualsiasi cittadino nelle stesse condizioni.<\/b> Anche ieri Antonio Tajani ha ribadito: \u00abStiamo lavorando per far rientrare Di Battista in Italia\u00bb.<\/p>\n<p class=\"chapter-paragraph\"><b>Quando i medici daranno il via libera al trasporto,<\/b> quando diranno che le condizioni di salute dell\u2019ex deputato gli consentono di affrontare un volo sia pure a quota pi\u00f9 bassa, come previsto per gli aerei sanitari, <b>il velivolo messo a disposizione dall\u2019Aeronautica sar\u00e0 pronto a partire.<\/b> Si parla di domani o dopodomani. Ma non si esclude un\u2019accelerazione. La valutazione medica sulla sua trasportabilit\u00e0 \u00e8 in corso. E il tempismo per le cure da prestare a Di Battista \u00e8 fondamentale.<\/p>\n<p class=\"chapter-paragraph\"><b>Il conto sar\u00e0  pagato dall\u2019assicurazione.<\/b> E, se fossero superiori a quelle previste dalla polizza, se ne farebbero carico il Fatto quotidiano, per il quale Di Battista era al lavoro su un reportage da Cuba, e il M5S. <b>Il quotidiano ha gi\u00e0 ricevuto offerte e donazioni di italiani facoltosi<\/b> che vogliono restare anonimi. Per ulteriori eventuali altre risorse si attiverebbe una  colletta promossa, insieme, dal giornale e dal Movimento. <a href=\"https:\/\/roma.corriere.it\/notizie\/cronaca\/26_agosto_29\/di-battista-da-mannoia-a-schlein-e-boschi-i-messaggi-di-sostegno-forza-ale-non-mollare-3241be56-5db6-4368-95d4-3bf5b5875xlk.shtml\" rel=\"nofollow noopener\" target=\"_blank\">Il cui leader, Giuseppe Conte, segue personalmente e attentamente la vicenda, <\/a> con contatti costanti non solo con la famiglia dell\u2019attivista ma anche con la Farnesina.   Tutto insomma, punta, verso una gestione delicata e rispettosa del momento difficile in cui  Di Battista si trova.<\/p>\n<p class=\"chapter-paragraph\"><b>In Italia, la polemica innescatasi via social sul trasporto <\/b>con volo di Stato che potrebbe essere considerato un privilegio riservato a un ex parlamentare, viene spento con un post veemente dal capogruppo del M5S, Riccardo Ricciardi: <b>\u00abUn dibattito infame, schifosa propaganda <\/b>\u2014 scrive   \u2014 da cui  traspare evidente un godimento nel vedere un uomo in difficolt\u00e0 che, in un momento drammatico, <b>qualcuno vorrebbe fosse costretto sulla sua pelle a ripudiare una delle sue battaglie, quella contro la casta.<\/b> Non c\u2019\u00e8 nessun trattamento di favore. Alessandro ha gi\u00e0 dimostrato che si pu\u00f2 fare politica e rimanere liberi\u00bb.<\/p>\n<p class=\"chapter-paragraph\"><b>Di Battista, nel frattempo, continua a tenersi in contatto<\/b> via chat e social con amici e qualche collega. Domenica ha anche ripostato su Instagram una <b>storia su Gaza di cui scrive \u00abil genocidio continua\u00bb.<\/b> Anche dall\u2019ospedale, insomma, l\u2019ex stellato fa sentire la sua voce politica. E di rimando continuano anche gli attestati di stima. \u00abAuguro a Di Battista di rientrare presto in Italia e spero di poter di nuovo litigare di brutto con lui come ai vecchi tempi\u00bb, scrive Matteo Renzi. <b>\u00abAlessandro \u00e8 un \u201ccapatosta\u201d.<\/b> Sono certo che il suo spirito battagliero avr\u00e0 la meglio\u00bb, dice l\u2019eurodeputato di Avs Mimmo Lucano.<\/p>\n<p class=\"is-last-update\" datetime=\"2026-09-01T07:16:52+02:00\">1 settembre 2026 ( modifica il 1 settembre 2026 | 07:16)<\/p>\n<p class=\"is-copyright\">\n            \u00a9 RIPRODUZIONE RISERVATA\n        <\/p>\n","protected":false},"excerpt":{"rendered":"di Emanuele Buzzi e Adriana Logroscino Il suo no al volo di Stato e il ruolo del M5S&hellip;\n","protected":false},"author":3,"featured_media":659206,"comment_status":"","ping_status":"","sticky":false,"template":"","format":"standard","meta":{"footnotes":"","_share_on_mastodon":"0"},"categories":[79],"tags":[2535,312785,4008,240235,2332,50830,6982,363605,363606,3858,934,14,93,94,2711,2276,16922,3635,1690,357373,119974,1909,276,7378,1537,90,89,363607,363608,381,8147,1222,7,15,2464,477,8004,135,2895,14522,980,37936,363609,363610,363611,240,295924,6502,2180,1686,3515,119070,8527,7232,46173,11,84,91,12,85,92,4652],"class_list":["post-659205","post","type-post","status-publish","format-standard","has-post-thumbnail","category-italia","tag-alessandro","tag-alessandro-battista","tag-amico","tag-amico-presidente","tag-associazione","tag-battista","tag-compagna","tag-compagna-sahra","tag-compagna-sahra-lahousnia","tag-condizioni","tag-continua","tag-cronaca","tag-cronaca-italiana","tag-cronacaitaliana","tag-cuba","tag-dare","tag-deputato","tag-diagnosi","tag-domani","tag-domani-dopodomani","tag-dopodomani","tag-famiglia","tag-giuseppe","tag-insomma","tag-it","tag-italia","tag-italy","tag-lahousnia","tag-lahousnia-amico","tag-leader","tag-medica","tag-medici","tag-news","tag-notizie","tag-parlamentare","tag-politica","tag-prendere","tag-presidente","tag-presto","tag-qualsiasi","tag-quotidiano","tag-rientrare","tag-sahra","tag-sahra-lahousnia","tag-sahra-lahousnia-amico","tag-salute","tag-schierarsi","tag-scrive","tag-sentire","tag-social","tag-spese","tag-stellato","tag-trasferimento","tag-trasporto","tag-tutelare","tag-ultime-notizie","tag-ultime-notizie-e-news-di-oggi","tag-ultime-notizie-italia","tag-ultimenotizie","tag-ultimenotizieenewsdioggi","tag-ultimenotizieitalia","tag-volo"],"share_on_mastodon":{"url":"","error":"Validation failed: Text character limit of 500 exceeded"},"_links":{"self":[{"href":"https:\/\/www.europesays.com\/it\/wp-json\/wp\/v2\/posts\/659205","targetHints":{"allow":["GET"]}}],"collection":[{"href":"https:\/\/www.europesays.com\/it\/wp-json\/wp\/v2\/posts"}],"about":[{"href":"https:\/\/www.europesays.com\/it\/wp-json\/wp\/v2\/types\/post"}],"author":[{"embeddable":true,"href":"https:\/\/www.europesays.com\/it\/wp-json\/wp\/v2\/users\/3"}],"replies":[{"embeddable":true,"href":"https:\/\/www.europesays.com\/it\/wp-json\/wp\/v2\/comments?post=659205"}],"version-history":[{"count":0,"href":"https:\/\/www.europesays.com\/it\/wp-json\/wp\/v2\/posts\/659205\/revisions"}],"wp:featuredmedia":[{"embeddable":true,"href":"https:\/\/www.europesays.com\/it\/wp-json\/wp\/v2\/media\/659206"}],"wp:attachment":[{"href":"https:\/\/www.europesays.com\/it\/wp-json\/wp\/v2\/media?parent=659205"}],"wp:term":[{"taxonomy":"category","embeddable":true,"href":"https:\/\/www.europesays.com\/it\/wp-json\/wp\/v2\/categories?post=659205"},{"taxonomy":"post_tag","embeddable":true,"href":"https:\/\/www.europesays.com\/it\/wp-json\/wp\/v2\/tags?post=659205"}],"curies":[{"name":"wp","href":"https:\/\/api.w.org\/{rel}","templated":true}]}}