{"id":659207,"date":"2026-09-01T06:07:15","date_gmt":"2026-09-01T06:07:15","guid":{"rendered":"https:\/\/www.europesays.com\/it\/659207\/"},"modified":"2026-09-01T06:07:15","modified_gmt":"2026-09-01T06:07:15","slug":"marc-marquez-vince-anche-con-un-braccio-e-mezzo","status":"publish","type":"post","link":"https:\/\/www.europesays.com\/it\/659207\/","title":{"rendered":"Marc M\u00e1rquez vince anche \u00abcon un braccio e mezzo\u00bb"},"content":{"rendered":"<p>Caricamento player<\/p>\n<p>Domenica il motociclista spagnolo Marc M\u00e1rquez ha fatto due notevoli sorpassi in MotoGP, la pi\u00f9 importante categoria del Motomondiale: uno in pista, l\u2019altro in classifica. In pista M\u00e1rquez ha superato Marco Bezzecchi prima di vincere il Gran Premio d\u2019Aragona, uno dei quattro che si corrono in Spagna. In classifica ha superato Bezzecchi prendendosi il secondo posto e avvicinandosi al primo, che al momento \u00e8 ancora dello spagnolo Jorge Mart\u00edn. M\u00e1rquez aveva vinto il Motomondiale nel 2025, ma quest\u2019anno era partito malissimo, soprattutto a causa dei problemi fisici: solo pochi mesi fa <a href=\"https:\/\/sport.sky.it\/motogp\/video\/2026\/05\/13\/marquez-spalla-operazione-ducati-inside-box-video-1097671\" rel=\"nofollow noopener\" target=\"_blank\">diceva<\/a> di gareggiare \u00abcon un braccio e mezzo\u00bb.<\/p>\n<p>M\u00e1rquez ha 33 anni, gareggia per la Ducati e ha gi\u00e0 vinto sette Mondiali di MotoGP, una cosa che prima (quando la categoria aveva anche nomi diversi) era riuscita solo a Valentino Rossi. Quest\u2019anno M\u00e1rquez partiva quindi da <a href=\"https:\/\/www.ilpost.it\/2026\/02\/27\/moto-gp-2026-favoriti-marc-marquez-ducati-marco-bezzecchi-aprilia\/\" rel=\"nofollow noopener\" target=\"_blank\">grande favorito<\/a>: il pilota migliore in sella alla moto di una delle migliori scuderie degli ultimi anni. Ma un infortunio alla spalla rimediato alla fine dello scorso Mondiale gli ha creato pi\u00f9 problemi del previsto, e potrebbe continuare a creargliene nonostante la vittoria di domenica. Sono anni che M\u00e1rquez si trascina diversi problemi fisici, che se sommati \u2013 perlopi\u00f9 nel fisico di un pilota di 33 anni \u2013 diventano davvero difficili da gestire.<\/p>\n<p>A inizio stagione M\u00e1rquez incapp\u00f2 in una serie di cadute che nei primi sei Gran Premi non gli permisero mai di arrivare sul podio. A maggio le cose erano peggiorate parecchio: nel giro di pochi giorni si era fratturato un osso del piede destro, il quinto metatarso, e aveva scoperto che una delle viti inserite per sistemargli la spalla si era spostata fino a toccare un nervo, facendogli perdere forza e sensibilit\u00e0 al braccio destro.<\/p>\n<p>M\u00e1rquez si era dovuto fermare proprio mentre i due piloti dell\u2019Aprilia, Bezzecchi e Mart\u00edn, campione del mondo nel 2024, si contendevano il primo posto e l\u2019Aprilia mostrava di poter ormai <a href=\"https:\/\/www.paddock-gp.com\/motogp-la-domination-daprilia-analysee-par-un-champion-du-monde-une-moto-nettement-superieure\/\" rel=\"nofollow noopener\" target=\"_blank\">competere<\/a> con la Ducati, che fino all\u2019anno scorso dominava nettamente il Mondiale. Giusto pochi mesi fa per M\u00e1rquez si parlava di \u00abstagione a rischio\u00bb, e c\u2019era chi riteneva ormai \u00abimpossibile\u00bb che potesse giocarsi il Mondiale.<\/p>\n<p>Eppure da quando \u00e8 tornato a gareggiare M\u00e1rquez ha vinto quattro Gran Premi su sette e tre sprint (gare pi\u00f9 brevi che valgono meno punti), e <a href=\"https:\/\/www.youtube.com\/watch?v=CegOWsTk36s\" rel=\"nofollow noopener\" target=\"_blank\">ha scalato<\/a> cos\u00ec la classifica piloti, approfittando delle prestazioni calanti di Bezzecchi \u2013 che ha subito anche una squalifica <a href=\"https:\/\/www.ilpost.it\/flashes\/bezzecchi-video-spintone\/\" rel=\"nofollow noopener\" target=\"_blank\">per uno spintone a un commissario di pista<\/a> \u2013 e di Mart\u00edn.<\/p>\n<p>Con la vittoria nel Gran Premio di domenica e nella sprint di sabato M\u00e1rquez si \u00e8 portato a 237 punti nella classifica del Mondiale. Sono solo 19 in meno di Mart\u00edn, che domenica \u00e8 arrivato quinto; e 5 in pi\u00f9 di Bezzecchi. A questo punto della stagione (mancano nove gare) un margine cos\u00ec ridotto tra i primi tre classificati si era verificato soltanto in altre due occasioni: nel 1987, quando per\u00f2 il sistema di punteggio era diverso, e nel 2017, quando alla fine a vincere fu proprio M\u00e1rquez.<\/p>\n<p>Ma per quanto M\u00e1rquez sia ormai abituato a infortunarsi, <a href=\"https:\/\/www.ilpost.it\/2025\/08\/19\/marc-marquez-ritorno-motogp\/\" rel=\"nofollow noopener\" target=\"_blank\">a tornare ad alti livelli<\/a> e a vincere, stavolta le cose sembrano davvero complicate perfino per lui. Quest\u2019anno la competizione \u00e8 serratissima, la moto della Ducati non \u00e8 cos\u00ec dominante come prima e lui stesso dice di non stare ancora benissimo. Non sembra infatti aver recuperato del tutto la forza del braccio destro: il problema ai nervi \u00e8 stato risolto, ma le sette operazioni che ha subito a quel braccio iniziano a farsi sentire. A inizio agosto, alla fine del Gran Premio di Silverstone, M\u00e1rquez aveva detto di non sentirselo pi\u00f9.<\/p>\n<p>Se domenica le cose gli sono andate meglio, \u00e8 anche perch\u00e9 la pista aveva molte curve a sinistra, dove quindi il braccio destro era sottoposto a uno sforzo minore. Insomma, per avere una possibilit\u00e0 di vincere il Mondiale, M\u00e1rquez dovr\u00e0 sfruttare al massimo le piste pi\u00f9 adatte a lui, cercare di limitare i problemi causati dal braccio destro e, magari, sperare che i suoi due diretti rivali, Bezzecchi e Mart\u00edn, non ritrovino la continuit\u00e0 di inizio stagione o quantomeno si tolgano punti a vicenda.<\/p>\n<p>Per tutti e tre, per\u00f2, la faccenda \u00e8 complicata dalla presenza di altri piloti molto competitivi, come Fabio Di Giannantonio, Ai Ogura o Pedro Acosta. Magari non potranno giocarsi la vittoria del Mondiale, ma possono vincere qualche gara e creare problemi ai primi tre.<\/p>\n<p>La prossima gara del Mondiale sar\u00e0 il 13 settembre sul circuito di Misano, in Emilia-Romagna. Non c\u2019\u00e8 un netto favorito tra Bezzecchi, Mart\u00edn e M\u00e1rquez, visto che tutti e tre hanno dimostrato di saper andar forte su questa pista. Ma ci sono tante curve a destra (dieci, contro le sei a sinistra), quindi sar\u00e0 una gara importante per capire la forma fisica di M\u00e1rquez.<\/p>\n","protected":false},"excerpt":{"rendered":"Caricamento player Domenica il motociclista spagnolo Marc M\u00e1rquez ha fatto due notevoli sorpassi in MotoGP, la pi\u00f9 importante&hellip;\n","protected":false},"author":3,"featured_media":659208,"comment_status":"","ping_status":"","sticky":false,"template":"","format":"standard","meta":{"footnotes":"","_share_on_mastodon":"0"},"categories":[6],"tags":[14,8,1537,90,89,7,15,82,9,83,10,13,11,80,84,12,81,85],"class_list":["post-659207","post","type-post","status-publish","format-standard","has-post-thumbnail","category-ultime-notizie","tag-cronaca","tag-headlines","tag-it","tag-italia","tag-italy","tag-news","tag-notizie","tag-notizie-di-cronaca","tag-notizie-principali","tag-notiziedicronaca","tag-notizieprincipali","tag-titoli","tag-ultime-notizie","tag-ultime-notizie-di-cronaca","tag-ultime-notizie-e-news-di-oggi","tag-ultimenotizie","tag-ultimenotiziedicronaca","tag-ultimenotizieenewsdioggi"],"share_on_mastodon":{"url":"https:\/\/pubeurope.com\/@it\/117194289719613115","error":""},"_links":{"self":[{"href":"https:\/\/www.europesays.com\/it\/wp-json\/wp\/v2\/posts\/659207","targetHints":{"allow":["GET"]}}],"collection":[{"href":"https:\/\/www.europesays.com\/it\/wp-json\/wp\/v2\/posts"}],"about":[{"href":"https:\/\/www.europesays.com\/it\/wp-json\/wp\/v2\/types\/post"}],"author":[{"embeddable":true,"href":"https:\/\/www.europesays.com\/it\/wp-json\/wp\/v2\/users\/3"}],"replies":[{"embeddable":true,"href":"https:\/\/www.europesays.com\/it\/wp-json\/wp\/v2\/comments?post=659207"}],"version-history":[{"count":0,"href":"https:\/\/www.europesays.com\/it\/wp-json\/wp\/v2\/posts\/659207\/revisions"}],"wp:featuredmedia":[{"embeddable":true,"href":"https:\/\/www.europesays.com\/it\/wp-json\/wp\/v2\/media\/659208"}],"wp:attachment":[{"href":"https:\/\/www.europesays.com\/it\/wp-json\/wp\/v2\/media?parent=659207"}],"wp:term":[{"taxonomy":"category","embeddable":true,"href":"https:\/\/www.europesays.com\/it\/wp-json\/wp\/v2\/categories?post=659207"},{"taxonomy":"post_tag","embeddable":true,"href":"https:\/\/www.europesays.com\/it\/wp-json\/wp\/v2\/tags?post=659207"}],"curies":[{"name":"wp","href":"https:\/\/api.w.org\/{rel}","templated":true}]}}