{"id":659221,"date":"2026-09-01T06:27:19","date_gmt":"2026-09-01T06:27:19","guid":{"rendered":"https:\/\/www.europesays.com\/it\/659221\/"},"modified":"2026-09-01T06:27:19","modified_gmt":"2026-09-01T06:27:19","slug":"bologna-la-prima-diagnosi-sullo-stop-di-orsolini-tedesco-su-skorupski-e-berna","status":"publish","type":"post","link":"https:\/\/www.europesays.com\/it\/659221\/","title":{"rendered":"Bologna, la prima diagnosi sullo stop di Orsolini! Tedesco: \u201cSu Skorupski e Berna\u2026\u201d"},"content":{"rendered":"<p>\nAggiornamento dal <strong>Bologna<\/strong> sulle condizioni di Riccardo <strong>Orsolini<\/strong>, uscito per <strong>infortunio<\/strong> nella gara persa con l&#8217;Atalanta: &#8220;Riccardo Orsolini \u00e8 stato sostituito nel secondo tempo a causa di un <strong>risentimento ai flessori della coscia sinistra<\/strong>. Le sue condizioni saranno valutate nei prossimi giorni&#8221;, si legge. Si dovranno dunque attendere gli esami per capire l&#8217;entit\u00e0 esatta dell&#8217;infortunio e i tempi di recupero.\n<\/p>\n<p>\n\ud83d\udcf2 <a href=\"https:\/\/onelink.to\/28zqdv?&amp;dev=macos&amp;ref=\" target=\"_blank\" rel=\"noopener nofollow\"><strong>SCARICA QUI LA NOSTRA APP GRATUITA<\/strong><\/a>\n<\/p>\n<p>\n<strong>PARLA TEDESCO<\/strong> &#8211; Al termine della sconfitta allo scadere del <a href=\"https:\/\/www.sosfanta.com\/voti-fantacalcio\/voti-atalanta-bologna-fantacalcio-scelta-orsolini\/?refresh_ce\" rel=\"nofollow noopener\" target=\"_blank\"><strong>Bologna <\/strong><\/a>contro l&#8217;<strong>Atalanta<\/strong>, l&#8217;allenatore dei rossobl\u00f9 Domenico <strong>Tedesco<\/strong> \u00e8 intervenuto in conferenza stampa. Ecco le sue parole riportate da TMW:\n<\/p>\n<p>        <img src=\"https:\/\/www.europesays.com\/it\/wp-content\/uploads\/2026\/09\/GettyImages-2292874598-045f1837cded-1200x800.jpg\"   width=\"715\" height=\"403\" alt=\"Atalanta BC  v Bologna FC - Serie A 2026\/27\" title=\"Atalanta BC  v Bologna FC - Serie A 2026\/27\" loading=\"eager\" fetchpriority=\"high\" decoding=\"sync\" class=\"w-full h-auto aspect-3\/2 object-cover object-top rounded-lg\"\/><\/p>\n<p>\n<strong>PRESTAZIONE<\/strong> &#8211; &#8220;Difficile da digerire soprattutto per quello che \u00e8 stato il goal finale: eravamo li a parlare del pareggio che gi\u00e0 a noi stava anche stretto. Questo \u00e8 il calcio e bisogna digerirlo. Sia stasera che contro la Lazio abbiamo giocato anche bene: 80 minuti molto bene, al netto della stanchezza. Il cambio di Orsolini ha portato la squadra a riadattarsi: valuteremo poi quali saranno le sue condizioni. Loro sono una squadra veramente organizzata. Abbiamo tenuto tanto la palla perch\u00e9 mancava il goal: incredibile stare a zero punti dopo delle prestazioni cos\u00ec&#8221;.\n<\/p>\n<p>\n<strong>ERRORE DI SKORUPSKI<\/strong> &#8211; &#8220;Penso che la priorit\u00e0 sia anche la lucidit\u00e0 anche nelle decisioni soprattutto sottoporta. Ci alleniamo tanto in questo: arrivi li e serve la cattiveria di fare goal. 180 minuti cos\u00ec e fare zero goal \u00e8 pesante&#8221;.\n<\/p>\n<p>\n<strong>COME E&#8217; CAMBIATA L&#8217;ATALANTA<\/strong> &#8211; &#8220;Inanzittutto \u00e8 cambiato lo stile: con Gasperini si andava uomo a uomo e abbiamo faticato molto ai tempi. Nel 2022 ci siamo qualificati per la semifinale, ma rimangono sempre una squadra forte. Bella squadra e grande societ\u00e0&#8221;.\n<\/p>\n<p>\n<strong>NUOVE REGOLE E SU ALHASSANE<\/strong> &#8211; &#8220;Ci hanno un po&#8217; danneggiato perch\u00e9 il regolamento ha fatto si che si giocasse non quattro, ma cinque minuti. Su Raym \u00e8 sempre stato un terzino e ha fatto una grande partita. Sono veramente contento per lui: un ragazzo con i piedi per terra e deve continuare cos\u00ec&#8221;.\n<\/p>\n<p>\n<strong>PICCOLI E FERGUSON<\/strong> &#8211; &#8220;Molto anche nella verticalizzazione con Pobega: mi sono piaciuti anche in fase di non possesso. Piccoli ha fatto una buona gara perch\u00e9 davanti fa la guerra: arriver\u00e0 anche il goal per lui&#8221;.\n<\/p>\n<p>\n<strong>LATI POSITIVI<\/strong> &#8211; &#8220;Anche contro la Lazio la partita mi era piaciuta. Mi aspettavo magari pi\u00f9 intensit\u00e0 in fase di non possesso. Oggi il campo era nostro, abbiamo avuto tanto possesso e creato tanto. Giocare 180&#8242; e non segnare mai \u00e8 pesante&#8221;.\n<\/p>\n<p>\n<strong>ASSENZA DI MORO<\/strong> &#8211; &#8220;Nikola ce l&#8217;ha un po&#8217; di pi\u00f9, sappiamo che \u00e8 un nazionale croato e non \u00e8 facile essere convocati per la Croazia avendo davanti a s\u00e9 Luka Modric. Ma non \u00e8 al 100% e dobbiamo un po&#8217; aspettarlo. Ferguson e Pobega hanno fatto bene, magari ci siamo abbassati troppo in fase di costruzione&#8221;.\n<\/p>\n<p>\n<strong>AMONDARAIN<\/strong> &#8211; &#8220;Ho messo dentro la voglia di Amondarain che ha portato tanto agonismo e tanta energia&#8221;.\n<\/p>\n<p>\n<strong>BERNARDESCHI<\/strong> &#8211; &#8220;Sicuramente \u00e8 uno dei leader di questa squadra, \u00e8 un bravo ragazzo e ovviamente mi fido di lui come mi fido di tutti gli altri&#8221;.<\/p>\n","protected":false},"excerpt":{"rendered":"Aggiornamento dal Bologna sulle condizioni di Riccardo Orsolini, uscito per infortunio nella gara persa con l&#8217;Atalanta: &#8220;Riccardo Orsolini&hellip;\n","protected":false},"author":3,"featured_media":659222,"comment_status":"","ping_status":"","sticky":false,"template":"","format":"standard","meta":{"footnotes":"","_share_on_mastodon":"0"},"categories":[176],"tags":[1960,87073,363618,334907,569,363619,363620,62379,586,173666,363621,3858,877,932,27224,284373,363622,6196,363623,313,25116,7168,72593,1426,629,4908,1537,90,89,3479,65244,4719,16737,245,244,1857,8233],"class_list":["post-659221","post","type-post","status-publish","format-standard","has-post-thumbnail","category-sport","tag-allenatore","tag-allenatore-rossoblu","tag-allenatore-rossoblu-domenico","tag-amondarain","tag-atalanta","tag-atalanta-allenatore","tag-atalanta-allenatore-rossoblu","tag-bernardeschi","tag-bologna","tag-bologna-atalanta","tag-bologna-atalanta-allenatore","tag-condizioni","tag-conferenza","tag-conferenza-stampa","tag-domenico","tag-domenico-tedesco","tag-domenico-tedesco-intervenuto","tag-errore","tag-errore-skorupski","tag-fase","tag-fase-possesso","tag-ferguson","tag-fido","tag-finale","tag-gara","tag-goal","tag-it","tag-italia","tag-italy","tag-minuti","tag-orsolini","tag-piccoli","tag-possesso","tag-sport","tag-sports","tag-squadra","tag-tedesco"],"share_on_mastodon":{"url":"","error":"Validation failed: Text character limit of 500 exceeded"},"_links":{"self":[{"href":"https:\/\/www.europesays.com\/it\/wp-json\/wp\/v2\/posts\/659221","targetHints":{"allow":["GET"]}}],"collection":[{"href":"https:\/\/www.europesays.com\/it\/wp-json\/wp\/v2\/posts"}],"about":[{"href":"https:\/\/www.europesays.com\/it\/wp-json\/wp\/v2\/types\/post"}],"author":[{"embeddable":true,"href":"https:\/\/www.europesays.com\/it\/wp-json\/wp\/v2\/users\/3"}],"replies":[{"embeddable":true,"href":"https:\/\/www.europesays.com\/it\/wp-json\/wp\/v2\/comments?post=659221"}],"version-history":[{"count":0,"href":"https:\/\/www.europesays.com\/it\/wp-json\/wp\/v2\/posts\/659221\/revisions"}],"wp:featuredmedia":[{"embeddable":true,"href":"https:\/\/www.europesays.com\/it\/wp-json\/wp\/v2\/media\/659222"}],"wp:attachment":[{"href":"https:\/\/www.europesays.com\/it\/wp-json\/wp\/v2\/media?parent=659221"}],"wp:term":[{"taxonomy":"category","embeddable":true,"href":"https:\/\/www.europesays.com\/it\/wp-json\/wp\/v2\/categories?post=659221"},{"taxonomy":"post_tag","embeddable":true,"href":"https:\/\/www.europesays.com\/it\/wp-json\/wp\/v2\/tags?post=659221"}],"curies":[{"name":"wp","href":"https:\/\/api.w.org\/{rel}","templated":true}]}}