{"id":659243,"date":"2026-09-01T06:48:15","date_gmt":"2026-09-01T06:48:15","guid":{"rendered":"https:\/\/www.europesays.com\/it\/659243\/"},"modified":"2026-09-01T06:48:15","modified_gmt":"2026-09-01T06:48:15","slug":"pulisic-e-il-milan-come-sta-quando-torna-dove-gioca","status":"publish","type":"post","link":"https:\/\/www.europesays.com\/it\/659243\/","title":{"rendered":"Pulisic e il Milan: come sta, quando torna, dove gioca"},"content":{"rendered":"<p>                                L&#8217;americano \u00e8 un titolare ma Amorim lo ha tenuto seduto contro il Venezia. Con la Juve non sar\u00e0 titolare: punta a giocare nel secondo tempo<\/p>\n<p class=\"paragraph\" spellcheck=\"true\">Il Milan sta per aggiungere alla squadra un trequartista di origine croata. Christian Pulisic di secondo nome si chiama Mate, come il nonno croato, e rischia di essere la vera aggiunta del Milan per settembre. Omari Hutchinson dovr\u00e0 conoscere il nuovo mondo &#8211; potrebbe volerci un po&#8217; di tempo &#8211; mentre Pulisic sulla carta \u00e8 pronto: conosce il campionato, non ha problemi a partire da destra e da sinistra, ha concorrenza relativa. Eppure&#8230;<\/p>\n<p>        che cosa dice amorim\u2014 \u00a0<\/p>\n<p class=\"paragraph\" spellcheck=\"true\">Eppure Pulisic ancora non si vede.\u00a0\u00c8 andato in panchina contro il Venezia ma non \u00e8 entrato. &#8220;Ha un grande talento &#8211; ha detto Amorim dopo la partita -. Devo semplicemente gestire i carichi di lavoro dei miei giocatori e in questo momento abbiamo bisogno di vincere. Quindi per Pulisic \u00e8 difficile trovare spazio, ma resta un giocatore importantissimo per noi&#8221;. Pulisic rientra dall&#8217;infortunio del Mondiale: un edema osseo nella zona di giunzione tra tibia e perone della gamba destra.\u00a0<\/p>\n<p>        come sta pulisic\u2014 \u00a0<\/p>\n<p class=\"paragraph\" spellcheck=\"true\">CP \u00e8 rimasto fuori a lungo, si \u00e8 allenato per una settimana ed \u00e8 tornato in panchina. Il problema fisico \u00e8 risolto ma la condizione \u00e8 ancora lontana da quella ideale: non \u00e8 al 100% e non ci va nemmeno vicino. Ha bisogno di migliorare la condizione e domenica sera a Torino non \u00e8 atteso in formazione. La logica e le previsioni dicono che giocher\u00e0 qualche minuto nel secondo tempo, non tutta la partita.\u00a0<\/p>\n<p><a class=\"is-partner-link\" href=\"https:\/\/ad.doubleclick.net\/ddm\/trackclk\/N1792338.340088CAIRORCSMEDIAS.P.\/B28038690.452531709;dc_trk_aid=646241311;dc_trk_cid=173665161;dc_lat=;dc_rdid=;tag_for_child_directed_treatment=;tfua=;gdpr=%24%7BGDPR%7D;gdpr_consent=%24%7BGDPR_CONSENT_755%7D;ltd=;dc_tdv=1\" rel=\"nofollow noopener\" target=\"_blank\">Guarda tutte le partite di Serie A Enilive in esclusiva nei locali Sky! Trova il locale pi\u00f9 vicino a te.<\/a><\/p>\n<p>        quanto spazio avr\u00e0\u2014 \u00a0<\/p>\n<p class=\"paragraph\" spellcheck=\"true\">Il Milan lo aspetta perch\u00e9 Pulisic \u00e8 un titolare. La trequarti \u00e8 uno strano mix di esperienza (Rabiot), estrema giovent\u00f9 (Cisse), atipicit\u00e0 (Loftus-Cheek), creativit\u00e0 palla al piede (Moreira), corsa e dribbling (Saelemaekers). In ogni partita non sar\u00e0 facile scegliere la coppia. Pulisic, nel mazzo, \u00e8 il giocatore con pi\u00f9 gol e assist nei piedi e certo, se Juve-Milan si giocasse tra un mese, la previsione sarebbe facile: lui e Rabiot. In questo fine settimana no, va diversamente. La coppia pi\u00f9 probabile? Rabiot e Cisse.<\/p>\n<p class=\"is-copyright\">\u00a9 RIPRODUZIONE RISERVATA<\/p>\n","protected":false},"excerpt":{"rendered":"L&#8217;americano \u00e8 un titolare ma Amorim lo ha tenuto seduto contro il Venezia. Con la Juve non sar\u00e0&hellip;\n","protected":false},"author":3,"featured_media":659244,"comment_status":"","ping_status":"","sticky":false,"template":"","format":"standard","meta":{"footnotes":"","_share_on_mastodon":"0"},"categories":[1452],"tags":[2842,255281,363646,50020,37,721,46661,2490,2235,3177,2606,1740,564,1537,90,89,565,553,3484,1290,13196,46511,989,1739,8041,245,244,26462,222],"class_list":["post-659243","post","type-post","status-publish","format-standard","has-post-thumbnail","category-calcio","tag-acquisto","tag-acquisto-milan","tag-acquisto-milan-pulisic","tag-amorim","tag-bisogno","tag-calcio","tag-cisse","tag-condizione","tag-coppia","tag-destra","tag-facile","tag-football","tag-giocatore","tag-it","tag-italia","tag-italy","tag-juve","tag-milan","tag-panchina","tag-partita","tag-pulisic","tag-rabiot","tag-settimana","tag-soccer","tag-spazio","tag-sport","tag-sports","tag-titolare","tag-venezia"],"share_on_mastodon":{"url":"https:\/\/pubeurope.com\/@it\/117194451157020672","error":""},"_links":{"self":[{"href":"https:\/\/www.europesays.com\/it\/wp-json\/wp\/v2\/posts\/659243","targetHints":{"allow":["GET"]}}],"collection":[{"href":"https:\/\/www.europesays.com\/it\/wp-json\/wp\/v2\/posts"}],"about":[{"href":"https:\/\/www.europesays.com\/it\/wp-json\/wp\/v2\/types\/post"}],"author":[{"embeddable":true,"href":"https:\/\/www.europesays.com\/it\/wp-json\/wp\/v2\/users\/3"}],"replies":[{"embeddable":true,"href":"https:\/\/www.europesays.com\/it\/wp-json\/wp\/v2\/comments?post=659243"}],"version-history":[{"count":0,"href":"https:\/\/www.europesays.com\/it\/wp-json\/wp\/v2\/posts\/659243\/revisions"}],"wp:featuredmedia":[{"embeddable":true,"href":"https:\/\/www.europesays.com\/it\/wp-json\/wp\/v2\/media\/659244"}],"wp:attachment":[{"href":"https:\/\/www.europesays.com\/it\/wp-json\/wp\/v2\/media?parent=659243"}],"wp:term":[{"taxonomy":"category","embeddable":true,"href":"https:\/\/www.europesays.com\/it\/wp-json\/wp\/v2\/categories?post=659243"},{"taxonomy":"post_tag","embeddable":true,"href":"https:\/\/www.europesays.com\/it\/wp-json\/wp\/v2\/tags?post=659243"}],"curies":[{"name":"wp","href":"https:\/\/api.w.org\/{rel}","templated":true}]}}