{"id":659254,"date":"2026-09-01T06:57:15","date_gmt":"2026-09-01T06:57:15","guid":{"rendered":"https:\/\/www.europesays.com\/it\/659254\/"},"modified":"2026-09-01T06:57:15","modified_gmt":"2026-09-01T06:57:15","slug":"fagnani-pronta-ad-abbandonare-la-rai-cosa-ce-dietro-chi-lha-visto-report-e-i-ritardi-per-la-produzione-di-belve","status":"publish","type":"post","link":"https:\/\/www.europesays.com\/it\/659254\/","title":{"rendered":"Fagnani pronta ad abbandonare la Rai, cosa c&#8217;\u00e8 dietro: \u00abChi l\u2019ha visto?\u00bb, \u00abReport\u00bb e i ritardi per la produzione di \u00abBelve\u00bb"},"content":{"rendered":"<p>    di<br \/>\n    Maria Volpe<\/p>\n<p class=\"summary-art is-line-h-12\">Se \u00abBelve\u00bb non va in onda rinuncia al compenso. Era disponibile per \u00abChi l\u2019ha visto?\u00bb<\/p>\n<p class=\"chapter-paragraph\">\u00abBelve\u00bb si ferma? Continua? Non c\u2019\u00e8 pace in Rai. <b>L\u2019ultima questione che scotta si chiama Francesca Fagnani <\/b>che \u00e8 pronta a lasciare viale Mazzini. La conduttrice, gi\u00e0 nel giugno scorso, <b>prima della presentazione dei palinsesti<\/b> della nuova stagione, avrebbe formalizzato attraverso una lettera ai vertici Rai,<b> l\u2019intenzione di risolvere il contratto di esclusiva<\/b> che la lega all\u2019azienda fino alla primavera 2027. Una serie di episodi hanno portato la giornalista a non sentire pi\u00f9 fiducia verso una parte dell\u2019azienda.<\/p>\n<p class=\"chapter-paragraph\">Tra i motivi di attrito c\u2019\u00e8 stato certamente quello legato alla conduzione di \u00abChi l\u2019ha visto?\u00bb, dopo <a href=\"https:\/\/www.corriere.it\/spettacoli\/26_giugno_24\/chi-l-ha-visto-federica-sciarelli-lascia-il-programma-la-conferma-dalla-rai-919371c5-23c0-47a6-b937-9885476adxlk.shtml\" title=\"Federica Sciarelli lascia \u00abChi l&#039;ha visto?\u00bb, la conferma dalla Rai: \u00abRiflessioni sul futuro del programma\u00bb\" rel=\"nofollow noopener\" target=\"_blank\">l\u2019addio di Federica Sciarelli<\/a>. La Rai aveva infatti sondato la disponibilit\u00e0 di Francesca Fagnani a <b>guidare  lo storico programma di Rai3<\/b>. Poi sono spariti tutti e <a href=\"https:\/\/www.corriere.it\/spettacoli\/26_luglio_28\/chi-l-ha-visto-raffaella-griggi-al-posto-di-sciarelli-ho-pianto-per-l-emozione-ma-federica-non-si-sostituisce-675b8599-ad21-416c-937f-270aea2d0xlk.shtml\" title=\"\u00abChi l&#039;ha visto?\u00bb, Raffaella Griggi al posto di Sciarelli: \u00abHo pianto per l&#039;emozione, ma Federica non si sostituisce\u00bb\" rel=\"nofollow noopener\" target=\"_blank\">la scelta \u00e8 caduta su una giornalista interna al programma (Raffaella Griggi)<\/a>. Nel frattempo era comparsa anche l\u2019autocandidatura del dirigente Rai, Stefano Coletta, a creare confusione.    &#13;<br \/>\n&#13;<br \/>\n&#13;<br \/>\n&#13;<br \/>\n&#13;<br \/>\n&#13;<br \/>\n&#13;<br \/>\n&#13;<br \/>\n&#13;<br \/>\n&#13;<br \/>\n&#13;<br \/>\n&#13;<br \/>\n&#13;<br \/>\n&#13;<br \/>\n&#13;<br \/>\n&#13;<br \/>\n&#13;<br \/>\n&#13;<br \/>\n&#13;<br \/>\n&#13;<br \/>\n&#13;<br \/>\n&#13;<br \/>\n&#13;<br \/>\n&#13;<br \/>\n&#13;<br \/>\n&#13;<br \/>\n&#13;<br \/>\n&#13;<br \/>\n&#13;<br \/>\n&#13;<br \/>\n&#13;<br \/>\n&#13;<br \/>\n&#13;<br \/>\n&#13;<br \/>\n&#13;<br \/>\n&#13;<br \/>\n&#13;<br \/>\n&#13;<br \/>\n&#13;<br \/>\n&#13;<br \/>\n&#13;<br \/>\n&#13;<br \/>\n&#13;<br \/>\n&#13;<br \/>\n&#13;<br \/>\n&#13;<br \/>\n&#13;<br \/>\n&#13;<br \/>\n&#13;<br \/>\n&#13;<br \/>\n&#13;<br \/>\n&#13;<br \/>\n&#13;\n<\/p>\n<p class=\"chapter-paragraph\">Poi, la Rai aveva ipotizzato di chiamare la conduttrice di \u00abBelve\u00bb anche per <b>sostituire Sigfrido Ranucci alla guida di \u00abReport\u00bb<\/b>, ma anche l\u00ec \u00e8 caduto il silenzio. Infine pare ci fossero problemi di controprogrammazione.<\/p>\n<p class=\"chapter-paragraph\">Insomma, <b>Fagnani non si \u00e8 sentita  protetta dalla tv pubblica<\/b>. Per questo e altro, sarebbe dunque partita la lettera  che pare abbia <b>agitato non poco i piani alti dell\u2019azienda<\/b>. Sono seguiti incontri che non hanno dato risultati, per idee divergenti sul futuro.<\/p>\n<p class=\"chapter-paragraph\">Fagnani non \u00e8 disposta a cedere: in questi anni <b>ha portato ascolti e un marchio \u2014 \u00abBelve\u00bb \u2014  diventato un cult<\/b>. E pretende dalla Rai di essere valorizzata. Peraltro \u00abBelve\u00bb \u00e8 un <b>marchio di esclusiva propriet\u00e0 di Fagnani<\/b>: un programma inventato da lei e cucito addosso a lei. Ovunque approder\u00e0 la giornalista, a fine scadenza del contratto, proporr\u00e0 le sue belvate.  Causa di amarezza \u00e8 anche il fatto che in Rai non si sarebbe ancora parlato del <b>piano di produzione per \u00abBelve\u00bb<\/b> previsto  dal 20 ottobre al 1 dicembre.<\/p>\n<p class=\"chapter-paragraph\">Nella lettera ai vertici, Fagnani chiarisce che qualora non dovesse andare in onda, <b>non prenderebbe alcun compenso<\/b>. Come a dire: \u00abBelve\u00bb si deve fare bene, con una giusta collocazione, se no piuttosto sto ferma. Come pure, per altri eventuali nuovi programmi.<\/p>\n<p class=\"chapter-paragraph\">A  scadenza del contratto, se ci fosse <b>la rottura con la Rai<\/b>, una delle possibili destinazioni della giornalista potrebbe essere <b>Mediaset<\/b>. Il fatto che nella scorsa stagione di \u00abBelve\u00bb, Maria De Filippi fosse stata ospite fissa del programma, aveva gi\u00e0 mosso le voci che <b>vedevano Fagnani verso Cologno Monzese<\/b>.<\/p>\n<p class=\"chapter-paragraph\">E nella tarda mattinata di ieri, \u00e8 arrivata una nota Rai dove si precisa che \u00abFrancesca Fagnani <b>\u00e8 un asset fondamentale e una risorsa preziosa<\/b> per la Direzione Intrattenimento Prime time ed ha <b>un contratto di esclusiva con l\u2019azienda<\/b>. Durante l\u2019estate ci sono state varie interlocuzioni sugli sviluppi del programma. Oggi siamo al lavoro\u00bb.<\/p>\n<p class=\"chapter-paragraph\">Queste le parole di <b>Williams Di Liberatore, direttore Intrattenimento Prime Time<\/b>. Evidentemente il  servizio pubblico teme  di <b>perdere una risorsa vincente<\/b> come la giornalista. Tema sottolineato anche dagli esponenti del Movimento 5 Stelle in commissione di vigilanza Rai che parlano di \u00ab<b>un\u2019emorragia di talenti <\/b>che sta ormai completamente<b> sfuggendo al controllo dei vertici aziendali<\/b>\u00bb.<\/p>\n<p class=\"chapter-paragraph\">\u00a9 RIPRODUZIONE RISERVATA<\/p>\n<p class=\"is-last-update\" datetime=\"2026-09-01T07:28:53+02:00\">1 settembre 2026<\/p>\n<p class=\"is-copyright\">\n            \u00a9 RIPRODUZIONE RISERVATA\n        <\/p>\n","protected":false},"excerpt":{"rendered":"di Maria Volpe Se \u00abBelve\u00bb non va in onda rinuncia al compenso. Era disponibile per \u00abChi l\u2019ha visto?\u00bb&hellip;\n","protected":false},"author":3,"featured_media":659255,"comment_status":"","ping_status":"","sticky":false,"template":"","format":"standard","meta":{"footnotes":"","_share_on_mastodon":"0"},"categories":[174],"tags":[22313,4072,19486,30958,1396,6693,363125,203,6038,98020,363126,3261,5701,19487,4348,204,216786,216787,1537,90,89,2698,363648,6726,9167,13278,1916,4425,19472,3741,363649,897,13810,2848,4910,17849,1438,210738,577,8904,9262],"class_list":["post-659254","post","type-post","status-publish","format-standard","has-post-thumbnail","category-intrattenimento","tag-abbandonare","tag-azienda","tag-belve","tag-compenso","tag-conduttrice","tag-contratto","tag-contratto-esclusiva","tag-entertainment","tag-esclusiva","tag-fagnani","tag-fagnani-pronta","tag-ferma","tag-francesca","tag-francesca-fagnani","tag-giornalista","tag-intrattenimento","tag-intrattenimento-prime","tag-intrattenimento-prime-time","tag-it","tag-italia","tag-italy","tag-lettera","tag-lettera-vertici","tag-marchio","tag-onda","tag-pare","tag-portato","tag-prime","tag-prime-time","tag-produzione","tag-produzione-belve","tag-programma","tag-pronta","tag-rai","tag-report","tag-risorsa","tag-scadenza","tag-scadenza-contratto","tag-stagione","tag-time","tag-vertici"],"share_on_mastodon":{"url":"","error":"Validation failed: Text character limit of 500 exceeded"},"_links":{"self":[{"href":"https:\/\/www.europesays.com\/it\/wp-json\/wp\/v2\/posts\/659254","targetHints":{"allow":["GET"]}}],"collection":[{"href":"https:\/\/www.europesays.com\/it\/wp-json\/wp\/v2\/posts"}],"about":[{"href":"https:\/\/www.europesays.com\/it\/wp-json\/wp\/v2\/types\/post"}],"author":[{"embeddable":true,"href":"https:\/\/www.europesays.com\/it\/wp-json\/wp\/v2\/users\/3"}],"replies":[{"embeddable":true,"href":"https:\/\/www.europesays.com\/it\/wp-json\/wp\/v2\/comments?post=659254"}],"version-history":[{"count":0,"href":"https:\/\/www.europesays.com\/it\/wp-json\/wp\/v2\/posts\/659254\/revisions"}],"wp:featuredmedia":[{"embeddable":true,"href":"https:\/\/www.europesays.com\/it\/wp-json\/wp\/v2\/media\/659255"}],"wp:attachment":[{"href":"https:\/\/www.europesays.com\/it\/wp-json\/wp\/v2\/media?parent=659254"}],"wp:term":[{"taxonomy":"category","embeddable":true,"href":"https:\/\/www.europesays.com\/it\/wp-json\/wp\/v2\/categories?post=659254"},{"taxonomy":"post_tag","embeddable":true,"href":"https:\/\/www.europesays.com\/it\/wp-json\/wp\/v2\/tags?post=659254"}],"curies":[{"name":"wp","href":"https:\/\/api.w.org\/{rel}","templated":true}]}}