{"id":659270,"date":"2026-09-01T07:15:23","date_gmt":"2026-09-01T07:15:23","guid":{"rendered":"https:\/\/www.europesays.com\/it\/659270\/"},"modified":"2026-09-01T07:15:23","modified_gmt":"2026-09-01T07:15:23","slug":"pape-sarr-alla-juve-visite-firme-e-quando-giochera","status":"publish","type":"post","link":"https:\/\/www.europesays.com\/it\/659270\/","title":{"rendered":"Pape Sarr alla Juve: visite, firme e quando giocher\u00e0"},"content":{"rendered":"<p>                                Sbarcato a Torino per sostenere le visite mediche, \u00e8 pronto a mettersi subito a disposizione di Spalletti: intanto Thuram a rischio operazione<\/p>\n<p class=\"paragraph\" spellcheck=\"true\">L\u2019atterraggio a Caselle e, in un attimo, l\u2019appuntamento al JMedical per cominciare le visite mediche: Pape Sarr va di corsa perch\u00e9 in campo \u00e8 abituato cos\u00ec e perch\u00e9 l\u2019emergenza che sta colpendo il reparto dove si decidono i duelli lo mette gi\u00e0 in prima fila per un debutto non banale. Domenica sera, all\u2019Allianz Stadium, arriver\u00e0 il Milan di Amorin e per Sarr potrebbero aprirsi le porte di una prima volta, seppur non dall\u2019inizio: l\u2019ex ct azzurro Spalletti \u00e8, infatti, alle prese con un\u2019insolita emergenza l\u00e0 in mezzo perch\u00e9 Thuram si \u00e8 fermato e McKennie \u00e8 alle prese con un affaticamento muscolare. Sarr, oggi, metter\u00e0 la firma su un contratto con la formula del prestito oneroso da due milioni di euro e un riscatto condizionato di circa trenta nel caso in cui la Juventus dovesse centrare l\u2019obiettivo europeo il prossimo maggio e il giocatore giocasse almeno il 50 per cento delle partite in stagione.\u00a0<\/p>\n<p>    cattivi pensieri\u2014 \u00a0<\/p>\n<p class=\"paragraph is-inline\" spellcheck=\"true\">Se il pallone torna tra i piedi di Thuram, ecco i cattivi pensieri prendersi la scena. Il giovane francese si \u00e8 sottoposto ad un consulto medico sulle condizioni del ginocchio a Lione e la risposta ottenuta non \u00e8 di quelle rassicuranti, anzi: nessuna decisione \u00e8 stata ancora presa, ma sul tavolo c\u2019\u00e8 anche l\u2019indicazione di un possibile intervento chirurgico per risolvere il fastidio che tormenta Thuram da mesi e che gli ha impedito di giocare anche un solo minuto dentro al calcio d\u2019agosto o nelle prime due gare di campionato, a Frosinone e con il Parma. Le prossime ore saranno quelle decisive perch\u00e9 sar\u00e0 il centrocampista a far conoscere le sue intenzioni dopo una breve, ma profonda riflessione: comunque vada, il timore che non si tratti di un problema di rapida soluzione \u00e8 pi\u00f9 che reale con la Juventus consapevole della possibilit\u00e0 di perdere il francese per un po\u2019. Arriva Sarr, Spalletti pu\u00f2 tirare un sospiro di sollievo ora che l\u00e0 in mezzo \u00e8 scattato l\u2019allarme rosso: in principio c\u2019era Kessie, poi, Kessie, ha virato per sposare o, meglio, risposare la causa bergamasca, cos\u00ec, in un attimo, ha preso forma e sostanza il piano alternativo con il nome del senegalese del Tottenham finito in primissima fila.\u00a0<\/p>\n<p><a class=\"is-partner-link\" href=\"https:\/\/ad.doubleclick.net\/ddm\/trackclk\/N1792338.340088CAIRORCSMEDIAS.P.\/B28038690.452531709;dc_trk_aid=646241311;dc_trk_cid=173665161;dc_lat=;dc_rdid=;tag_for_child_directed_treatment=;tfua=;gdpr=%24%7BGDPR%7D;gdpr_consent=%24%7BGDPR_CONSENT_755%7D;ltd=;dc_tdv=1\" rel=\"nofollow noopener\" target=\"_blank\">Guarda tutte le partite di Serie A Enilive in esclusiva nei locali Sky! Trova il locale pi\u00f9 vicino a te.<\/a><\/p>\n<p>        <img decoding=\"async\" loading=\"lazy\" alt=\"LONDON, ENGLAND - AUGUST 16: Pape Sarr of Tottenham Hotspur looks on during the Premier League match between Tottenham Hotspur and Burnley at Tottenham Hotspur Stadium on August 16, 2025 in London, England. (Photo by Justin Setterfield\/Getty Images)\" src=\"https:\/\/dimages2.gazzettaobjects.it\/files\/image_527_789_h\/uploads\/2026\/09\/01\/6a9660e0988d0.jpeg\" data-full-src=\"https:\/\/www.europesays.com\/it\/wp-content\/uploads\/2026\/09\/6a9660e0988d0.jpeg\"\/><\/p>\n<p>    la crescita\u2014 \u00a0<\/p>\n<p class=\"paragraph is-inline\" spellcheck=\"true\">Duttilit\u00e0, resistenza, intelligenza tattica e, soprattutto, margini di crescita a ventiquattro anni da compiere tra due settimane: tutto questo fanno di Sarr un giocatore che nelle mani dell\u2019ex ct azzurro pu\u00f2 valorizzarsi ancora di pi\u00f9. Domenica sera ecco il primo bivio di stagione con il Milan ed ecco la prima, probabile, occasione per Sarr di lanciare il suo messaggio ad un campionato che lo incuriosisce. E non poco. In vista della delicata sfida con Amorin e i suoi ragazzi, Spalletti rischia seriamente di dover fare a meno anche di Cambiaso, vittima di una distorsione alla caviglia durante la gara con il Parma di sabato scorso. Un lunga serie di problemi fisici che danno un po\u2019 di pensieri allo stesso Spalletti. L\u00e0 in mezzo, Sarr si candida a dare subito una mano: con il suo arrivo non ci saranno altre operazioni in entrata nonostante i dubbi sulle condizioni di Thuram. All\u2019appello risponder\u00e0 presente anche l\u2019olandese Koopmeiners, salvo sorprese prima di cena.<\/p>\n<p class=\"is-copyright\">\u00a9 RIPRODUZIONE RISERVATA<\/p>\n","protected":false},"excerpt":{"rendered":"Sbarcato a Torino per sostenere le visite mediche, \u00e8 pronto a mettersi subito a disposizione di Spalletti: intanto&hellip;\n","protected":false},"author":3,"featured_media":659271,"comment_status":"","ping_status":"","sticky":false,"template":"","format":"standard","meta":{"footnotes":"","_share_on_mastodon":"0"},"categories":[1452],"tags":[363673,4013,7920,721,1856,24637,276076,3858,1276,1307,5886,100460,1112,16954,450,1820,1740,3368,564,1537,90,89,558,14653,604,553,183537,363674,363675,6301,2095,31693,15721,363676,13287,1739,24806,245,244,577,33591],"class_list":["post-659270","post","type-post","status-publish","format-standard","has-post-thumbnail","category-calcio","tag-amorin","tag-attimo","tag-azzurro","tag-calcio","tag-campionato","tag-cattivi","tag-cattivi-pensieri","tag-condizioni","tag-corsa","tag-crescita","tag-ct","tag-ct-azzurro","tag-domenica","tag-domenica-sera","tag-emergenza","tag-fila","tag-football","tag-francese","tag-giocatore","tag-it","tag-italia","tag-italy","tag-juventus","tag-kessie","tag-mediche","tag-milan","tag-pape","tag-pape-sarr","tag-pape-sarr-corsa","tag-parma","tag-pensieri","tag-prese","tag-sarr","tag-sarr-corsa","tag-sera","tag-soccer","tag-spalletti","tag-sport","tag-sports","tag-stagione","tag-thuram"],"share_on_mastodon":{"url":"https:\/\/pubeurope.com\/@it\/117194558355358278","error":""},"_links":{"self":[{"href":"https:\/\/www.europesays.com\/it\/wp-json\/wp\/v2\/posts\/659270","targetHints":{"allow":["GET"]}}],"collection":[{"href":"https:\/\/www.europesays.com\/it\/wp-json\/wp\/v2\/posts"}],"about":[{"href":"https:\/\/www.europesays.com\/it\/wp-json\/wp\/v2\/types\/post"}],"author":[{"embeddable":true,"href":"https:\/\/www.europesays.com\/it\/wp-json\/wp\/v2\/users\/3"}],"replies":[{"embeddable":true,"href":"https:\/\/www.europesays.com\/it\/wp-json\/wp\/v2\/comments?post=659270"}],"version-history":[{"count":0,"href":"https:\/\/www.europesays.com\/it\/wp-json\/wp\/v2\/posts\/659270\/revisions"}],"wp:featuredmedia":[{"embeddable":true,"href":"https:\/\/www.europesays.com\/it\/wp-json\/wp\/v2\/media\/659271"}],"wp:attachment":[{"href":"https:\/\/www.europesays.com\/it\/wp-json\/wp\/v2\/media?parent=659270"}],"wp:term":[{"taxonomy":"category","embeddable":true,"href":"https:\/\/www.europesays.com\/it\/wp-json\/wp\/v2\/categories?post=659270"},{"taxonomy":"post_tag","embeddable":true,"href":"https:\/\/www.europesays.com\/it\/wp-json\/wp\/v2\/tags?post=659270"}],"curies":[{"name":"wp","href":"https:\/\/api.w.org\/{rel}","templated":true}]}}