{"id":659276,"date":"2026-09-01T07:20:16","date_gmt":"2026-09-01T07:20:16","guid":{"rendered":"https:\/\/www.europesays.com\/it\/659276\/"},"modified":"2026-09-01T07:20:16","modified_gmt":"2026-09-01T07:20:16","slug":"autry-e-changbin-degli-stray-kids-insieme-per-una-nuova-capsule-collection-lintervista","status":"publish","type":"post","link":"https:\/\/www.europesays.com\/it\/659276\/","title":{"rendered":"Autry e Changbin degli Stray Kids insieme per una nuova capsule collection. L&#8217;intervista"},"content":{"rendered":"<p><img decoding=\"async\" alt=\"Autry e Changbin\" loading=\"lazy\" class=\"ResponsiveImageContainer-dkeESL cQPiWi responsive-image__image\"   src=\"https:\/\/www.europesays.com\/it\/wp-content\/uploads\/2026\/09\/01_0335_M1%20-%20dimensioni%20grandi.jpeg\"\/><\/p>\n<p>Courtesy Press Office<\/p>\n<p>Per comprendere al meglio anche il punto di vista di Changbin, lo abbiamo incontrato e intervistato nella sede di Autry a Dolo, nei pressi di Venezia, all\u2019interno di una villa veneta del XVII secolo.<\/p>\n<p><strong>Changbin, cosa significa per te essere stato scelto come Global Brand Ambassador di Autry?<\/strong><\/p>\n<p>\u00c8 davvero un grande onore essere stato scelto come Global Brand Ambassador di Autry. Conoscere la storia del brand e i valori che ha saputo mantenere nel corso degli anni rende questa opportunit\u00e0 ancora pi\u00f9 significativa. Sono entusiasta di iniziare questo percorso insieme ad Autry e spero che la mia creativit\u00e0 e la mia passione possano creare una forte sinergia con il brand, continuando a ispirare le persone insieme.<\/p>\n<p><strong>Quali caratteristiche cerchi in una scarpa per le prove, le esibizioni dal vivo e l\u2019uso quotidiano?<\/strong><\/p>\n<p>Per me, <strong>il comfort viene sempre al primo posto<\/strong>, <strong>ma mi piace anche scegliere scarpe che rispecchino lo spirito della giornata<\/strong>. Nei giorni in cui ho un concerto o una prova, indosso solitamente le Autry Hyperway perch\u00e9 sono leggere, comode e mi offrono il supporto di cui ho bisogno. Per tutti i giorni o quando viaggio, invece, scelgo spesso le Medalist. Si abbinano con estrema facilit\u00e0 praticamente a qualsiasi outfit e adoro il modo in cui combinano un\u2019estetica classica e senza tempo con un tocco pulito e contemporaneo.<\/p>\n<p><img decoding=\"async\" alt=\"Autry e Changbin\" loading=\"lazy\" class=\"ResponsiveImageContainer-dkeESL cQPiWi responsive-image__image\"   src=\"https:\/\/www.europesays.com\/it\/wp-content\/uploads\/2026\/09\/02_0758_M1%20-%20dimensioni%20grandi.jpeg\"\/><\/p>\n<p>Courtesy Press Office<\/p>\n","protected":false},"excerpt":{"rendered":"Courtesy Press Office Per comprendere al meglio anche il punto di vista di Changbin, lo abbiamo incontrato e&hellip;\n","protected":false},"author":3,"featured_media":659277,"comment_status":"","ping_status":"","sticky":false,"template":"","format":"standard","meta":{"footnotes":"","_share_on_mastodon":"0"},"categories":[1443],"tags":[203,1282,204,1537,90,89,1538,1539,7931],"class_list":["post-659276","post","type-post","status-publish","format-standard","has-post-thumbnail","category-musica","tag-entertainment","tag-intervista","tag-intrattenimento","tag-it","tag-italia","tag-italy","tag-music","tag-musica","tag-sneakers"],"share_on_mastodon":{"url":"https:\/\/pubeurope.com\/@it\/117194576835595314","error":""},"_links":{"self":[{"href":"https:\/\/www.europesays.com\/it\/wp-json\/wp\/v2\/posts\/659276","targetHints":{"allow":["GET"]}}],"collection":[{"href":"https:\/\/www.europesays.com\/it\/wp-json\/wp\/v2\/posts"}],"about":[{"href":"https:\/\/www.europesays.com\/it\/wp-json\/wp\/v2\/types\/post"}],"author":[{"embeddable":true,"href":"https:\/\/www.europesays.com\/it\/wp-json\/wp\/v2\/users\/3"}],"replies":[{"embeddable":true,"href":"https:\/\/www.europesays.com\/it\/wp-json\/wp\/v2\/comments?post=659276"}],"version-history":[{"count":0,"href":"https:\/\/www.europesays.com\/it\/wp-json\/wp\/v2\/posts\/659276\/revisions"}],"wp:featuredmedia":[{"embeddable":true,"href":"https:\/\/www.europesays.com\/it\/wp-json\/wp\/v2\/media\/659277"}],"wp:attachment":[{"href":"https:\/\/www.europesays.com\/it\/wp-json\/wp\/v2\/media?parent=659276"}],"wp:term":[{"taxonomy":"category","embeddable":true,"href":"https:\/\/www.europesays.com\/it\/wp-json\/wp\/v2\/categories?post=659276"},{"taxonomy":"post_tag","embeddable":true,"href":"https:\/\/www.europesays.com\/it\/wp-json\/wp\/v2\/tags?post=659276"}],"curies":[{"name":"wp","href":"https:\/\/api.w.org\/{rel}","templated":true}]}}