{"id":659282,"date":"2026-09-01T07:23:15","date_gmt":"2026-09-01T07:23:15","guid":{"rendered":"https:\/\/www.europesays.com\/it\/659282\/"},"modified":"2026-09-01T07:23:15","modified_gmt":"2026-09-01T07:23:15","slug":"loncologo-ermanno-leo-il-cancro-cera-gia-nelle-mummie-oggi-e-diventato-un-grande-business-ho-operato-piu-di-35-mila-persone-curai-gino-paoli","status":"publish","type":"post","link":"https:\/\/www.europesays.com\/it\/659282\/","title":{"rendered":"L\u2019oncologo Ermanno Leo: \u00abIl cancro c\u2019era gi\u00e0 nelle mummie, oggi \u00e8 diventato un grande business. Ho operato pi\u00f9 di 35 mila persone. Curai Gino Paoli\u00bb"},"content":{"rendered":"<p>    di<br \/>\n    Roberta Scorranese<\/p>\n<p class=\"summary-art is-line-h-12\">Il chirurgo: \u00abCurai Gino Paoli, Renato Zero \u00e8 un grande amico.  Sul Covid ancora punti oscuri\u00bb<\/p>\n<p class=\"chapter-paragraph\">\u00c8 un agosto caldissimo a Milano, la citt\u00e0 \u00e8 vuota ma in uno studio in  centro, pieno di documenti, fotocopie e ricordi, c\u2019\u00e8 un medico che non conosce vacanza. \u00abNon sopporto che qualcuno stia male\u00bb, dice mentre prepara un faldone di fotografie. <b><a href=\"https:\/\/www.corriere.it\/salute\/15_dicembre_16\/chirurgia-aperta-o-chiusa-bb1261c2-a3f6-11e5-900d-2dd5b80ea9fe.shtml\" rel=\"nofollow noopener\" target=\"_blank\">Ermanno Leo<\/a>, classe 1949, uno dei chirurghi oncologici pi\u00f9 famosi e riconosciuti in Italia<\/b>, \u00e8 al suo posto. \u00abMettiamo il caso che un paziente abbia bisogno in piena estate&#8230;\u00bb.<\/p>\n<p class=\"chapter-paragraph\"><b>Speriamo di no, professore.<br \/><\/b>\u00abMa per me il dialogo fitto con le persone che mi danno fiducia \u00e8 essenziale. Mi chiamano a tutte le ore, mi chiedono anche semplici consigli\u00bb.    &#13;<br \/>\n&#13;<br \/>\n&#13;<br \/>\n&#13;<br \/>\n&#13;<br \/>\n&#13;<br \/>\n&#13;<br \/>\n&#13;<br \/>\n&#13;<br \/>\n&#13;<br \/>\n&#13;<br \/>\n&#13;<br \/>\n&#13;<br \/>\n&#13;<br \/>\n&#13;<br \/>\n&#13;<br \/>\n&#13;<br \/>\n&#13;<br \/>\n&#13;<br \/>\n&#13;<br \/>\n&#13;<br \/>\n&#13;<br \/>\n&#13;<br \/>\n&#13;<br \/>\n&#13;<br \/>\n&#13;<br \/>\n&#13;<br \/>\n&#13;<br \/>\n&#13;<br \/>\n&#13;<br \/>\n&#13;<br \/>\n&#13;<br \/>\n&#13;<br \/>\n&#13;<br \/>\n&#13;<br \/>\n&#13;<br \/>\n&#13;<br \/>\n&#13;<br \/>\n&#13;<br \/>\n&#13;<br \/>\n&#13;<br \/>\n&#13;<br \/>\n&#13;<br \/>\n&#13;<br \/>\n&#13;<br \/>\n&#13;<br \/>\n&#13;<br \/>\n&#13;<br \/>\n&#13;<br \/>\n&#13;<br \/>\n&#13;<br \/>\n&#13;<br \/>\n&#13;\n<\/p>\n<p class=\"chapter-paragraph\"><b>Lei \u00e8 nato a Canosa di Puglia, com\u2019\u00e8 arrivato all\u2019Istituto Nazionale dei Tumori di Milano dove ha creato e diretto la Struttura complessa di chirurgia del colon-retto?<br \/><\/b>\u00abDopo la specializzazione in Chirurgia Oncologica, ma va detto che all\u2019epoca non mi occupavo solo di colon-retto ma anche di chirurgia toracica, addominale e  altro. Grazie al sistema delle cosiddette rotazioni, ho imparato molto\u00bb.<\/p>\n<p class=\"chapter-paragraph\"><b>Prima per\u00f2 ha studiato e fatto ricerca a Napoli.<br \/><\/b>\u00abS\u00ec, dove ho imparato che la chirurgia oncologica \u00e8 molto diversa dalle altre. Poi Milano, sotto la guida di Pietro Bucalossi, pioniere del settore\u00bb.<\/p>\n<p class=\"chapter-paragraph\"><b>Per\u00f2 lei \u00e8 stato il pioniere di una tecnica innovativa che ha cambiato la vita a migliaia e migliaia di persone.<br \/><\/b>\u00abS\u00ec, perch\u00e9 con la mia \u00e9quipe ho messo a punto una tecnica conservativa della funzione rettale che prevede la ricostruzione dell\u2019ampolla rettale nella gran parte dei pazienti destinati potenzialmente a portare a vita il contenitore esterno per la raccolta delle feci. In sintesi, grazie a questa tecnica si evita il sacchetto\u00bb.<\/p>\n<p class=\"chapter-paragraph\"><b>Certamente un traguardo importante.<br \/><\/b>\u00abChi veniva operato di cancro al colon prima era costretto a portare a vita questa appendice. Non era giusto, secondo me. La delicatezza della chirurgia \u00e8 importante\u00bb.<\/p>\n<p class=\"chapter-paragraph\"><b>Qualche mese fa l\u2019Organizzazione per la Cooperazione e lo Sviluppo Economico ha diffuso una nota: il tumore colorettale \u00e8 in aumento, soprattutto tra i pi\u00f9 giovani.<br \/><\/b>\u00abS\u00ec, lo so. Certamente penso che una buona anamnesi sia importante ma diffido di chi attribuisce le cause soltanto allo stile di vita o all\u2019alimentazione: basti pensare che le prime tracce di tumore sono state ritrovate nelle ossa delle mummie egizie, migliaia di anni fa. Non penso che loro fumassero o che mangiassero cibo ultraprocessato\u00bb.<\/p>\n<p class=\"chapter-paragraph\"><b>Professore, ci sono dei tumori di cui si parla spesso e altri invece meno al centro della cronaca. Perch\u00e9 secondo lei?<br \/><\/b>\u00abForse perch\u00e9 interessano meno?\u00bb<\/p>\n<p class=\"chapter-paragraph\"><b>In che senso?<br \/><\/b>\u00abInutile negare che intorno al cancro ci siano interessi economici, molto forti. Qualche volta leggo  e sento parlare di ricerche considerate determinanti quando spesso non lo sono. I medici dovrebbero parlare chiaro, e purtroppo non sempre accade: ci sono tumori poco aggressivi, tanto aggressivi e letali. Mi creda, non \u00e8 facile dire a una persona che si siede davanti alla tua scrivania che ha un tumore, forse \u00e8 una delle cose pi\u00f9 difficili da fare. Per\u00f2 qualche volta la schiettezza \u00e8 tutto\u00bb.<\/p>\n<p class=\"chapter-paragraph\"><b>Quanti interventi ha eseguito nel corso della sua carriera?<br \/><\/b>\u00abQuasi trentacinquemila di patologia oncologica generale\u00bb.<\/p>\n<p class=\"chapter-paragraph\"><b>Nel 2004 l\u2019allora presidente della Repubblica Carlo Azeglio Ciampi volle insignirla della Medaglia d\u2019Oro al Merito della Sanit\u00e0 Pubblica.<br \/><\/b>\u00abUn riconoscimento che arrivava soprattutto perch\u00e9 con le nostre ricerche avevamo migliorato la qualit\u00e0 di vita dei pazienti, abbassando notevolmente i casi di recidiva. Bisogna pensare che il cancro \u00e8 una malattia della quale sappiamo ancora poco, nonostante tanti annunci\u00bb.<\/p>\n<p class=\"chapter-paragraph\"><b>Anni fa ci fu la prima sperimentazione clinica di un vaccino terapeutico per i tumori del colon retto, eseguita all\u2019Istituto dei Tumori di Milano dall\u2019\u00e9quipe da lei guidata. Come and\u00f2?<br \/><\/b>\u00abI primi risultati furono incoraggianti. In pratica, ci accorgemmo che il sistema immunitario dei pazienti e i suoi globuli bianchi possono riconoscere e distruggere una proteina chiamata survivina che permette alle cellule tumorali di sopravvivere e proliferare\u00bb.<\/p>\n<p class=\"chapter-paragraph\"><b>Per\u00f2 poi il vaccino non \u00e8 stato messo a punto.<br \/><\/b>\u00abNo, il gruppo farmaceutico che ci avrebbe dovuto sostenere si dilegu\u00f2\u00bb.<\/p>\n<p class=\"chapter-paragraph\"><b>Perch\u00e9, secondo lei?<br \/><\/b>\u00abForse perch\u00e9 non eravamo abbastanza interessanti sul piano dei ricavi? Non lo so\u00bb.<\/p>\n<p class=\"chapter-paragraph\"><b>Crede che oggi la scienza si illuda troppo di navigare nelle certezze?<br \/><\/b>\u00abS\u00ec, lo credo. Per esempio, ancora non ci hanno detto esattamente com\u2019\u00e8 nato il<a href=\"\"> Covid-19<\/a>. Per carit\u00e0, le ricerche sono state fatte, sappiamo del primo focolaio in Cina. Ma le origini vere, nei dettagli, sono ancora incerte. Non si tratta di essere scettici, si tratta di essere onesti e di riconoscere che tante cose non le sappiamo. Quello che sappiamo di certo \u00e8 che durante la pandemia tante persone malate di cancro non si sono potute curare\u00bb.<\/p>\n<p class=\"chapter-paragraph\"><b>Nel 2022, durante la corsa al Quirinale, a sorpresa i media diffusero la notizia che lei ottenne due preferenze.<br \/><\/b>\u00abMa anche nel 2013, anzi allora ne ottenni tre\u00bb.<\/p>\n<p class=\"chapter-paragraph\"><b>Ma come mai?<br \/><\/b><a href=\"https:\/\/www.corriere.it\/politica\/22_gennaio_04\/ermanno-leo-quirinale-presidente-repubblica-e3fc4ce8-6cc6-11ec-b2f5-59ed4f180ff5.shtml\" rel=\"nofollow noopener\" target=\"_blank\">\u00abE che ne so? <\/a>Ci saranno dei politici dotati di un grande senso dell\u2019umorismo. Di certo, posso dire che ne conosco tanti perch\u00e9 ho curato centinaia di migliaia di persone\u00bb.<\/p>\n<p class=\"chapter-paragraph\"><b>La politica non le interessa?<br \/><\/b>\u00abPer carit\u00e0. Io sono ancora in attivit\u00e0, per esempio collaboro con la Casa di Cura La Madonnina. Non smetto di fare ricerca, sono in contatto con medici di tutto il mondo. \u00c8 l\u2019unica cosa che mi interessa. Lo sa che una volta un pool di chirurghi giapponesi venne in visita a Milano per studiare le innovazioni che io e la mia squadra avevamo messo a punto?\u00bb.<\/p>\n<p class=\"chapter-paragraph\">Suona il telefono. \u00c8 <a href=\"\">Renato Zero<\/a>, grande amico del professore. Scambio di battute, l\u2019artista ci tiene a sottolineare che \u00abErmanno Leo \u00e8 una delle persone pi\u00f9 straordinarie che io abbia mai conosciuto\u00bb.<\/p>\n<p class=\"chapter-paragraph\"><b>Professore, tra i suoi pazienti ci sono stati e ci sono anche tanti artisti?<br \/><\/b>\u00abS\u00ec, ma anche tanti amici. Persone che vengono da me semplicemente per un parere. Una volta venne il povero <a href=\"\">Gino Paoli<\/a>. Lo avevano curato male in un punto delicato del suo corpo. Lo misi a posto io\u00bb.<\/p>\n<p class=\"chapter-paragraph\"><b>Berlusconi lo ha mai incontrato?<br \/><\/b>\u00abS\u00ec perch\u00e9 tra le tante cose che posso annoverare ci sono anche due o tre Telegatti che ho vinto\u00bb.<\/p>\n<p class=\"chapter-paragraph\"><b>Scusi, ma lei che cosa c\u2019entra con i Telegatti, premi per la televisione e lo spettacolo?<br \/><\/b>\u00abPerch\u00e9 faccio parte anche di un\u2019associazione benefica, l\u2019Areco, Associazione per la Ricerca Europea in chirurgia oncologica, a cui andarono i ricavi della vendita dei biglietti della serata dedicata alla televisione, parliamo di diversi anni fa\u00bb.<\/p>\n<p class=\"chapter-paragraph\"><b>L\u2019Ambrogino d\u2019Oro conquistato nel 2021 \u00e8 un\u2019altra cosa.<br \/><\/b>\u00abBe\u2019, \u00e8 <a href=\"https:\/\/milano.corriere.it\/foto-gallery\/cronaca\/21_dicembre_07\/ambrogini-d-oro-2021-chi-sono-premiati-2a6d2a30-5750-11ec-a930-bf44d710576f.shtml\" rel=\"nofollow noopener\" target=\"_blank\">il premio pi\u00f9 importante a Milano<\/a>. Non male per uno che tanti anni fa fece le valigie e part\u00ec da Canosa di Puglia\u00bb.<\/p>\n<p class=\"chapter-paragraph\"><b>Lei ha un figlio. Non fa il medico ma il pilota di auto da corsa. Che padre \u00e8 Ermanno Leo?<br \/><\/b>\u00abNon apprensivo ma molto felice di averlo accanto quando \u00e8 possibile. Lui ha una vita sua e io ho i miei pazienti, ma si pu\u00f2 dire che l\u2019ho cresciuto bene, mi sta restituendo tanto. \u00c8 la felicit\u00e0. Insieme all\u2019occuparmi ancora di pazienti che continuano a venire da me\u00bb.<\/p>\n<p class=\"is-last-update\" datetime=\"2026-08-31T21:57:09+02:00\">1 settembre 2026<\/p>\n<p class=\"is-copyright\">\n            \u00a9 RIPRODUZIONE RISERVATA\n        <\/p>\n","protected":false},"excerpt":{"rendered":"di Roberta Scorranese Il chirurgo: \u00abCurai Gino Paoli, Renato Zero \u00e8 un grande amico. Sul Covid ancora punti&hellip;\n","protected":false},"author":3,"featured_media":659283,"comment_status":"","ping_status":"","sticky":false,"template":"","format":"standard","meta":{"footnotes":"","_share_on_mastodon":"0"},"categories":[175],"tags":[17602,4008,2332,9223,44794,363678,56448,104,9933,102315,15995,148574,23358,24397,555,1276,122,363679,363680,363681,8782,11157,363677,16456,16459,239,4877,48,18240,1196,58952,262391,1537,90,89,12606,1222,452,9476,138932,12651,28,363682,2737,83434,10211,3206,16457,5775,10225,5385,4966,307800,3492,6092,46163,10898,494,26096,26349,363683,363684,24401,3516,614,144,10138,240,20525,2677,2434,2099,1272,337,659,5248,33084,1900,2642],"class_list":["post-659282","post","type-post","status-publish","format-standard","has-post-thumbnail","category-salute","tag-aggressivi","tag-amico","tag-associazione","tag-cancro","tag-canosa","tag-canosa-puglia","tag-carita","tag-centro","tag-certamente","tag-chirurghi","tag-chirurgia","tag-chirurgia-oncologica","tag-colon","tag-colon-retto","tag-com","tag-corsa","tag-cose","tag-curai","tag-curai-gino","tag-curai-gino-paoli","tag-curato","tag-ermanno","tag-ermanno-leo","tag-gino","tag-gino-paoli","tag-health","tag-imparato","tag-importante","tag-interessa","tag-istituto","tag-istituto-tumori","tag-istituto-tumori-milano","tag-it","tag-italia","tag-italy","tag-leo","tag-medici","tag-medico","tag-messo","tag-messo-punto","tag-migliaia","tag-milano","tag-mummie","tag-nato","tag-oncologica","tag-operato","tag-oro","tag-paoli","tag-parlare","tag-pazienti","tag-pensare","tag-penso","tag-pioniere","tag-portare","tag-posso","tag-professore","tag-puglia","tag-punto","tag-renato","tag-renato-zero","tag-renato-zero-amico","tag-rettale","tag-retto","tag-ricavi","tag-ricerca","tag-ricerche","tag-riconoscere","tag-salute","tag-sappiamo","tag-senso","tag-si","tag-sistema","tag-so","tag-soprattutto","tag-tante","tag-tanti","tag-tecnica","tag-tumore","tag-tumori"],"share_on_mastodon":{"url":"","error":"Validation failed: Text character limit of 500 exceeded"},"_links":{"self":[{"href":"https:\/\/www.europesays.com\/it\/wp-json\/wp\/v2\/posts\/659282","targetHints":{"allow":["GET"]}}],"collection":[{"href":"https:\/\/www.europesays.com\/it\/wp-json\/wp\/v2\/posts"}],"about":[{"href":"https:\/\/www.europesays.com\/it\/wp-json\/wp\/v2\/types\/post"}],"author":[{"embeddable":true,"href":"https:\/\/www.europesays.com\/it\/wp-json\/wp\/v2\/users\/3"}],"replies":[{"embeddable":true,"href":"https:\/\/www.europesays.com\/it\/wp-json\/wp\/v2\/comments?post=659282"}],"version-history":[{"count":0,"href":"https:\/\/www.europesays.com\/it\/wp-json\/wp\/v2\/posts\/659282\/revisions"}],"wp:featuredmedia":[{"embeddable":true,"href":"https:\/\/www.europesays.com\/it\/wp-json\/wp\/v2\/media\/659283"}],"wp:attachment":[{"href":"https:\/\/www.europesays.com\/it\/wp-json\/wp\/v2\/media?parent=659282"}],"wp:term":[{"taxonomy":"category","embeddable":true,"href":"https:\/\/www.europesays.com\/it\/wp-json\/wp\/v2\/categories?post=659282"},{"taxonomy":"post_tag","embeddable":true,"href":"https:\/\/www.europesays.com\/it\/wp-json\/wp\/v2\/tags?post=659282"}],"curies":[{"name":"wp","href":"https:\/\/api.w.org\/{rel}","templated":true}]}}