{"id":659292,"date":"2026-09-01T07:28:18","date_gmt":"2026-09-01T07:28:18","guid":{"rendered":"https:\/\/www.europesays.com\/it\/659292\/"},"modified":"2026-09-01T07:28:18","modified_gmt":"2026-09-01T07:28:18","slug":"bocciato-laeroporto-forli-ravenna-volano-gli-stracci-nei-cieli-di-romagna-rimini-e-lo-scalo-di-riferimento","status":"publish","type":"post","link":"https:\/\/www.europesays.com\/it\/659292\/","title":{"rendered":"Bocciato l\u2019aeroporto Forl\u00ec-Ravenna, volano gli stracci nei cieli di Romagna: \u201cRimini \u00e8 lo scalo di riferimento\u201d"},"content":{"rendered":"<p>Rimini, 1 settembre 2026 \u2013\u00a0<strong>L\u2019aeroporto <\/strong>di Rimini continua a crescere. Sono stati 326mila i passeggeri da gennaio fino a luglio (+40%), e l\u2019obiettivo \u00e8 chiudere l\u2019anno con circa 650mila passeggeri. A Forl\u00ec le cose non vanno cos\u00ec bene: poco pi\u00f9 di 50mila passeggeri nei primi 7 mesi, in calo del 20%. \u201cDobbiamo rafforzare la strategia romagnola e lavorare sulla sinergia tra i territori. Per questo \u2013 ha detto Gian Luca Zattini, sindaco di Forl\u00ec \u2013 il nostro scalo dovrebbe essere promosso come aeroporto di Forl\u00ec e Ravenna\u201d. Zattini incontrer\u00e0 a breve Alessandro Barattoni, sindaco di Ravenna. Ma il progetto sta gi\u00e0 decollando. E fa infuriare i riminesi. Che all\u2019orizzonte vedono l\u2019ennesima guerra dei cieli, nonostante il governatore Michele de Pascale lavori (da mesi) a un piano regionale degli aeroporti.<\/p>\n<p>Approfondisci:<\/p>\n<p><a href=\"https:\/\/www.ilrestodelcarlino.it\/cesena\/cronaca\/aeroporto-forli-ravenna-cesena-fuori-nome-r2q57kq4\" class=\"ArticleEmbed_article__embed__content__Jzqnz\" rel=\"nofollow noopener\" target=\"_blank\">Aeroporto Forl\u00ec Ravenna, Cesena non menzionata. Lattuca: \u201cContano i voli\u201d. Casali: \u201cCitt\u00e0 ai margini\u201d<img alt=\"Aeroporto Forl\u00ec Ravenna, Cesena non menzionata. Lattuca: \u201cContano i voli\u201d. Casali: \u201cCitt\u00e0 ai margini\u201d\" loading=\"lazy\" width=\"140\" height=\"78\" decoding=\"async\" data-nimg=\"1\" style=\"color:transparent\"  src=\"https:\/\/www.europesays.com\/it\/wp-content\/uploads\/2026\/09\/fe_ale_3393-109707678.webp\"\/><\/a><br \/>\nUn\u00a0sistema regionale degli scali <\/p>\n<p><strong>\u201cAvere<\/strong> un sistema regionale degli scali \u00e8 l\u2019obiettivo a cui sta lavorando, e bene, la nostra Regione \u2013 premette Giulia Corazzi, segretaria provinciale Pd \u2013 Francamente non mi pare che le dichiarazioni del sindaco di Forl\u00ec vadano in questa direzione: ho molti dubbi, visto che si limita a cercare sinergie con la vicina Ravenna, senza alcun ragionamento rispetto alla Romagna intera\u201d.<strong> \u201cL\u2019aeroporto di Rimini \u2013 aggiunge Corazzi \u2013<\/strong> continua a crescere grazie all\u2019unione tra societ\u00e0 di gestione, Apt e gli enti locali, con il Comune di Rimini in testa. Invece Zattini, forse perch\u00e9 pi\u00f9 in difficolt\u00e0, cerca altre soluzioni\u201d.<\/p>\n<p>La\u00a0stoccata del centrodestra <\/p>\n<p><strong>Corazzi \u00e8 certa che \u201cgi\u00e0 nelle prossime settimane <\/strong>il presidente de Pascale e l\u2019assessora al turismo Roberta Frisoni faranno il punto sul sistema regionale degli scali, anche alla luce delle dichiarazioni di Forl\u00ec\u201d. Poi la stoccata al centrodestra, che \u201ccontinua a ragionare con il solito schema: tenere tutti buoni dicendo tutto quello che ci si vuol sentire dire, ma se poi ragioni di partito conducono a un approdo opposto allora va ancora meglio\u201d.  <\/p>\n<p>I dati <\/p>\n<p>I<strong>n realt\u00e0<\/strong> per Nicola Marcello, consigliere e coordinatore provinciale di Fratelli d\u2019Italia, \u201ccambiare nome allo scalo forlivese, magari con l\u2019intento di accreditarsi come aeroporto della Romagna, servir\u00e0 a poco. I dati lo dicono: il vero aeroporto della Romagna \u00e8 Rimini, che sta tornando crescere, vanta una storia importante, \u00e8 in una zona baricentrica. In ogni caso farsi la guerra tra piccoli scali non conviene a nessuno, anzi&#8230;\u201d. La pensa cos\u00ec pure Antonio Barboni, segretario di Forza Italia. Che affonda la \u201cpazza idea\u201d di Zattini: \u201cChi \u00e8 con l\u2019acqua alla gola cerca qualunque strada per salvarsi. I piccoli aeroporti, se non giocano di squadra non riusciranno mai a crescere\u201d. Detto questo, \u201cRimini \u00e8 il motore del turismo, non Ravenna o Forl\u00ec. E il \u2019Fellini\u2019 sta facendo dei numeri che al \u2019Ridolfi\u2019 se li sognano\u201d. <\/p>\n","protected":false},"excerpt":{"rendered":"Rimini, 1 settembre 2026 \u2013\u00a0L\u2019aeroporto di Rimini continua a crescere. Sono stati 326mila i passeggeri da gennaio fino&hellip;\n","protected":false},"author":3,"featured_media":659293,"comment_status":"","ping_status":"","sticky":false,"template":"","format":"standard","meta":{"footnotes":"","_share_on_mastodon":"0"},"categories":[79],"tags":[867,58609,68057,14,93,94,363689,1537,90,89,7,15,10226,10973,10759,19382,135267,11,84,91,12,85,92,42232],"class_list":["post-659292","post","type-post","status-publish","format-standard","has-post-thumbnail","category-italia","tag-aeroporto","tag-bocciato","tag-cieli","tag-cronaca","tag-cronaca-italiana","tag-cronacaitaliana","tag-forliravenna","tag-it","tag-italia","tag-italy","tag-news","tag-notizie","tag-riferimento","tag-rimini","tag-romagna","tag-scalo","tag-stracci","tag-ultime-notizie","tag-ultime-notizie-e-news-di-oggi","tag-ultime-notizie-italia","tag-ultimenotizie","tag-ultimenotizieenewsdioggi","tag-ultimenotizieitalia","tag-volano"],"share_on_mastodon":{"url":"","error":""},"_links":{"self":[{"href":"https:\/\/www.europesays.com\/it\/wp-json\/wp\/v2\/posts\/659292","targetHints":{"allow":["GET"]}}],"collection":[{"href":"https:\/\/www.europesays.com\/it\/wp-json\/wp\/v2\/posts"}],"about":[{"href":"https:\/\/www.europesays.com\/it\/wp-json\/wp\/v2\/types\/post"}],"author":[{"embeddable":true,"href":"https:\/\/www.europesays.com\/it\/wp-json\/wp\/v2\/users\/3"}],"replies":[{"embeddable":true,"href":"https:\/\/www.europesays.com\/it\/wp-json\/wp\/v2\/comments?post=659292"}],"version-history":[{"count":0,"href":"https:\/\/www.europesays.com\/it\/wp-json\/wp\/v2\/posts\/659292\/revisions"}],"wp:featuredmedia":[{"embeddable":true,"href":"https:\/\/www.europesays.com\/it\/wp-json\/wp\/v2\/media\/659293"}],"wp:attachment":[{"href":"https:\/\/www.europesays.com\/it\/wp-json\/wp\/v2\/media?parent=659292"}],"wp:term":[{"taxonomy":"category","embeddable":true,"href":"https:\/\/www.europesays.com\/it\/wp-json\/wp\/v2\/categories?post=659292"},{"taxonomy":"post_tag","embeddable":true,"href":"https:\/\/www.europesays.com\/it\/wp-json\/wp\/v2\/tags?post=659292"}],"curies":[{"name":"wp","href":"https:\/\/api.w.org\/{rel}","templated":true}]}}