{"id":659325,"date":"2026-09-01T07:55:20","date_gmt":"2026-09-01T07:55:20","guid":{"rendered":"https:\/\/www.europesays.com\/it\/659325\/"},"modified":"2026-09-01T07:55:20","modified_gmt":"2026-09-01T07:55:20","slug":"tensione-italia-spagna-dopo-ceuta-schengen-resta-bloccato-scontri-nellexclave","status":"publish","type":"post","link":"https:\/\/www.europesays.com\/it\/659325\/","title":{"rendered":"Tensione Italia-Spagna dopo Ceuta, Schengen resta bloccato. Scontri nell\u2019exclave"},"content":{"rendered":"<p>\t\t \tLa decisione dell\u2019Italia<\/p>\n<p>Il ministero dell\u2019Interno italiano ha parlato di una decisione \u201cassunta, in linea con l&#8217;analisi effettuata dal Comitato analisi immigrazione e sicurezza delle frontiere, in ragione del permanere degli elementi di valutazione che erano stati alla base della loro reintroduzione lo scorso 1\u00b0 agosto, ma al contempo anche tenendo conto delle iniziative gi\u00e0 avviate dalla Spagna, insieme all&#8217;Unione Europea, affinch\u00e9 in quell&#8217;area la situazione possa avviarsi a una prossima normalizzazione\u201d. Il ministro Piantedosi ha spiegato che \u201cabbiamo limitato la proroga a 15 giorni &#8211; ha spiegato il ministro &#8211; perch\u00e9 se da una parte l&#8217;analisi fatta dagli specialisti indica che permangano le motivazioni per cui \u00e8 stata iniziata questa misura, d&#8217;altra parte sicuramente \u00e8 apprezzabile lo sforzo che sta facendo il governo spagnolo, insieme all&#8217;Unione Europea, per superare la situazione che si \u00e8 creata\u201d.<\/p>\n<p>\t\t\t<a class=\"c-inline-card j-inline-card c-inline-card--with-image\" href=\"https:\/\/tg24.sky.it\/mondo\/2026\/08\/21\/migranti-italia-ultime-notizie\" rel=\"follow nofollow noopener\" data-intcmp=\"skytg24_articolo_approfondimenti_inline\" target=\"_blank\"><\/p>\n<p>\t\t\t         <img decoding=\"async\" crossorigin=\"anonymous\" alt=\"\"  loading=\"lazy\"  src=\"https:\/\/www.europesays.com\/it\/wp-content\/uploads\/2026\/08\/1786800796_167_migranti-ceuta-ansa.jpg\"\/><\/p>\n<p>\n\t\t\t         Leggi anche<br \/>\n\t\t\t         Altri Paesi trasferiranno migranti a Roma. Piantedosi: Spagna sorella\n\t\t\t      <\/p>\n<p>\t\t\t<\/a><\/p>\n<p>\t\t \tI controlli della Spagna<\/p>\n<p>Da parte sua la Spagna, fino a domenica 30 agosto, ha controllato 1.066 voli con un totale di 12.337 passeggeri di Paesi terzi provenienti dall&#8217;Italia. Un totale di 1.788 agenti hanno partecipato ai controlli. La decisione di Madrid di ripristinare i controlli dallo scorso 8 agosto aveva fatto seguito a quella adottata lo scorso 31 luglio dal governo italiano di sospendere l&#8217;accordo Schengen di libera circolazione con la Spagna per motivi di &#8220;sicurezza nazionale&#8221; a fronte della crisi migratoria a Ceuta. Prima della sospensione da parte di Madrid, il governo presieduto da Pedro Sanchez aveva chiesto a Roma di revocare le misure restrittive, senza successo.<\/p>\n<p>La situazione a Ceuta<\/p>\n<p>La crisi nell\u2019exclave di Ceuta, intanto, prosegue: si sono registrati infatti scontri tra migranti e la polizia \u00e8 intervenuta sparando in aria colpi di arma da fuoco a scopo dissuasorio. Sulla situazione, che prosegue ormai da un mese, \u00e8 intervenuto ancora il premier spagnolo Pedro Sanchez: &#8220;Ci sono state reti russe e israeliane che hanno diffuso una menzogna, dando a intendere che se si entrava a nuoto in questa citt\u00e0 autonoma, era impossibile il respingimento alla frontiera, cosa che non \u00e8 vera&#8221;, ha spiegato Sanchez, aggiungendo che &#8220;tra il 30 e il 31 luglio sono entrati a Ceuta intorno alle settantamila persone, delle quali nove su dieci tornate in Marocco. Resterebbero cinquemila persone, delle quali 1.500 minorenni&#8221;.<\/p>\n<p>\t\t\t<a class=\"c-inline-card j-inline-card c-inline-card--with-image\" href=\"https:\/\/tg24.sky.it\/mondo\/2026\/08\/31\/migranti-ceuta-scontri\" rel=\"follow nofollow noopener\" data-intcmp=\"skytg24_articolo_approfondimenti_inline\" target=\"_blank\"><\/p>\n<p>\t\t\t         <img decoding=\"async\" crossorigin=\"anonymous\" alt=\"Spain's National Police officers stand as migrants wait on the sidewalk before being registered in Loma Colmenar district of Ceuta on August 31, 2026. Tensions remain high in the territory of 80,000 inhabitants since tens of thousands of people crossed into Ceuta from Morocco over several days in July, triggering a Europe-wide migrant alert. Spanish Prime Minister said the rush of migrants to the Spanish enclave was still under investigation, though he ruled out any responsibility on the part of Moroccan authorities. (Photo by Antonio Sempere \/ AFP) \/ The erroneous mention appearing in the metadata of this photo by Antonio Sempere has been modified in AFP systems in the following manner: [on August 31, 2026] instead of   [on August 27, 2026]. Please immediately remove the erroneous mention[s] from all your online services and delete it  from your servers. If you have been authorized by AFP to distribute it to third parties, please ensure that the same actions are carried out by them. Failure to promptly comply with these instructions will entail liability on your part for any continued or post notification usage. Therefore we thank you very much for all your attention and prompt action. We are sorry for the inconvenience this notification may cause and remain at your disposal for any further information you may require.\"  loading=\"lazy\"  src=\"https:\/\/www.europesays.com\/it\/wp-content\/uploads\/2026\/09\/ceuta_scontri_getty.jpg\"\/><\/p>\n<p>\n\t\t\t         Leggi anche<br \/>\n\t\t\t         Scontri fra migranti a Ceuta, polizia spara in aria per disperderli\n\t\t\t      <\/p>\n<p>\t\t\t<\/a><\/p>\n","protected":false},"excerpt":{"rendered":"La decisione dell\u2019Italia Il ministero dell\u2019Interno italiano ha parlato di una decisione \u201cassunta, in linea con l&#8217;analisi effettuata&hellip;\n","protected":false},"author":3,"featured_media":659326,"comment_status":"","ping_status":"","sticky":false,"template":"","format":"standard","meta":{"footnotes":"","_share_on_mastodon":"0"},"categories":[79],"tags":[336208,14,93,94,369,1537,90,89,2092,7,15,98419,6059,11,84,91,12,85,92],"class_list":["post-659325","post","type-post","status-publish","format-standard","has-post-thumbnail","category-italia","tag-ceuta","tag-cronaca","tag-cronaca-italiana","tag-cronacaitaliana","tag-digitall","tag-it","tag-italia","tag-italy","tag-migranti","tag-news","tag-notizie","tag-schengen","tag-spagna","tag-ultime-notizie","tag-ultime-notizie-e-news-di-oggi","tag-ultime-notizie-italia","tag-ultimenotizie","tag-ultimenotizieenewsdioggi","tag-ultimenotizieitalia"],"share_on_mastodon":{"url":"https:\/\/pubeurope.com\/@it\/117194715501797896","error":""},"_links":{"self":[{"href":"https:\/\/www.europesays.com\/it\/wp-json\/wp\/v2\/posts\/659325","targetHints":{"allow":["GET"]}}],"collection":[{"href":"https:\/\/www.europesays.com\/it\/wp-json\/wp\/v2\/posts"}],"about":[{"href":"https:\/\/www.europesays.com\/it\/wp-json\/wp\/v2\/types\/post"}],"author":[{"embeddable":true,"href":"https:\/\/www.europesays.com\/it\/wp-json\/wp\/v2\/users\/3"}],"replies":[{"embeddable":true,"href":"https:\/\/www.europesays.com\/it\/wp-json\/wp\/v2\/comments?post=659325"}],"version-history":[{"count":0,"href":"https:\/\/www.europesays.com\/it\/wp-json\/wp\/v2\/posts\/659325\/revisions"}],"wp:featuredmedia":[{"embeddable":true,"href":"https:\/\/www.europesays.com\/it\/wp-json\/wp\/v2\/media\/659326"}],"wp:attachment":[{"href":"https:\/\/www.europesays.com\/it\/wp-json\/wp\/v2\/media?parent=659325"}],"wp:term":[{"taxonomy":"category","embeddable":true,"href":"https:\/\/www.europesays.com\/it\/wp-json\/wp\/v2\/categories?post=659325"},{"taxonomy":"post_tag","embeddable":true,"href":"https:\/\/www.europesays.com\/it\/wp-json\/wp\/v2\/tags?post=659325"}],"curies":[{"name":"wp","href":"https:\/\/api.w.org\/{rel}","templated":true}]}}