{"id":659327,"date":"2026-09-01T07:56:18","date_gmt":"2026-09-01T07:56:18","guid":{"rendered":"https:\/\/www.europesays.com\/it\/659327\/"},"modified":"2026-09-01T07:56:18","modified_gmt":"2026-09-01T07:56:18","slug":"carburanti-ipotesi-carta-per-pagare-meno-il-pieno-la-proposta-del-governo","status":"publish","type":"post","link":"https:\/\/www.europesays.com\/it\/659327\/","title":{"rendered":"Carburanti, ipotesi carta per pagare meno il pieno: la proposta del governo"},"content":{"rendered":"<p>Pagare meno il pieno attraverso una carta destinata a chi ne ha davvero bisogno. \u00c8 l\u2019ipotesi alla quale sta lavorando il ministero delle Imprese e del Made in Italy guidato da <strong>Adolfo Urso<\/strong>, alle prese con l\u2019impatto che il caro carburanti sta avendo sulle famiglie e sulle attivit\u00e0 economiche.<\/p>\n<p>L\u2019idea \u00e8 quella di introdurre una sorta di <strong>social card<\/strong> per il <strong>carburante<\/strong>, ma con un criterio preciso: non un aiuto generalizzato rivolto a tutti gli automobilisti, bens\u00ec una misura selettiva destinata principalmente a chi utilizza quotidianamente un veicolo per motivi professionali e alle fasce economicamente pi\u00f9 deboli.<\/p>\n<p>Al momento, per\u00f2, non c\u2019\u00e8 ancora nessun provvedimento definitivo. Si tratta di una delle possibilit\u00e0 al vaglio del ministero per affrontare una situazione che rischia di avere conseguenze ben oltre il semplice costo del pieno.\n<\/p>\n<p>Una carta per chi deve usare l\u2019auto<\/p>\n<p>Il principio illustrato da <a href=\"https:\/\/www.virgilio.it\/motori\/notizie\/green-deal-urso-allarme-crisi-automotive-europeo\/337717\/\" rel=\"nofollow noopener\" target=\"_blank\">Urso<\/a> \u00e8 chiaro: concentrare le risorse su chi subisce maggiormente l\u2019aumento dei prezzi. \u201cSaranno misure selettive, innanzitutto a beneficio di chi si sposta per lavoro e dei ceti meno abbienti\u201c, ha spiegato il ministro.<\/p>\n<p>La differenza rispetto a un intervento generalizzato sarebbe proprio questa. Invece di ridurre il costo del carburante per tutti, lo Stato potrebbe individuare le categorie maggiormente esposte e fornire loro un sostegno specifico.<\/p>\n<p>La formula della social card rappresenterebbe quindi uno strumento per alleggerire la spesa di chi non pu\u00f2 semplicemente scegliere di lasciare l\u2019auto in garage. Per alcune categorie professionali, infatti, l\u2019utilizzo quotidiano del veicolo non \u00e8 una scelta, ma una necessit\u00e0 legata direttamente al lavoro.<\/p>\n<p>Il caro carburanti pesa su tutta l\u2019economia<\/p>\n<p>Il problema, del resto, non riguarda soltanto gli automobilisti. Quando aumenta il prezzo del <a href=\"https:\/\/www.virgilio.it\/motori\/info-utili\/carta-carburante-come-funziona-vantaggi\/339981\/\" rel=\"nofollow noopener\" target=\"_blank\">carburante<\/a>, a risentirne sono anche le aziende che devono movimentare merci e utilizzare mezzi per le proprie attivit\u00e0.\u00a0Il maggiore costo del trasporto pu\u00f2 infatti propagarsi lungo la catena economica e arrivare fino al consumatore finale.<\/p>\n<p>Una consegna pi\u00f9 costosa, una produzione che richiede maggiori spostamenti o una rete commerciale basata sul trasporto su gomma possono tradursi in<strong> prezzi pi\u00f9 elevati<\/strong> per beni e servizi.\u00a0\u00c8 anche per questo che il governo sta valutando una risposta mirata. L\u2019obiettivo, secondo l\u2019impostazione indicata da Urso, sarebbe evitare di disperdere risorse in interventi che finirebbero per coinvolgere anche chi non si trova in una situazione di particolare difficolt\u00e0.<\/p>\n<p>Il ministro guarda anche all\u2019auto<\/p>\n<p>Nel ragionamento di Urso entra per\u00f2 anche lo stato di salute dell\u2019industria automobilistica italiana. I numeri relativi alla prima met\u00e0 del 2026 mostrano infatti segnali positivi.\u00a0Nei primi sei mesi dell\u2019anno le <strong>immatricolazioni in Italia<\/strong> sono aumentate di quasi il 10%. Ancora pi\u00f9 significativo, secondo il ministro, \u00e8 il dato relativo alla produzione.<\/p>\n<p>La produzione complessiva del comparto automotive \u00e8 cresciuta del <strong>13,4%<\/strong>, arrivando a circa 302 mila unit\u00e0. Per le sole autovetture l\u2019incremento \u00e8 stato ancora pi\u00f9 consistente: <strong>+26,1%<\/strong>, con 167.367 esemplari prodotti.\u00a0Numeri che, nella lettura del Mimit, indicano una ripresa che deve per\u00f2 essere consolidata. Per farlo, Urso considera fondamentale rafforzare la filiera nazionale della componentistica e difendere la competitivit\u00e0 dell\u2019industria europea.<\/p>\n<p>Neutralit\u00e0 tecnologica e Made in Europe<\/p>\n<p>Il dossier carburanti si intreccia cos\u00ec con quello pi\u00f9 ampio della transizione dell\u2019automotive. Il governo continua a chiedere a Bruxelles una maggiore attenzione alle esigenze dell\u2019industria europea e il riconoscimento del <strong>principio di neutralit\u00e0 tecnologica<\/strong>.\u00a0La posizione italiana punta quindi a non legare il futuro della mobilit\u00e0 a una sola tecnologia, lasciando spazio alle diverse soluzioni che possono contribuire alla riduzione delle emissioni.<\/p>\n<p>Nel frattempo, sul fronte dei carburanti, la carta proposta da Urso resta soltanto un\u2019ipotesi. Non sono stati ancora definiti importi, requisiti, modalit\u00e0 di accesso o tempi di eventuale introduzione.\u00a0La direzione indicata dal ministro, per\u00f2, \u00e8 precisa: se arriver\u00e0 un nuovo sostegno contro il caro carburanti, <strong>non sar\u00e0 per tutti<\/strong>. A beneficiare dell\u2019eventuale misura dovrebbero essere soprattutto coloro che hanno meno possibilit\u00e0 di fare a meno dell\u2019auto e che stanno pagando pi\u00f9 duramente l\u2019aumento dei costi.<\/p>\n","protected":false},"excerpt":{"rendered":"Pagare meno il pieno attraverso una carta destinata a chi ne ha davvero bisogno. \u00c8 l\u2019ipotesi alla quale&hellip;\n","protected":false},"author":3,"featured_media":659328,"comment_status":"","ping_status":"","sticky":false,"template":"","format":"standard","meta":{"footnotes":"","_share_on_mastodon":"0"},"categories":[6],"tags":[14,8,1537,90,89,7,15,82,9,83,10,13,11,80,84,12,81,85],"class_list":["post-659327","post","type-post","status-publish","format-standard","has-post-thumbnail","category-ultime-notizie","tag-cronaca","tag-headlines","tag-it","tag-italia","tag-italy","tag-news","tag-notizie","tag-notizie-di-cronaca","tag-notizie-principali","tag-notiziedicronaca","tag-notizieprincipali","tag-titoli","tag-ultime-notizie","tag-ultime-notizie-di-cronaca","tag-ultime-notizie-e-news-di-oggi","tag-ultimenotizie","tag-ultimenotiziedicronaca","tag-ultimenotizieenewsdioggi"],"share_on_mastodon":{"url":"https:\/\/pubeurope.com\/@it\/117194718083281201","error":""},"_links":{"self":[{"href":"https:\/\/www.europesays.com\/it\/wp-json\/wp\/v2\/posts\/659327","targetHints":{"allow":["GET"]}}],"collection":[{"href":"https:\/\/www.europesays.com\/it\/wp-json\/wp\/v2\/posts"}],"about":[{"href":"https:\/\/www.europesays.com\/it\/wp-json\/wp\/v2\/types\/post"}],"author":[{"embeddable":true,"href":"https:\/\/www.europesays.com\/it\/wp-json\/wp\/v2\/users\/3"}],"replies":[{"embeddable":true,"href":"https:\/\/www.europesays.com\/it\/wp-json\/wp\/v2\/comments?post=659327"}],"version-history":[{"count":0,"href":"https:\/\/www.europesays.com\/it\/wp-json\/wp\/v2\/posts\/659327\/revisions"}],"wp:featuredmedia":[{"embeddable":true,"href":"https:\/\/www.europesays.com\/it\/wp-json\/wp\/v2\/media\/659328"}],"wp:attachment":[{"href":"https:\/\/www.europesays.com\/it\/wp-json\/wp\/v2\/media?parent=659327"}],"wp:term":[{"taxonomy":"category","embeddable":true,"href":"https:\/\/www.europesays.com\/it\/wp-json\/wp\/v2\/categories?post=659327"},{"taxonomy":"post_tag","embeddable":true,"href":"https:\/\/www.europesays.com\/it\/wp-json\/wp\/v2\/tags?post=659327"}],"curies":[{"name":"wp","href":"https:\/\/api.w.org\/{rel}","templated":true}]}}