{"id":659335,"date":"2026-09-01T08:09:14","date_gmt":"2026-09-01T08:09:14","guid":{"rendered":"https:\/\/www.europesays.com\/it\/659335\/"},"modified":"2026-09-01T08:09:14","modified_gmt":"2026-09-01T08:09:14","slug":"guardiola-contro-reijnders-al-city-il-documentario","status":"publish","type":"post","link":"https:\/\/www.europesays.com\/it\/659335\/","title":{"rendered":"Guardiola contro Reijnders al City, il documentario"},"content":{"rendered":"<p>                                Il centrocampista ex Milan nel mirino di Guardiola finisce nella docuserie &#8220;A Beautiful Obsession&#8221;. E il video della scenata spopola sui social<\/p>\n<p class=\"paragraph\" spellcheck=\"true\">Doveva essere la stagione della consacrazione per Tijjani Reijders. Il passaggio al Manchester City dal Milan per 70 milioni, il sogno di sfondare in Premier League, poi l&#8217;olandese ha perso posizioni tanto che alla fine ha deciso di lasciare (\u00e8 andato in Arabia all&#8217;Al Qadsiah). E il discorso di Pep Guardiola apparse nella docuserie \u201cA Beautiful Obsession\u201d sull&#8217;ultima stagione del City sono la prova di un rapporto mai decollato. Il discorso motivazionale di Pep indirizzato all&#8217;ex centrocampista rossonero \u00e8 durissimo: &#8220;Vuoi rivivere un\u2019altra volta l\u2019ultima stagione che hai avuto al Milan, quella in cui non ti sei qualificato per l\u2019Europa? La vuoi? Vuoi fare quello?\u2026\u201d.<\/p>\n<p>    virale\u2014 \u00a0<\/p>\n<p class=\"paragraph is-inline\" spellcheck=\"true\">Il tutto pronunciato davanti alla squadra, riunita in cerchio intorno all&#8217;allenatore catalano che ha poi lasciato il club dopo 10 anni. &#8220;Ricordatevi se volete vivere o rivivere l&#8217;ultima stagione. Se non la volete, vincerete, amici miei&#8221; \u00e8 la chiusura del discorso di Guardiola. La storia dice che non \u00e8 andata cos\u00ec, City in Europa, ma Arsenal campione. In compenso il video \u00e8 diventato virale.<\/p>\n","protected":false},"excerpt":{"rendered":"Il centrocampista ex Milan nel mirino di Guardiola finisce nella docuserie &#8220;A Beautiful Obsession&#8221;. E il video della&hellip;\n","protected":false},"author":3,"featured_media":659336,"comment_status":"","ping_status":"","sticky":false,"template":"","format":"standard","meta":{"footnotes":"","_share_on_mastodon":"0"},"categories":[1452],"tags":[2537,16275,352395,721,820,25,3085,1740,8631,1537,90,89,553,157411,1739,245,244,577,2199,116171,29684,40605],"class_list":["post-659335","post","type-post","status-publish","format-standard","has-post-thumbnail","category-calcio","tag-altra","tag-beautiful","tag-beautiful-obsession","tag-calcio","tag-city","tag-discorso","tag-europa","tag-football","tag-guardiola","tag-it","tag-italia","tag-italy","tag-milan","tag-pep","tag-soccer","tag-sport","tag-sports","tag-stagione","tag-ultima","tag-ultima-stagione","tag-virale","tag-vuoi"],"share_on_mastodon":{"url":"https:\/\/pubeurope.com\/@it\/117194769253720816","error":""},"_links":{"self":[{"href":"https:\/\/www.europesays.com\/it\/wp-json\/wp\/v2\/posts\/659335","targetHints":{"allow":["GET"]}}],"collection":[{"href":"https:\/\/www.europesays.com\/it\/wp-json\/wp\/v2\/posts"}],"about":[{"href":"https:\/\/www.europesays.com\/it\/wp-json\/wp\/v2\/types\/post"}],"author":[{"embeddable":true,"href":"https:\/\/www.europesays.com\/it\/wp-json\/wp\/v2\/users\/3"}],"replies":[{"embeddable":true,"href":"https:\/\/www.europesays.com\/it\/wp-json\/wp\/v2\/comments?post=659335"}],"version-history":[{"count":0,"href":"https:\/\/www.europesays.com\/it\/wp-json\/wp\/v2\/posts\/659335\/revisions"}],"wp:featuredmedia":[{"embeddable":true,"href":"https:\/\/www.europesays.com\/it\/wp-json\/wp\/v2\/media\/659336"}],"wp:attachment":[{"href":"https:\/\/www.europesays.com\/it\/wp-json\/wp\/v2\/media?parent=659335"}],"wp:term":[{"taxonomy":"category","embeddable":true,"href":"https:\/\/www.europesays.com\/it\/wp-json\/wp\/v2\/categories?post=659335"},{"taxonomy":"post_tag","embeddable":true,"href":"https:\/\/www.europesays.com\/it\/wp-json\/wp\/v2\/tags?post=659335"}],"curies":[{"name":"wp","href":"https:\/\/api.w.org\/{rel}","templated":true}]}}