{"id":659359,"date":"2026-09-01T08:22:21","date_gmt":"2026-09-01T08:22:21","guid":{"rendered":"https:\/\/www.europesays.com\/it\/659359\/"},"modified":"2026-09-01T08:22:21","modified_gmt":"2026-09-01T08:22:21","slug":"alessandro-di-battista-per-ora-resta-a-cuba-e-lucido-ma-condizioni-sono-ancora-critiche","status":"publish","type":"post","link":"https:\/\/www.europesays.com\/it\/659359\/","title":{"rendered":"Alessandro Di Battista per ora resta a Cuba, \u00e8 lucido ma condizioni sono ancora critiche"},"content":{"rendered":"<p><a data-intcmp=\"skytg24_foglia articolo_interlink_text\" href=\"https:\/\/tg24.sky.it\/politica\/approfondimenti\/alessandro-di-battista-chi-e\" rel=\"nofollow noopener\" target=\"_blank\">Alessandro Di Battista<\/a>, per ora, resta ricoverato a Cuba. L\u2019ex deputato del M5S \u00e8 lucido, come dimostrano anche alcune incursioni sui social, ma le sue condizioni di salute sarebbero ancora critiche e non permettono al momento un trasferimento da L\u2019Avana all\u2019Italia. Una decisione diversa dei dottori, comunque, potrebbe arrivare nelle prossime ore. Intanto, nella capitale cubana ieri \u00e8 arrivata Sahra Lahouasnia, compagna di Di Battista e madre dei suoi figli. Con lei anche due medici dell&#8217;ospedale Gemelli, un neurochirurgo e un rianimatore, per valutare le condizioni cliniche del 48enne.\u00a0<\/p>\n<p>\t\t \tIl ricovero a Cuba<\/p>\n<p>Di Battista \u00e8 ricoverato a Cuba da venerd\u00ec, quando dopo forti dolori alla testa e un malore \u00e8 stato portato in gravi condizioni nell\u2019ospedale di Santa Clara. Il giorno dopo \u00e8 stato trasportato in ambulanza a L\u2019Avana, in una stanza al diciannovesimo piano dell&#8217;ospedale &#8220;Hermanos Ameijeiras\u201d. Da quanto \u00e8 merso, dopo aver perso conoscenza per qualche ora ha poi ripreso i sensi e all\u2019arrivo nella capitale ha risposto alle domande dei medici. Da allora, sulle sue condizioni circolano molte voci, ma poche informazioni certe. A L\u2019Avana, accanto a Di Battista, c\u2019\u00e8 Luca Di Giuseppe, il presidente della sua associazione \u201cSchierarsi\u201d. In una nota, Di Giuseppe ha ringraziato \u201ctutti coloro che, in questi giorni molto complessi, hanno fatto sentire il loro amore al nostro Alessandro Di Battista\u201d e ha invitato \u201ca non dare rilevanza n\u00e9 a divulgare qualsiasi forma di notizia non confermata dalla sua famiglia\u201d. \u201cCi teniamo a far sapere a tutti che Alessandro \u00e8 vigile, ma non ci sono ancora notizie certe circa la diagnosi medica\u201d, ha aggiunto.<\/p>\n<p>\t\t\t<a class=\"c-inline-card j-inline-card c-inline-card--with-image\" href=\"https:\/\/tg24.sky.it\/politica\/2026\/08\/30\/di-battista-alessandro-ricoverato-cuba-news\" rel=\"follow nofollow noopener\" data-intcmp=\"skytg24_articolo_approfondimenti_inline\" target=\"_blank\"><\/p>\n<p>\t\t\t         <img decoding=\"async\" crossorigin=\"anonymous\" alt=\"Alessandro Di Battista\"  loading=\"lazy\"  src=\"https:\/\/www.europesays.com\/it\/wp-content\/uploads\/2026\/08\/di-battista-cuba-ipa-ansa.jpg\"\/><\/p>\n<p>\n\t\t\t         Vedi anche<br \/>\n\t\t\t         Di Battista ricoverato a Cuba: \u201cCe la metter\u00f2 tutta per tornare&#8221;\n\t\t\t      <\/p>\n<p>\t\t\t<\/a><\/p>\n<p>\t\t \tAttesa per il trasferimento in Italia<\/p>\n<p>Per ora quindi, secondo quanto filtra da Cuba, Di Battista non sarebbe ancora pronto per essere trasferito in Italia: i medici, comunque, continuano a fare accertamenti per valutare la sua trasportabilit\u00e0 e una decisione diversa potrebbe arrivare anche nelle prossime ore. Ieri il ministro degli Esteri Antonio Tajani ha confermato l\u2019impegno della Farnesina: \u201cNei prossimi giorni ci sar\u00e0 la possibilit\u00e0 di farlo rientrare e stiamo lavorando per quello\u201d, ha detto. Anche il leader del M5S Giuseppe Conte \u00e8 in contatto costante con la Farnesina e con la famiglia dell&#8217;ex deputato, con il partito che si \u00e8 offerto per supportare il rientro a Roma.<\/p>\n<p>\t\t\t<a class=\"c-inline-card j-inline-card c-inline-card--with-image\" href=\"https:\/\/tg24.sky.it\/politica\/2026\/08\/31\/alessandro-di-battista-ricoverato-cuba-notizie\" rel=\"follow nofollow noopener\" data-intcmp=\"skytg24_articolo_approfondimenti_inline\" target=\"_blank\"><\/p>\n<p>\t\t\t         <img decoding=\"async\" crossorigin=\"anonymous\" alt=\"\"  loading=\"lazy\"  src=\"https:\/\/www.europesays.com\/it\/wp-content\/uploads\/2026\/09\/original-08a2ec6b-c510-4709-8648-d53c2e6dcc84.jpg\"\/><\/p>\n<p>\n\t\t\t         Vedi anche<br \/>\n\t\t\t         Di Battista ricoverato a Cuba, Tajani: &#8220;Rientro possibile a giorni&#8221;\n\t\t\t      <\/p>\n<p>\t\t\t<\/a><\/p>\n","protected":false},"excerpt":{"rendered":"Alessandro Di Battista, per ora, resta ricoverato a Cuba. L\u2019ex deputato del M5S \u00e8 lucido, come dimostrano anche&hellip;\n","protected":false},"author":3,"featured_media":659360,"comment_status":"","ping_status":"","sticky":false,"template":"","format":"standard","meta":{"footnotes":"","_share_on_mastodon":"0"},"categories":[79],"tags":[41155,14,93,94,2711,369,1537,90,89,30774,7,15,11,84,91,12,85,92],"class_list":["post-659359","post","type-post","status-publish","format-standard","has-post-thumbnail","category-italia","tag-alessandro-di-battista","tag-cronaca","tag-cronaca-italiana","tag-cronacaitaliana","tag-cuba","tag-digitall","tag-it","tag-italia","tag-italy","tag-m5s","tag-news","tag-notizie","tag-ultime-notizie","tag-ultime-notizie-e-news-di-oggi","tag-ultime-notizie-italia","tag-ultimenotizie","tag-ultimenotizieenewsdioggi","tag-ultimenotizieitalia"],"share_on_mastodon":{"url":"https:\/\/pubeurope.com\/@it\/117194822003011856","error":""},"_links":{"self":[{"href":"https:\/\/www.europesays.com\/it\/wp-json\/wp\/v2\/posts\/659359","targetHints":{"allow":["GET"]}}],"collection":[{"href":"https:\/\/www.europesays.com\/it\/wp-json\/wp\/v2\/posts"}],"about":[{"href":"https:\/\/www.europesays.com\/it\/wp-json\/wp\/v2\/types\/post"}],"author":[{"embeddable":true,"href":"https:\/\/www.europesays.com\/it\/wp-json\/wp\/v2\/users\/3"}],"replies":[{"embeddable":true,"href":"https:\/\/www.europesays.com\/it\/wp-json\/wp\/v2\/comments?post=659359"}],"version-history":[{"count":0,"href":"https:\/\/www.europesays.com\/it\/wp-json\/wp\/v2\/posts\/659359\/revisions"}],"wp:featuredmedia":[{"embeddable":true,"href":"https:\/\/www.europesays.com\/it\/wp-json\/wp\/v2\/media\/659360"}],"wp:attachment":[{"href":"https:\/\/www.europesays.com\/it\/wp-json\/wp\/v2\/media?parent=659359"}],"wp:term":[{"taxonomy":"category","embeddable":true,"href":"https:\/\/www.europesays.com\/it\/wp-json\/wp\/v2\/categories?post=659359"},{"taxonomy":"post_tag","embeddable":true,"href":"https:\/\/www.europesays.com\/it\/wp-json\/wp\/v2\/tags?post=659359"}],"curies":[{"name":"wp","href":"https:\/\/api.w.org\/{rel}","templated":true}]}}