{"id":659361,"date":"2026-09-01T08:23:18","date_gmt":"2026-09-01T08:23:18","guid":{"rendered":"https:\/\/www.europesays.com\/it\/659361\/"},"modified":"2026-09-01T08:23:18","modified_gmt":"2026-09-01T08:23:18","slug":"ryanair-il-grosso-guaio-delle-scale-anteriori-dei-boeing-737-strette-e-ripide-in-italia-85-cadute-in-tre-anni","status":"publish","type":"post","link":"https:\/\/www.europesays.com\/it\/659361\/","title":{"rendered":"Ryanair, il grosso guaio delle scale anteriori dei Boeing 737: strette e ripide, in Italia 85 cadute in tre anni"},"content":{"rendered":"<p>    di<br \/>\n    Leonard Berberi<\/p>\n<p class=\"summary-art is-line-h-12 is-mr-t-20\">Lo studio dell\u2019Ansv sugli incidenti in Italia nel periodo 2023-2025. Negli ultimi cinque anni, nell\u2019intero network della low cost, poco meno di 500 incidenti. Ecco perch\u00e9<\/p>\n<p class=\"chapter-paragraph\">Troppi passeggeri cadono, e si fanno male, sulle scale integrate anteriori dei Boeing 737 di Ryanair. A un ritmo sistematicamente pi\u00f9 alto rispetto a quelle mobili gestite dagli aeroporti. A raccontarlo \u00e8 uno studio pubblicato dall\u2019Agenzia nazionale per la sicurezza del volo del nostro Paese. Nato dall\u2019apertura di tre inchieste di sicurezza nel 2025, il documento traccia per la prima volta un quadro statistico su un problema finora trattato come una serie di episodi isolati.<\/p>\n<p class=\"chapter-paragraph\"><b>I numeri parlano chiaro.<\/b> Nel triennio 2023-2025, in Italia, il database \u201cEccairs 2\u201d (dove vengono inseriti tutti gli episodi in ambito aeronautico) registra 104 cadute durante le fasi di imbarco e sbarco: 85, pari all\u201982%, riguardano la scala integrata anteriore del 737. L\u2019operatore coinvolto \u00e8 sempre lo stesso, Ryanair, l\u2019unica compagnia stabilmente attiva in Italia a utilizzare questo dispositivo opzionale prodotto da Boeing invece delle scale certificate dei gestori aeroportuali.    &#13;<br \/>\n&#13;<br \/>\n&#13;<br \/>\n&#13;<br \/>\n&#13;<br \/>\n&#13;<br \/>\n&#13;<br \/>\n&#13;<br \/>\n&#13;<br \/>\n&#13;<br \/>\n&#13;<br \/>\n&#13;<br \/>\n&#13;<br \/>\n&#13;<br \/>\n&#13;<br \/>\n&#13;<br \/>\n&#13;<br \/>\n&#13;<br \/>\n&#13;<br \/>\n&#13;<br \/>\n&#13;<br \/>\n&#13;<br \/>\n&#13;<br \/>\n&#13;<br \/>\n&#13;<br \/>\n&#13;<br \/>\n&#13;<br \/>\n&#13;<br \/>\n&#13;<br \/>\n&#13;<br \/>\n&#13;<br \/>\n&#13;<br \/>\n&#13;<br \/>\n&#13;<br \/>\n&#13;<br \/>\n&#13;<br \/>\n&#13;<br \/>\n&#13;<br \/>\n&#13;<br \/>\n&#13;<br \/>\n&#13;<br \/>\n&#13;<br \/>\n&#13;<br \/>\n&#13;<br \/>\n&#13;<br \/>\n&#13;<br \/>\n&#13;<br \/>\n&#13;<br \/>\n&#13;<br \/>\n&#13;<br \/>\n&#13;<br \/>\n&#13;<br \/>\n&#13;\n<\/p>\n<p class=\"chapter-paragraph\"><b>Il dato acquista peso se confrontato con la quota di traffico della compagnia irlandese<\/b>, attorno al 26-27% dei passeggeri trasportati nel nostro Paese negli ultimi tre anni. Tradotto: un quinto scarso del mercato genera oltre quattro quinti degli incidenti di questo tipo. Perch\u00e9 le altre 19 cadute, avvenute sulle scale del gestore aeroportuale, sono da rapportare al restante 73% dei viaggiatori su altri vettori.<\/p>\n<p>        <img decoding=\"async\" class=\"is_full_image\" loading=\"lazy\" alt=\"Ryanair, il grosso guaio delle scale anteriori dei Boeing 737: strette e ripide, in Italia 85 cadute in tre anni\" src=\"https:\/\/www.europesays.com\/it\/wp-content\/uploads\/2026\/09\/6a95acd1d37d0.jpeg\" data-full-src=\"https:\/\/www.europesays.com\/it\/wp-content\/uploads\/2026\/09\/6a95acd1d37d0.jpeg\"\/><\/p>\n<p class=\"chapter-paragraph\"><b>A livello di flotta totale,<\/b> quindi estendendo l\u2019analisi oltre a quella italiana, i dati forniti dal rappresentante irlandese di Ryanair nell\u2019ambito delle inchieste Ansv mostrano 489 cadute dalle scalette dal 2021 a oggi, di cui 360, il 73%, dalla scala integrata anteriore: quasi tre volte le cadute registrate sulle scale dei gestori. Numeri piccoli, comunque, se rapportati ai 200 milioni di passeggeri trasportati all\u2019anno.<\/p>\n<p class=\"chapter-paragraph\"><b>Il vettore low cost utilizza i gradini incorporati non solo per velocizzare le operazioni<\/b> (gli aerei hanno 20-25 minuti per sbarcare i passeggeri e imbarcare gli altri), ma anche perch\u00e9 cos\u00ec non deve  spendere per l\u2019utilizzo dei mezzi di terra. Il costo del solo utilizzo delle scale degli aeroporti si aggira, a seconda della struttura, tra i 50 e i 150 euro per ogni operazione (scarico e carico). Con una media di 3.200 voli al giorno e la necessit\u00e0 di due scale, pagandone soltanto una, il risparmio oscilla tra 58,4 e 175,2 milioni di euro nel 2026, secondo i calcoli del Corriere.<\/p>\n<p class=\"chapter-paragraph\"><b>Il problema, secondo l\u2019Ansv, \u00e8 tanto operativo quanto ingegneristico.<\/b> La scala integrata del 737 \u00e8 composta da 12 gradini larghi 61 centimetri, alti circa 20 e con pedata di 25, con un\u2019inclinazione di 35 gradi. Rispetto alla normativa europea che regola le scale aeroportuali (&#8220;per la larghezza della pedana 100 centimetri \u00e8 considerato il valore minimo&#8221;, si legge), dove la pendenza ottimale \u00e8 tra 30 e 38 gradi ma i gradini sono pi\u00f9 bassi (14-21 centimetri) e la pedata pi\u00f9 profonda (25-32 centimetri), la scala Boeing si colloca ai limiti superiori di pendenza mantenendo dimensioni compresse.<\/p>\n<p class=\"chapter-paragraph\"><b>Non solo. Il primo gradino<\/b>, si legge nel documento che ha impiegato diverse settimane per studiare nel minimo dettaglio ogni aspetto del fenomeno,<b> \u00e8 asimmetrico e pi\u00f9 alto degli altri<\/b>, circa 19 centimetri, per adattarsi alla sagoma della fusoliera: un dettaglio che lo studio individua come ulteriore elemento di rischio nella fase pi\u00f9 delicata della discesa. Per lo sbarco dalla parte posteriore dell\u2019aeromobile impiega la scala esterna dei gestori aeroportuali.<\/p>\n<p class=\"chapter-paragraph\"><b>L\u2019Ansv richiama le raccomandazioni gi\u00e0 emesse dall\u2019agenzia investigativa spagnola<\/b> dopo l\u2019incidente del 17 ottobre 2024 su un 737-8200 Ryanair, che chiedevano a Boeing di ridisegnare la scala per ridurne pendenza e alzata, all\u2019Agenzia europea per la sicurezza aerea (Easa) di rivedere l\u2019uso del dispositivo come mezzo di imbarco standard, e a Ryanair di impiegare solo attrezzature aeroportuali certificate.<\/p>\n<p class=\"chapter-paragraph\"><b>Anche l\u2019autorit\u00e0 irlandese, dopo un incidente nel 2021, aveva sollecitato l\u2019Easa<\/b> a lanciare una campagna di sicurezza rivolta a passeggeri ed equipaggi. Boeing ha fatto sapere all\u2019agenzia europea che non risultano operatori statunitensi che utilizzino le scalette integrate al posto delle attrezzature di terra, trattandosi di un\u2019opzione diffusa quasi esclusivamente in Europa e riconducibile, negli incidenti segnalati, quasi interamente a Ryanair.<\/p>\n<p class=\"chapter-paragraph\"><b>L\u2019Ansv non attribuisce la causa primaria a un difetto tecnico, ma al fattore umano:<\/b> distrazione, mancato utilizzo del corrimano, condizioni psicofisiche non ottimali dei passeggeri (soprattutto se anziani), magari una certa fretta a scendere o salire, meteo non ottimale, trolley a mano. Ma la concentrazione statistica su un unico tipo di scala e un unico operatore \u00e8 evidente. L\u2019agenzia segnala inoltre difficolt\u00e0 nell\u2019ottenere dagli enti sanitari informazioni sulla gravit\u00e0 delle lesioni.<\/p>\n<p class=\"chapter-paragraph\"><b>Ryanair a dire il vero ha aggiornato, il 23 luglio scorso, le proprie procedure di sbarco,<\/b> imponendo all\u2019equipaggio di ripetere a voce l\u2019annuncio di sicurezza nelle lingue di partenza e arrivo quando non disponibile in formato registrato, e ha introdotto un modulo addestrativo dedicato dal 21 agosto. Proprio queste novit\u00e0, secondo l\u2019Ansv, rendono superflua l\u2019emissione di nuove raccomandazioni italiane. Per ora. L\u2019agenzia ribadisce la piena condivisione di quelle gi\u00e0 formulate dalle altre autorit\u00e0 europee.<\/p>\n<p><a class=\"chiedi-esperto-box\" href=\"https:\/\/www.corriere.it\/economia\/chiedi-esperto\/fai-una-domanda\/\" rel=\"nofollow noopener\" target=\"_blank\"><img decoding=\"async\" src=\"https:\/\/www.europesays.com\/it\/wp-content\/uploads\/2026\/02\/box_esperto_dsk.png\" alt=\"Chiedi agli esperti\"\/><\/a><\/p>\n<p class=\"is-last-update\" datetime=\"2026-08-31T18:40:23+02:00\">1 settembre 2026<\/p>\n<p class=\"is-copyright\">\n            \u00a9 RIPRODUZIONE RISERVATA\n        <\/p>\n","protected":false},"excerpt":{"rendered":"di Leonard Berberi Lo studio dell\u2019Ansv sugli incidenti in Italia nel periodo 2023-2025. Negli ultimi cinque anni, nell\u2019intero&hellip;\n","protected":false},"author":3,"featured_media":659362,"comment_status":"","ping_status":"","sticky":false,"template":"","format":"standard","meta":{"footnotes":"","_share_on_mastodon":"0"},"categories":[6],"tags":[8064,19383,763,98979,4197,1495,1017,103729,10550,134712,363735,13910,917,10420,15503,22997,36795,676,4864,33569,14,26599,4934,6803,139983,1230,724,2697,20022,363736,11851,67270,8,58860,1542,298,7578,116492,363737,100285,47322,1537,90,89,1207,33581,33582,5951,7,15,82,9,83,10,1294,37210,95106,11021,363738,157074,17932,21157,13552,363734,26728,863,2128,13,11,80,84,12,81,85,26535],"class_list":["post-659361","post","type-post","status-publish","format-standard","has-post-thumbnail","category-ultime-notizie","tag-aeroporti","tag-aeroportuali","tag-agenzia","tag-agenzia-europea","tag-alto","tag-altre","tag-ambito","tag-ansv","tag-anteriore","tag-anteriori","tag-anteriori-boeing","tag-attrezzature","tag-autorita","tag-boeing","tag-cadute","tag-centimetri","tag-certificate","tag-compagnia","tag-corriere","tag-cost","tag-cronaca","tag-dettaglio","tag-dispositivo","tag-documento","tag-easa","tag-episodi","tag-euro","tag-europea","tag-gestori","tag-gestori-aeroportuali","tag-gradi","tag-gradini","tag-headlines","tag-imbarco","tag-inchieste","tag-incidente","tag-incidenti","tag-integrata","tag-integrata-anteriore","tag-integrate","tag-irlandese","tag-it","tag-italia","tag-italy","tag-legge","tag-low","tag-low-cost","tag-minimo","tag-news","tag-notizie","tag-notizie-di-cronaca","tag-notizie-principali","tag-notiziedicronaca","tag-notizieprincipali","tag-numeri","tag-operatore","tag-ottimale","tag-passeggeri","tag-passeggeri-trasportati","tag-pendenza","tag-ryanair","tag-sbarco","tag-scala","tag-scala-integrata","tag-scale","tag-sicurezza","tag-studio","tag-titoli","tag-ultime-notizie","tag-ultime-notizie-di-cronaca","tag-ultime-notizie-e-news-di-oggi","tag-ultimenotizie","tag-ultimenotiziedicronaca","tag-ultimenotizieenewsdioggi","tag-utilizzo"],"share_on_mastodon":{"url":"","error":"Validation failed: Text character limit of 500 exceeded"},"_links":{"self":[{"href":"https:\/\/www.europesays.com\/it\/wp-json\/wp\/v2\/posts\/659361","targetHints":{"allow":["GET"]}}],"collection":[{"href":"https:\/\/www.europesays.com\/it\/wp-json\/wp\/v2\/posts"}],"about":[{"href":"https:\/\/www.europesays.com\/it\/wp-json\/wp\/v2\/types\/post"}],"author":[{"embeddable":true,"href":"https:\/\/www.europesays.com\/it\/wp-json\/wp\/v2\/users\/3"}],"replies":[{"embeddable":true,"href":"https:\/\/www.europesays.com\/it\/wp-json\/wp\/v2\/comments?post=659361"}],"version-history":[{"count":0,"href":"https:\/\/www.europesays.com\/it\/wp-json\/wp\/v2\/posts\/659361\/revisions"}],"wp:featuredmedia":[{"embeddable":true,"href":"https:\/\/www.europesays.com\/it\/wp-json\/wp\/v2\/media\/659362"}],"wp:attachment":[{"href":"https:\/\/www.europesays.com\/it\/wp-json\/wp\/v2\/media?parent=659361"}],"wp:term":[{"taxonomy":"category","embeddable":true,"href":"https:\/\/www.europesays.com\/it\/wp-json\/wp\/v2\/categories?post=659361"},{"taxonomy":"post_tag","embeddable":true,"href":"https:\/\/www.europesays.com\/it\/wp-json\/wp\/v2\/tags?post=659361"}],"curies":[{"name":"wp","href":"https:\/\/api.w.org\/{rel}","templated":true}]}}