{"id":659367,"date":"2026-09-01T08:31:11","date_gmt":"2026-09-01T08:31:11","guid":{"rendered":"https:\/\/www.europesays.com\/it\/659367\/"},"modified":"2026-09-01T08:31:11","modified_gmt":"2026-09-01T08:31:11","slug":"djokovic-leta-gli-chiede-il-conto-deve-cominciare-a-pensare-al-ritiro","status":"publish","type":"post","link":"https:\/\/www.europesays.com\/it\/659367\/","title":{"rendered":"Djokovic, l&#8217;et\u00e0 gli chiede il conto: deve cominciare a pensare al ritiro?"},"content":{"rendered":"<p>    di<br \/>\n    Gaia Piccardi<\/p>\n<p class=\"summary-art is-line-h-12\">Il 25esimo titolo Slam rimane un miraggio per il fuoriclasse di Belgrado, che potrebbe anche decidere di chiudere qui la stagione. Ma avr\u00e0 la forza di tornare l&#8217;anno prossimo?<\/p>\n<p class=\"chapter-paragraph\">Carlitos torna: 139 giorni dopo l\u2019infortunio al polso, riparte la caccia allo Slam.<b> Il Djoker va:<\/b> in 84 presenze nel tabellone di un Major, per la terza volta in carriera perde al primo turno. Tra le pieghe dei risultati, certo, sussurra l\u2019et\u00e0: i 23 anni di Alcaraz new look, zazzera irsuta e canotta con i pettorali in vista, raccontano un campione ritrovato mentre <b>Djokovic<\/b> esce traumatizzato dallo scontro frontale con le 40 primavere, vicine 264 giorni.<\/p>\n<p class=\"chapter-paragraph\">Qui New York, ultima capitale del Grande Tennis. Dalle sliding door del torneo esce la testa di serie n. 4, preda di un virus (\u00abIn campo ho avuto sensazioni terribili, me le porto dietro da mesi: vomito e poi tutto il corpo inizia a cedere, tra crampi e dolori. Devo capire se \u00e8 risolvibile&#8230;\u00bb) e ammaccata dagli urti del tempo: il 25\u00ba titolo Slam rimane un miraggio per il fuoriclasse di Belgrado, che potrebbe anche decidere di chiudere qui la stagione. Ed \u00e8 subito sera anche per il <b>francese Arthur Fils<\/b>, che ha fatto harakiri (\u00abUna sconfitta altamente non professionale\u00bb l\u2019ha definita) con un redivivo <b>Tsitsipas<\/b>, sempre pi\u00f9 separato in casa con il padre Apostolos. Fresco del trionfo al Master 1000 di Cincinnati, Fils sembrava uno degli uomini pi\u00f9 caldi del circuito e invece gli sono mancate le energie per chiudere il match. Il tennis seduce e abbandona, se non sei Alcaraz o Sinner (abbonato anche questa settimana alla fisioterapia del J Medical).\u00a0    &#13;<br \/>\n&#13;<br \/>\n&#13;<br \/>\n&#13;<br \/>\n&#13;<br \/>\n&#13;<br \/>\n&#13;<br \/>\n&#13;<br \/>\n&#13;<br \/>\n&#13;<br \/>\n&#13;<br \/>\n&#13;<br \/>\n&#13;<br \/>\n&#13;<br \/>\n&#13;<br \/>\n&#13;<br \/>\n&#13;<br \/>\n&#13;<br \/>\n&#13;<br \/>\n&#13;<br \/>\n&#13;<br \/>\n&#13;<br \/>\n&#13;<br \/>\n&#13;<br \/>\n&#13;<br \/>\n&#13;<br \/>\n&#13;<br \/>\n&#13;<br \/>\n&#13;<br \/>\n&#13;<br \/>\n&#13;<br \/>\n&#13;<br \/>\n&#13;<br \/>\n&#13;<br \/>\n&#13;<br \/>\n&#13;<br \/>\n&#13;<br \/>\n&#13;<br \/>\n&#13;<br \/>\n&#13;<br \/>\n&#13;<br \/>\n&#13;<br \/>\n&#13;<br \/>\n&#13;<br \/>\n&#13;<br \/>\n&#13;<br \/>\n&#13;<br \/>\n&#13;<br \/>\n&#13;<br \/>\n&#13;<br \/>\n&#13;<br \/>\n&#13;<br \/>\n&#13;\n<\/p>\n<p class=\"chapter-paragraph\">La notizia \u00e8<b> Carlito,<\/b> che non ha in programma di tagliarsi i capelli, per\u00f2 ritrova le belle sensazioni nel suo luogo dell\u2019anima. \u00abA New York ho vinto il primo Slam, grazie al quale sono diventato numero uno del mondo a 19 anni: non lo dimentico \u2014 dice \u2014. Nel mio posto speciale oggi torno a sentirmi un giocatore di tennis. Quasi cinque mesi di assenza dal circuito sono stati interminabili, non vedevo l\u2019ora di tornare su questi campi\u00bb. Times Square \u00e8 tappezzata di poster di <b>Alcaraz, l\u2019uomo Nike<\/b> per cui \u00e8 stato studiato un outfit giovane, canotta e bragoni, come se fosse uno deir migliaia di adolescenti che giocano a basket nei playground della Grande Mela. A Flushing si va per vincere ma anche per vendere il prodotto: aspettando il debutto di Naomi Osaka nella notte, un\u2019atleta che interpreta il tennis come una passerella, \u00e8 l\u2019abito arancione a rete di Sabalenka a far alzare il sopracciglio.\u00a0<\/p>\n<p class=\"chapter-paragraph\">Carlitos ci mette poco a ritrovare confidenza con i colpi: il dritto che aveva tenuto un po\u2019 a freno nel doppio misto con Serena Williams \u00e8 gi\u00e0 una saetta, il primo set \u00e8 impreziosito da un ricamo in demi-vol\u00e9e, l\u2019artista \u00e8 di nuovo tra noi. Roman Safiullin, il russo senza bandiera e senza inno regolato da Jannik nei quarti di Wimbledon 2023, prima non approfitta del break in apertura di secondo set e poi mette in palla lo spagnolo, che dilaga. Riecco il sorriso a pianoforte di <b>Alcaraz <\/b>farsi largo nella barbetta elettrica, \u00e8 lui l\u2019idolo delle folle: \u00abIl livello deve salire, naturalmente, ma come primo match ufficiale dopo tanto tempo, sono contento. Dei tornei mi \u00e8 mancato tutto: la competizione, l\u2019adrenalina, il tifo. Voglio mettermi il periodo brutto alle spalle e ricominciare a divertirmi: il motivo per cui gioco\u00bb. A New York, oltre al team, sono volati mamma e pap\u00e0, che si erano raccomandati che i medici non affrettassero il rientro del figlio. Nel box di Carlos, giusto per tenere alta l\u2019hype, c\u2019\u00e8 anche il rapper Travis Scott.\u00a0<\/p>\n<p class=\"chapter-paragraph\">Alcaraz aspetta il portoghese <b>Jaime Faria<\/b> (non ci sono precedenti) mentre oggi debuttano sul cemento di Flushing Flavio Cobolli e Lorenzo Musetti, l\u2019attacco a due punte dell\u2019Italia orfana di Jannik Sinner (che a tutt\u2019oggi risulta iscritto all\u2019Atp 500 di Pechino, al via il 30 settembre).<\/p>\n<p class=\"is-last-update\" datetime=\"2026-09-01T09:03:21+02:00\">1 settembre 2026<\/p>\n<p class=\"is-copyright\">\n            \u00a9 RIPRODUZIONE RISERVATA\n        <\/p>\n","protected":false},"excerpt":{"rendered":"di Gaia Piccardi Il 25esimo titolo Slam rimane un miraggio per il fuoriclasse di Belgrado, che potrebbe anche&hellip;\n","protected":false},"author":3,"featured_media":659368,"comment_status":"","ping_status":"","sticky":false,"template":"","format":"standard","meta":{"footnotes":"","_share_on_mastodon":"0"},"categories":[1457],"tags":[343,363752,1265,32001,363739,363740,168396,39421,5682,42651,12721,2581,363741,363742,26568,3222,2152,76965,29261,13134,363743,363744,1537,90,89,1269,1894,1981,363745,363746,363747,11040,11041,902,363748,363749,6786,3645,366,3423,363750,363751,245,244,577,1273,1899,16860],"class_list":["post-659367","post","type-post","status-publish","format-standard","has-post-thumbnail","category-tennis","tag-abbandona","tag-abbandona-alcaraz","tag-alcaraz","tag-belgrado","tag-belgrado-decidere","tag-belgrado-decidere-chiudere","tag-canotta","tag-carlitos","tag-chiudere","tag-chiudere-stagione","tag-circuito","tag-decidere","tag-decidere-chiudere","tag-decidere-chiudere-stagione","tag-djokovic","tag-esce","tag-eta","tag-fils","tag-flushing","tag-fuoriclasse","tag-fuoriclasse-belgrado","tag-fuoriclasse-belgrado-decidere","tag-it","tag-italia","tag-italy","tag-jannik","tag-match","tag-mette","tag-miraggio","tag-miraggio-fuoriclasse","tag-miraggio-fuoriclasse-belgrado","tag-new","tag-new-york","tag-rimane","tag-rimane-miraggio","tag-rimane-miraggio-fuoriclasse","tag-sensazioni","tag-set","tag-sinner","tag-slam","tag-slam-rimane","tag-slam-rimane-miraggio","tag-sport","tag-sports","tag-stagione","tag-tennis","tag-tornare","tag-york"],"share_on_mastodon":{"url":"","error":"Validation failed: Text character limit of 500 exceeded"},"_links":{"self":[{"href":"https:\/\/www.europesays.com\/it\/wp-json\/wp\/v2\/posts\/659367","targetHints":{"allow":["GET"]}}],"collection":[{"href":"https:\/\/www.europesays.com\/it\/wp-json\/wp\/v2\/posts"}],"about":[{"href":"https:\/\/www.europesays.com\/it\/wp-json\/wp\/v2\/types\/post"}],"author":[{"embeddable":true,"href":"https:\/\/www.europesays.com\/it\/wp-json\/wp\/v2\/users\/3"}],"replies":[{"embeddable":true,"href":"https:\/\/www.europesays.com\/it\/wp-json\/wp\/v2\/comments?post=659367"}],"version-history":[{"count":0,"href":"https:\/\/www.europesays.com\/it\/wp-json\/wp\/v2\/posts\/659367\/revisions"}],"wp:featuredmedia":[{"embeddable":true,"href":"https:\/\/www.europesays.com\/it\/wp-json\/wp\/v2\/media\/659368"}],"wp:attachment":[{"href":"https:\/\/www.europesays.com\/it\/wp-json\/wp\/v2\/media?parent=659367"}],"wp:term":[{"taxonomy":"category","embeddable":true,"href":"https:\/\/www.europesays.com\/it\/wp-json\/wp\/v2\/categories?post=659367"},{"taxonomy":"post_tag","embeddable":true,"href":"https:\/\/www.europesays.com\/it\/wp-json\/wp\/v2\/tags?post=659367"}],"curies":[{"name":"wp","href":"https:\/\/api.w.org\/{rel}","templated":true}]}}