{"id":659380,"date":"2026-09-01T08:42:24","date_gmt":"2026-09-01T08:42:24","guid":{"rendered":"https:\/\/www.europesays.com\/it\/659380\/"},"modified":"2026-09-01T08:42:24","modified_gmt":"2026-09-01T08:42:24","slug":"operazione-san-gennaro-dove-vedere-il-film-con-manfredi-adorf-e-toto","status":"publish","type":"post","link":"https:\/\/www.europesays.com\/it\/659380\/","title":{"rendered":"Operazione San Gennaro, dove vedere il film con Manfredi, Adorf e Tot\u00f2"},"content":{"rendered":"<p data-journey-content=\"true\" data-node-id=\"3\" class=\"css-1ood0zq emevuu60\">Un heist movie, un film di furto, tutto ambientato a Napoli. <\/p>\n<p data-journey-content=\"true\" data-node-id=\"9\" class=\"css-1ood0zq emevuu60\"><strong data-node-id=\"9.0.0\">Operazione San Gennaro <\/strong>(1966), diretto da <strong data-node-id=\"9.2\">Dino Risi<\/strong>, ha un cast pieno di attori noti: <a href=\"https:\/\/www.esquire.com\/it\/cultura\/film\/a70809185\/nino-manfredi-migliori-ruoli\/\" target=\"_blank\" data-vars-ga-outbound-link=\"https:\/\/www.esquire.com\/it\/cultura\/film\/a70809185\/nino-manfredi-migliori-ruoli\/\" data-vars-ga-ux-element=\"Hyperlink\" data-vars-ga-call-to-action=\"Nino Manfredi\" data-node-id=\"9.4\" class=\"body-link css-1nd6fub emevuu60\" rel=\"nofollow noopener\">Nino Manfredi<\/a>, Senta Berger, Mario Adorf, Harry Guardino, Claudine Auger e, nel ruolo del vecchio boss don Vincenzo &#8220;&#8216;O Fenomeno&#8221;, <strong data-node-id=\"9.6\">Tot\u00f2<\/strong>. Oggi si trova in streaming su <strong data-node-id=\"9.8\">RaiPlay <\/strong><a href=\"https:\/\/www.raiplay.it\/programmi\/operazionesangennaro\" target=\"_blank\" rel=\"nofollow noopener\" data-vars-ga-outbound-link=\"https:\/\/www.raiplay.it\/programmi\/operazionesangennaro\" data-vars-ga-ux-element=\"Hyperlink\" data-vars-ga-call-to-action=\"a questo indirizzo\" data-node-id=\"9.9\" class=\"body-link css-1nd6fub emevuu60\">a questo indirizzo<\/a> e su Prime Video. Nel primo caso non necessita un abbonamento per essere visto.<\/p>\n<p data-journey-content=\"true\" data-node-id=\"13\" class=\"css-1ood0zq emevuu60\">La storia \u00e8 quella di tre ladri americani che arrivano a <a href=\"https:\/\/www.esquire.com\/it\/lifestyle\/viaggi\/g43926574\/cosa-vedere-a-napoli\/\" target=\"_blank\" data-vars-ga-outbound-link=\"https:\/\/www.esquire.com\/it\/lifestyle\/viaggi\/g43926574\/cosa-vedere-a-napoli\/\" data-vars-ga-ux-element=\"Hyperlink\" data-vars-ga-call-to-action=\"Napoli\" data-node-id=\"13.1\" class=\"body-link css-1nd6fub emevuu60\" rel=\"nofollow noopener\">Napoli<\/a> per rubare il tesoro di San Gennaro. Per farcela hanno bisogno di manodopera locale, e finiscono per affidarsi ad Armanduccio Girasole detto Dud\u00f9 (Manfredi) e alla sua banda sgangherata, che comprende tra gli altri un becchino e un uomo con il cuore a destra che campa facendosi ospitare ai congressi di medicina. Il colpo, ovviamente, non andr\u00e0 come previsto.<\/p>\n<p>Operazione San Gennaro, un caper movie tra i pi\u00f9 riusciti<\/p>\n<p data-journey-content=\"true\" data-node-id=\"19\" class=\"css-1ood0zq emevuu60\">\u00c8 uno dei caper movie italiani pi\u00f9 riusciti del periodo, e funziona perch\u00e9 il meccanismo del furto perfetto viene continuamente sabotato dai personaggi: il dilemma vero non \u00e8 tecnico ma morale, visto che rubare al santo patrono resta un problema di coscienza anche per dei ladri.<\/p>\n<p data-journey-content=\"true\" data-node-id=\"23\" class=\"css-1ood0zq emevuu60\">Il film \u00e8 un documento del Festival di Napoli 1966, con brani in concorso usati come sottofondo e un giovanissimo <a href=\"https:\/\/www.esquire.com\/it\/cultura\/tv\/a65803672\/pippo-baudo-sventa-suicidio-sanremo\/\" target=\"_blank\" data-vars-ga-outbound-link=\"https:\/\/www.esquire.com\/it\/cultura\/tv\/a65803672\/pippo-baudo-sventa-suicidio-sanremo\/\" data-vars-ga-ux-element=\"Hyperlink\" data-vars-ga-call-to-action=\"Pippo Baudo\" data-node-id=\"23.1\" class=\"body-link css-1nd6fub emevuu60\" rel=\"nofollow noopener\">Pippo Baudo<\/a>, non accreditato, nei panni del presentatore. La statua lignea di San Gennaro fu scolpita apposta ed \u00e8 conservata nella chiesa dei Girolamini. Gli esterni del carcere di Poggioreale, invece, sono in realt\u00e0 il Castello Aragonese di Baia. Nel 1967 arriv\u00f2 il <strong data-node-id=\"23.3\">seguito<\/strong>, Operazione San Pietro, diretto da Lucio Fulci con Lando Buzzanca, ma quello \u00e8 stato molto meno fortunato.<\/p>\n<p><img draggable=\"true\" alt=\"unser boss ist eine dame, operazione san gennaro\" title=\"Unser Boss Ist Eine Dame, Operazione San Gennaro\" loading=\"lazy\" width=\"1794\" height=\"1258\" decoding=\"async\" data-nimg=\"1\" style=\"color:transparent;width:100%;height:auto;\"   src=\"https:\/\/www.europesays.com\/it\/wp-content\/uploads\/2026\/09\/9b19cbed-2ce0-4c45-8cf2-532d7b2b5696.jpeg\" class=\"css-0 e1ddfba50\"\/><a target=\"_blank\" rel=\"noopener nofollow\" data-theme-key=\"base-link\" href=\"https:\/\/pinterest.com\/pin\/create\/button\/?url=https:\/\/www.esquire.com\/it\/cultura\/tv\/a73559245\/film-manfredi-adorf-toto-prime-video\/&amp;description=&amp;media=https:\/\/hips.hearstapps.com\/hmg-prod\/images\/9b19cbed-2ce0-4c45-8cf2-532d7b2b5696.jpeg?resize=1600:*\" class=\"pinterest css-on9hn5 e1socmtw0\"><img decoding=\"async\" data-dynamic-svg=\"true\" src=\"https:\/\/www.esquire.com\/_assets\/design-tokens\/fre\/static\/icons\/social\/pinterest.e8cf655.svg?primary=%2523ffffff\" loading=\"lazy\" data-testid=\"dynamic-svg-base\" height=\"auto\" width=\"auto\" alt=\"pinterest\" class=\"css-4lml0h e1mlxuuw1\"\/><\/a><\/p>\n<p>United Archives\/\/Getty Images<\/p>\n<p data-journey-content=\"true\" data-node-id=\"28\" class=\"css-1ood0zq emevuu60\">Il film \u00e8 inoltre disponibile a noleggio e in acquisto sulle principali piattaforme digitali.<\/p>\n<p>SCONTI AMAZON SULL&#8217;ELETTRONICA<a target=\"_blank\" rel=\"nofollow noopener\" data-theme-key=\"product-image-wrapper\" href=\"https:\/\/www.amazon.it\/dp\/B0DSWFHTL2?tag=a-esquire-21\" aria-label=\"448\u00a0\u20ac su Amazon per Smartphone Pixel 9a\" data-href=\"https:\/\/www.amazon.it\/dp\/B0DSWFHTL2\" data-product-url=\"https:\/\/www.amazon.it\/dp\/B0DSWFHTL2\" data-affiliate=\"true\" data-affiliate-url=\"https:\/\/www.amazon.it\/dp\/B0DSWFHTL2?tag=a-esquire-21\" data-affiliate-network=\"{&quot;site_id&quot;:&quot;ea4bb407-ec21-446a-a75b-8fc7d58bc376&quot;,&quot;metadata&quot;:{&quot;links&quot;:{&quot;default&quot;:&quot;https:\/\/www.amazon.it\/dp\/B0DSWFHTL2?tag=a-esquire-21&quot;}},&quot;network&quot;:{&quot;name&quot;:&quot;Amazon&quot;}}\" data-fp-affiliate-inline-link=\"true\" data-fp-affiliate-button-link=\"false\" data-vars-ga-call-to-action=\"448\u00a0\u20ac su Amazon\" data-vars-ga-media-role=\"1\" data-vars-ga-media-type=\"Embedded Gallery List\" data-vars-ga-outbound-link=\"https:\/\/www.amazon.it\/dp\/B0DSWFHTL2\" data-vars-ga-product-brand=\"Google\" data-vars-ga-product-id=\"730e3f90-6e5b-4cec-8668-f633da52f5e2\" data-vars-ga-product-price=\"448,10\u00a0\u20ac\" data-vars-ga-product-retailer-id=\"6431e5bb-78a0-4565-96ba-d028b58d46de\" data-vars-ga-product-sem3-brand=\"Google\" data-vars-ga-product-sem3-category=\"Cellulari e Smartphone\" data-vars-ga-gallery-display=\"list\" data-vars-ga-link-treatment=\"(not set) | (not set)\" data-vars-ga-sku=\"B0DSWFHTL2\" data-vars-ga-magento-tracking=\"1\" class=\"product-image-link ebgq4gw7 e12px3ys0 css-g6od0w e1socmtw0\"><img  alt=\"Smartphone Pixel 9a\" title=\"Smartphone Pixel 9a\" data-fp-product-image=\"true\" datafptag=\"data-fp-product-image\" src=\"https:\/\/www.europesays.com\/it\/wp-content\/uploads\/2026\/09\/1751631475-71sRswGFD6L.jpg\" width=\"2500\" height=\"2500\" decoding=\"async\" loading=\"lazy\"\/><\/a>Google Smartphone Pixel 9aCredit: Courtesy photo<\/p>\n<p>Smartphone con sistema operativo Android 15 e processore Snapdragon con velocit\u00e0 3,1 GHz. Memoria RAM installata da 8 GB, capacit\u00e0 128 GB. La batteria pu\u00f2 durare pi\u00f9 di 24 ore, fino a 100 ore con Risparmio Energetico Estremo.<\/p>\n<p><a target=\"_blank\" rel=\"nofollow noopener\" data-theme-key=\"product-image-wrapper\" href=\"https:\/\/www.amazon.it\/dp\/B0FGPCMP5D?tag=a-esquire-21\" aria-label=\"70\u00a0\u20ac su Amazon per Tablet 10.1 pollici Android 15\" data-href=\"https:\/\/www.amazon.it\/dp\/B0FGPCMP5D\" data-product-url=\"https:\/\/www.amazon.it\/dp\/B0FGPCMP5D\" data-affiliate=\"true\" data-affiliate-url=\"https:\/\/www.amazon.it\/dp\/B0FGPCMP5D?tag=a-esquire-21\" data-affiliate-network=\"{&quot;site_id&quot;:&quot;ea4bb407-ec21-446a-a75b-8fc7d58bc376&quot;,&quot;metadata&quot;:{&quot;links&quot;:{&quot;default&quot;:&quot;https:\/\/www.amazon.it\/dp\/B0FGPCMP5D?tag=a-esquire-21&quot;}},&quot;network&quot;:{&quot;name&quot;:&quot;Amazon&quot;}}\" data-fp-affiliate-inline-link=\"true\" data-fp-affiliate-button-link=\"false\" data-vars-ga-call-to-action=\"70\u00a0\u20ac su Amazon\" data-vars-ga-media-role=\"1\" data-vars-ga-media-type=\"Embedded Gallery List\" data-vars-ga-outbound-link=\"https:\/\/www.amazon.it\/dp\/B0FGPCMP5D\" data-vars-ga-product-brand=\"Laptok\" data-vars-ga-product-id=\"d84e1923-cb3b-4514-8d9c-1495bd630ad0\" data-vars-ga-product-price=\"69,99\u00a0\u20ac\" data-vars-ga-product-retailer-id=\"3830f612-d389-452e-92cc-ba3a7efd789d\" data-vars-ga-product-sem3-brand=\"Laptok\" data-vars-ga-product-sem3-category=\"Tablet PC\" data-vars-ga-gallery-display=\"list\" data-vars-ga-link-treatment=\"sale | (not set)\" data-vars-ga-sku=\"B0FGPCMP5D\" data-vars-ga-magento-tracking=\"1\" class=\"product-image-link ebgq4gw7 e12px3ys0 css-g6od0w e1socmtw0\"><img  alt=\"Tablet 10.1 pollici Android 15\" title=\"Tablet 10.1 pollici Android 15\" data-fp-product-image=\"true\" datafptag=\"data-fp-product-image\" src=\"https:\/\/www.europesays.com\/it\/wp-content\/uploads\/2026\/09\/1771587004-71T6DW2s7vL.jpg\" width=\"1600\" height=\"1600\" decoding=\"async\" loading=\"lazy\"\/><\/a>Laptok Tablet 10.1 pollici Android 15<\/p>\n<p>Ora in sconto del 22%<\/p>\n<p>Credit: Courtesy photo<\/p>\n<p>Tablet 10&#8221;, memoria 16GB e 32GB di spazio interno (espandibile). Sistema operativo Android 15 e processore quad-core Cortex-A53 e single-core Cortex-A73. Schermo IPS, HD. Fotocamera frontale 5MP e posteriore 8MP. Batteria 5000mAh, CPU a basso consumo energetico.<\/p>\n<p><a target=\"_blank\" rel=\"nofollow noopener\" data-theme-key=\"product-image-wrapper\" href=\"https:\/\/www.amazon.it\/dp\/B0DZDF1BKR?tag=a-esquire-21\" aria-label=\"1149\u00a0\u20ac su Amazon per MacBook Air 13&#039;&#039;\" data-href=\"https:\/\/www.amazon.it\/dp\/B0DZDF1BKR\" data-product-url=\"https:\/\/www.amazon.it\/dp\/B0DZDF1BKR\" data-affiliate=\"true\" data-affiliate-url=\"https:\/\/www.amazon.it\/dp\/B0DZDF1BKR?tag=a-esquire-21\" data-affiliate-network=\"{&quot;site_id&quot;:&quot;ea4bb407-ec21-446a-a75b-8fc7d58bc376&quot;,&quot;metadata&quot;:{&quot;links&quot;:{&quot;default&quot;:&quot;https:\/\/www.amazon.it\/dp\/B0DZDF1BKR?tag=a-esquire-21&quot;}},&quot;network&quot;:{&quot;name&quot;:&quot;Amazon&quot;}}\" data-fp-affiliate-inline-link=\"true\" data-fp-affiliate-button-link=\"false\" data-vars-ga-call-to-action=\"1149\u00a0\u20ac su Amazon\" data-vars-ga-media-role=\"1\" data-vars-ga-media-type=\"Embedded Gallery List\" data-vars-ga-outbound-link=\"https:\/\/www.amazon.it\/dp\/B0DZDF1BKR\" data-vars-ga-product-brand=\"Apple\" data-vars-ga-product-id=\"e57f9bbd-3c1b-4d9a-b340-aed2da22b6e2\" data-vars-ga-product-price=\"1149,00\u00a0\u20ac\" data-vars-ga-product-retailer-id=\"8397e01e-b7d9-4aa2-8819-2e0a993f945b\" data-vars-ga-product-sem3-brand=\"Apple\" data-vars-ga-product-sem3-category=\"Notebook tradizionali\" data-vars-ga-gallery-display=\"list\" data-vars-ga-link-treatment=\"(not set) | (not set)\" data-vars-ga-sku=\"B0DZDF1BKR\" data-vars-ga-magento-tracking=\"1\" class=\"product-image-link ebgq4gw7 e12px3ys0 css-g6od0w e1socmtw0\"><img  alt=\"MacBook Air 13''\" title=\"MacBook Air 13''\" data-fp-product-image=\"true\" datafptag=\"data-fp-product-image\" src=\"https:\/\/www.europesays.com\/it\/wp-content\/uploads\/2026\/09\/1741342670-71ZdDLeldzL.jpg\" width=\"2560\" height=\"2560\" decoding=\"async\" loading=\"lazy\"\/><\/a>Apple MacBook Air 13&#8221;Credit: Courtesy photo<\/p>\n<p>Portatile con design dalle dimensioni ultraridotte, con chip M4 (2025) progettato per Apple Intelligence, iperleggero ed extraveloce. Display Liquid Retina da 13,6&#8221;. 16GB di memoria unificata e 256GB di archiviazione SSD. Touch ID e batteria che dura fino a 18 ore. Videocamera 12MP Center Stage, tre microfoni e quattro altoparlanti con audio spaziale.<\/p>\n<p><a target=\"_blank\" rel=\"nofollow noopener\" data-theme-key=\"product-image-wrapper\" href=\"https:\/\/www.amazon.it\/dp\/B0F457M449?tag=a-esquire-21\" aria-label=\"149\u00a0\u20ac su Amazon per Smart TV F Pro 32\" data-href=\"https:\/\/www.amazon.it\/dp\/B0F457M449\" data-product-url=\"https:\/\/www.amazon.it\/dp\/B0F457M449\" data-affiliate=\"true\" data-affiliate-url=\"https:\/\/www.amazon.it\/dp\/B0F457M449?tag=a-esquire-21\" data-affiliate-network=\"{&quot;site_id&quot;:&quot;ea4bb407-ec21-446a-a75b-8fc7d58bc376&quot;,&quot;metadata&quot;:{&quot;links&quot;:{&quot;default&quot;:&quot;https:\/\/www.amazon.it\/dp\/B0F457M449?tag=a-esquire-21&quot;}},&quot;network&quot;:{&quot;name&quot;:&quot;Amazon&quot;}}\" data-fp-affiliate-inline-link=\"true\" data-fp-affiliate-button-link=\"false\" data-vars-ga-call-to-action=\"149\u00a0\u20ac su Amazon\" data-vars-ga-media-role=\"1\" data-vars-ga-media-type=\"Embedded Gallery List\" data-vars-ga-outbound-link=\"https:\/\/www.amazon.it\/dp\/B0F457M449\" data-vars-ga-product-brand=\"XIAOMI\" data-vars-ga-product-id=\"0768ab0e-7c67-41bc-aadb-c3eb5f37064f\" data-vars-ga-product-price=\"149,00\u00a0\u20ac\" data-vars-ga-product-retailer-id=\"bccf358c-65fe-4691-b74e-a7bba9d53dca\" data-vars-ga-product-sem3-brand=\"XIAOMI\" data-vars-ga-product-sem3-category=\"Televisori\" data-vars-ga-gallery-display=\"list\" data-vars-ga-link-treatment=\"(not set) | (not set)\" data-vars-ga-sku=\"B0F457M449\" data-vars-ga-magento-tracking=\"1\" class=\"product-image-link ebgq4gw7 e12px3ys0 css-g6od0w e1socmtw0\"><img  alt=\"Smart TV F Pro 32\" title=\"Smart TV F Pro 32\" data-fp-product-image=\"true\" datafptag=\"data-fp-product-image\" src=\"https:\/\/www.europesays.com\/it\/wp-content\/uploads\/2026\/09\/1771588373-61WyC6La91L.jpg\" width=\"1000\" height=\"1000\" decoding=\"async\" loading=\"lazy\"\/><\/a>XIAOMI Smart TV F Pro 32Credit: Courtesy photo<\/p>\n<p>Schermo 32&#8221;, con tecnologia QLED Quantum Dot per colori vivaci, contrasti intensi e una nitidezza straordinaria con oltre un miliardo di colori realistici. Suono cinematografico con Dolby Audio. Controllo Vocale Alexa, compatibile con Apple AirPlay. Triple Tuner DVB-C\/S\/S2\/T\/T2, DTS Virtual:X, DTS-HD.<\/p>\n<p><img src=\"https:\/\/www.europesays.com\/it\/wp-content\/uploads\/2026\/09\/91f07e8e-33bb-4991-908e-b5ee7dd0c15c_1686210719.file.png\" alt=\"Headshot of Giuseppe Giordano\" title=\"Headshot of Giuseppe Giordano\" width=\"100%\" height=\"100%\" decoding=\"async\" loading=\"lazy\" class=\"css-o0wq4v ev8dhu53\"\/><\/p>\n<p>Guardo film e gioco a videogiochi, da un certo punto della vita in poi ho iniziato anche a scriverne. Mi affascinano gli angolini sperduti di internet, la grafica dei primi videogiochi in 3D e le immagini che ricadono sotto l\u2019ombrello per nulla definito della dicitura aesthetic, rispetto alle quali porto avanti un\u2019attivit\u00e0 di catalogazione compulsiva che ha come punto d\u2019arrivo alcuni profili Instagram. La serie TV con l\u2019estetica migliore (e quella migliore in assoluto) \u00e8 comunque X-Files, che non ho mai finito per non concepire il pensiero \u201cnon esistono altre puntate di X-Files da vedere per il resto della mia vita\u201d. Stessa cosa con Evangelion (il manga). \u00a0<\/p>\n","protected":false},"excerpt":{"rendered":"Un heist movie, un film di furto, tutto ambientato a Napoli. Operazione San Gennaro (1966), diretto da Dino&hellip;\n","protected":false},"author":3,"featured_media":659381,"comment_status":"","ping_status":"","sticky":false,"template":"","format":"standard","meta":{"footnotes":"","_share_on_mastodon":"0"},"categories":[1442],"tags":[618,363767,620,203,454,623,204,259632,1537,90,89,619,363766,1521,363765,310758,197726],"class_list":["post-659380","post","type-post","status-publish","format-standard","has-post-thumbnail","category-film","tag-content-type-news","tag-contentid-e1f4f95a-a2cc-4f59-a855-98cd13507716","tag-displaytype-standard-article","tag-entertainment","tag-film","tag-hasproduct-true","tag-intrattenimento","tag-issyndicated-false","tag-it","tag-italia","tag-italy","tag-locale-it","tag-mario-adorf-e-toto-ecco-come-vederlo-gratis","tag-movies","tag-shorttitle-in-questo-film-ci-sono-tutti-nino-manfredi","tag-sponsored-false","tag-subsection-tv"],"share_on_mastodon":{"url":"https:\/\/pubeurope.com\/@it\/117194901170594260","error":""},"_links":{"self":[{"href":"https:\/\/www.europesays.com\/it\/wp-json\/wp\/v2\/posts\/659380","targetHints":{"allow":["GET"]}}],"collection":[{"href":"https:\/\/www.europesays.com\/it\/wp-json\/wp\/v2\/posts"}],"about":[{"href":"https:\/\/www.europesays.com\/it\/wp-json\/wp\/v2\/types\/post"}],"author":[{"embeddable":true,"href":"https:\/\/www.europesays.com\/it\/wp-json\/wp\/v2\/users\/3"}],"replies":[{"embeddable":true,"href":"https:\/\/www.europesays.com\/it\/wp-json\/wp\/v2\/comments?post=659380"}],"version-history":[{"count":0,"href":"https:\/\/www.europesays.com\/it\/wp-json\/wp\/v2\/posts\/659380\/revisions"}],"wp:featuredmedia":[{"embeddable":true,"href":"https:\/\/www.europesays.com\/it\/wp-json\/wp\/v2\/media\/659381"}],"wp:attachment":[{"href":"https:\/\/www.europesays.com\/it\/wp-json\/wp\/v2\/media?parent=659380"}],"wp:term":[{"taxonomy":"category","embeddable":true,"href":"https:\/\/www.europesays.com\/it\/wp-json\/wp\/v2\/categories?post=659380"},{"taxonomy":"post_tag","embeddable":true,"href":"https:\/\/www.europesays.com\/it\/wp-json\/wp\/v2\/tags?post=659380"}],"curies":[{"name":"wp","href":"https:\/\/api.w.org\/{rel}","templated":true}]}}