{"id":659393,"date":"2026-09-01T08:50:22","date_gmt":"2026-09-01T08:50:22","guid":{"rendered":"https:\/\/www.europesays.com\/it\/659393\/"},"modified":"2026-09-01T08:50:22","modified_gmt":"2026-09-01T08:50:22","slug":"calciomercato-le-notizie-di-oggi-in-diretta-la-roma-vira-su-gittens-e-sta-per-cedere-kone-al-chelsea-woltemade-in-arrivo-in-casa-juve-atalanta-ce-rowe-mbangula-al-bologna","status":"publish","type":"post","link":"https:\/\/www.europesays.com\/it\/659393\/","title":{"rendered":"Calciomercato, le notizie di oggi in diretta: la Roma vira su Gittens e sta per cedere Kon\u00e8 al Chelsea, Woltemade in arrivo in casa Juve, Atalanta, c&#8217;\u00e8 Rowe, Mbangula al Bologna"},"content":{"rendered":"<p>\t\t\tCity in pressing su Gakpo<\/p>\n<p>(Salvatore Riggio) Il futuro di Cody Gakpo accende le ultime ore del mercato della Premier League. Sul nazionale olandese \u00e8 forte il pressing del Manchester City, pronto a mettere sul piatto ben 75 milioni di sterline (87,51 milioni di euro al cambio attuale) per strapparlo ai rivali. A fare da scudo interviene per\u00f2 il capitano dei Reds, Virgil van Dijk, che ha espresso pubblicamente la volont\u00e0 di trattenere il compagno ad Anfield. \u00ab\u00c8 un giocatore di qualit\u00e0 e dobbiamo tenerlo, ma vediamo cosa succeder\u00e0 nei prossimi tre giorni\u00bb, ha affermato il difensore. \u00ab\u00c8 chiaro che voglio che resti: \u00e8 un giocatore di qualit\u00e0, \u00e8 mio amico e sar\u00e0 molto importante per noi\u00bb. Nonostante l\u2019arrivo di Barcola dal Psg per una cifra monstre rischi di ridurre lo spazio per Gakpo, il Liverpool tentenna: la rosa deve fare i conti con diverse defezioni nel reparto avanzato. La cessione dell\u2019attaccante si concretizzer\u00e0 unicamente se i Reds riusciranno a stringere i tempi per un sostituto all\u2019altezza prima del gong finale.<\/p>\n","protected":false},"excerpt":{"rendered":"City in pressing su Gakpo (Salvatore Riggio) Il futuro di Cody Gakpo accende le ultime ore del mercato&hellip;\n","protected":false},"author":3,"featured_media":659394,"comment_status":"","ping_status":"","sticky":false,"template":"","format":"standard","meta":{"footnotes":"","_share_on_mastodon":"0"},"categories":[6],"tags":[2700,292273,292274,2478,363775,1262,7196,569,363776,363777,562,765,586,51665,17295,5368,820,555,3705,363778,363779,14,57066,363780,53380,724,2263,21096,130879,556,557,36056,8,1537,90,89,5188,575,363774,553,7,15,82,9,83,10,4565,6840,7163,7164,7165,987,17888,13,11,80,84,12,81,85,566,7176,7177,360141],"class_list":["post-659393","post","type-post","status-publish","format-standard","has-post-thumbnail","category-ultime-notizie","tag-andrea","tag-andrea-monforte","tag-andrea-monforte-redazione","tag-arriva","tag-arriva-kean","tag-arrivo","tag-aspetta","tag-atalanta","tag-atalanta-mbangula","tag-atalanta-mbangula-bologna","tag-attaccante","tag-attacco","tag-bologna","tag-cancellieri","tag-cedere","tag-chelsea","tag-city","tag-com","tag-como","tag-como-arriva","tag-como-arriva-kean","tag-cronaca","tag-cuffy","tag-cuffy-venezia","tag-dia","tag-euro","tag-fiorentina","tag-fofana","tag-gakpo","tag-gianlucadimarzio","tag-gianlucadimarzio-com","tag-gittens","tag-headlines","tag-it","tag-italia","tag-italy","tag-lazio","tag-mbangula","tag-mbangula-bologna","tag-milan","tag-news","tag-notizie","tag-notizie-di-cronaca","tag-notizie-principali","tag-notiziedicronaca","tag-notizieprincipali","tag-possibile","tag-prestito","tag-redazione","tag-redazione-gianlucadimarzio","tag-redazione-gianlucadimarzio-com","tag-roma","tag-rowe","tag-titoli","tag-ultime-notizie","tag-ultime-notizie-di-cronaca","tag-ultime-notizie-e-news-di-oggi","tag-ultimenotizie","tag-ultimenotiziedicronaca","tag-ultimenotizieenewsdioggi","tag-valentino","tag-valentino-redazione","tag-valentino-redazione-gianlucadimarzio","tag-woltemade"],"share_on_mastodon":{"url":"","error":"Validation failed: Text character limit of 500 exceeded"},"_links":{"self":[{"href":"https:\/\/www.europesays.com\/it\/wp-json\/wp\/v2\/posts\/659393","targetHints":{"allow":["GET"]}}],"collection":[{"href":"https:\/\/www.europesays.com\/it\/wp-json\/wp\/v2\/posts"}],"about":[{"href":"https:\/\/www.europesays.com\/it\/wp-json\/wp\/v2\/types\/post"}],"author":[{"embeddable":true,"href":"https:\/\/www.europesays.com\/it\/wp-json\/wp\/v2\/users\/3"}],"replies":[{"embeddable":true,"href":"https:\/\/www.europesays.com\/it\/wp-json\/wp\/v2\/comments?post=659393"}],"version-history":[{"count":0,"href":"https:\/\/www.europesays.com\/it\/wp-json\/wp\/v2\/posts\/659393\/revisions"}],"wp:featuredmedia":[{"embeddable":true,"href":"https:\/\/www.europesays.com\/it\/wp-json\/wp\/v2\/media\/659394"}],"wp:attachment":[{"href":"https:\/\/www.europesays.com\/it\/wp-json\/wp\/v2\/media?parent=659393"}],"wp:term":[{"taxonomy":"category","embeddable":true,"href":"https:\/\/www.europesays.com\/it\/wp-json\/wp\/v2\/categories?post=659393"},{"taxonomy":"post_tag","embeddable":true,"href":"https:\/\/www.europesays.com\/it\/wp-json\/wp\/v2\/tags?post=659393"}],"curies":[{"name":"wp","href":"https:\/\/api.w.org\/{rel}","templated":true}]}}