{"id":659402,"date":"2026-09-01T09:03:20","date_gmt":"2026-09-01T09:03:20","guid":{"rendered":"https:\/\/www.europesays.com\/it\/659402\/"},"modified":"2026-09-01T09:03:20","modified_gmt":"2026-09-01T09:03:20","slug":"como-da-scudetto-i-motivi-fabregas-suwarso-il-mercato-e","status":"publish","type":"post","link":"https:\/\/www.europesays.com\/it\/659402\/","title":{"rendered":"Como da scudetto, i motivi: Fabregas, Suwarso, il mercato e&#8230;"},"content":{"rendered":"<p>                                Cesc ha portato la squadra dalla B alla Champions, a Napoli ha dato una straordinaria prova di maturit\u00e0 e mette paura alle big. Il numero uno Suwarso: &#8220;Continuiamo a migliorare e ci godiamo ogni momento&#8221;<\/p>\n<p class=\"paragraph\" spellcheck=\"true\">La vittoria del Como al Maradona non \u00e8 un exploit e nemmeno una conferma. Nella filosofia del club non ci sono (ancora) obiettivi da raggiungere ma un fluido divenire entro un percorso di crescita. Poi, la realt\u00e0 oggettiva parla di fatti: la parte sinistra della classifica al ritorno in Serie A dopo ventun anni; una storica Champions raggiunta l\u2019anno scorso; e, sabato, tre punti nel primo big match stagionale. Espugnare la casa del Napoli per 2-1, grazie alle firme d\u2019autore di Baturina e Douvikas, non \u00e8 un attestato di maturit\u00e0 definitivo ma solo un esame superato a pieni voti. Il Como ha sbancato Fuorigrotta imponendo idee, palleggio e una personalit\u00e0 sfrontata, lasciando dietro di s\u00e9 una scia di bellezza e maturit\u00e0. Siamo solo alla seconda giornata, non ci sono certezze incise nella roccia, ma un dato di fatto \u00e8 difficilmente negabile: per lo scudetto le big dovranno fare i conti con i ragazzi terribili di Fabregas.<\/p>\n<p>        Gentleman\u2014 \u00a0<\/p>\n<p class=\"paragraph\" spellcheck=\"true\">Nel suo ruolo istituzionale, e con quella tipica filosofia orientale di saggezza e lungimiranza che contraddistingue la propriet\u00e0 indonesiana, il presidente Mirwan Suwarso non spegne gli entusiasmi, ma riporta immediatamente il discorso entro i confini della realt\u00e0: non \u00e8 il caso di fare proclami n\u00e9 di trarre conclusioni affrettate. &#8220;\u00c8 ancora troppo presto nella stagione per sbilanciarsi sulle prestazioni della squadra \u2014 dice alla Gazzetta \u2014 . Siamo solo all\u2019inizio e sicuramente molte avversarie si stanno ancora abituando ai nuovi ritmi. Noi vogliamo solo continuare a migliorare e goderci ogni singolo momento&#8221;. Nelle parole del numero uno biancobl\u00f9 c\u2019\u00e8 anche un implicito, ma chiarissimo, riferimento al Napoli. Parole di rispetto, quasi una carezza istituzionale per onorare l\u2019avversario sconfitto di fronte ai propri tifosi. Anche su questo, il Como ha portato una ventata di novit\u00e0 nel nostro calcio. In un\u2019epoca di narrazioni urlate, polemiche arbitrali e frecciate post-gara, si sceglie la via dell\u2019eleganza comunicativa e della sportivit\u00e0 a prescindere. Si vince sul campo con grinta, si onora chi perde con cavalleria.<\/p>\n<p>        Selfie a Fuorigrotta\u2014 \u00a0<\/p>\n<p class=\"paragraph\" spellcheck=\"true\">Uno stile che si diffonde anche nei calciatori. La stella Nico Paz a fine partita \u00e8 stata protagonista di un  gesto che riconcilia con lo sport. Lasciando lo stadio in cui l\u2019argentino aveva bagnato la sua prima rete in Champions con la maglia del Real, si \u00e8 fermato a lungo con i sostenitori azzurri e, con una naturalezza e un\u2019umilt\u00e0 rare a questi livelli, ha preso in mano uno per uno i telefoni per regalare selfie,  firmando autografi a chiunque. Pi\u00f9 tardi, durante il viaggio di ritorno, il numero dieci ha postato sui social l\u2019orgoglio di una vittoria pesante: &#8220;Questo \u00e8 il Como! Avanti cos\u00ec&#8221;. A cascata sono arrivate le testimonianze di altri protagonisti. Martin Baturina, premiato come Mvp, ha scritto: &#8220;Storia fatta a Napoli! Orgogliosi di questa squadra!&#8221;. Per il bomber  Douvikas, \u00e8 stata &#8220;Una notte speciale a Napoli, un gol che ricorder\u00f2 e, pi\u00f9 importante di tutto, tre punti che ci portiamo a casa&#8221;.<\/p>\n<p><a class=\"is-partner-link\" href=\"https:\/\/ad.doubleclick.net\/ddm\/trackclk\/N1792338.340088CAIRORCSMEDIAS.P.\/B28038690.452531709;dc_trk_aid=646241311;dc_trk_cid=173665161;dc_lat=;dc_rdid=;tag_for_child_directed_treatment=;tfua=;gdpr=%24%7BGDPR%7D;gdpr_consent=%24%7BGDPR_CONSENT_755%7D;ltd=;dc_tdv=1\" rel=\"nofollow noopener\" target=\"_blank\">Guarda tutte le partite di Serie A Enilive in esclusiva nei locali Sky! Trova il locale pi\u00f9 vicino a te.<\/a><\/p>\n<p>        La parola tab\u00f9\u2014 \u00a0<\/p>\n<p class=\"paragraph\" spellcheck=\"true\">Oltre ai punti, la vittoria di Napoli conferma che Fabregas ha fatto un altro importante passo nella crescita. Due anni fa, proprio al Maradona,  aveva dato i primissimi segnali della sua idea di calcio. Un tempo dominato nonostante il gol a freddo di McTominay: possesso palla, pressing alto, ricerca continua della verticalit\u00e0 con fraseggio corto e veloce. Nella ripresa, per\u00f2, errori difensivi lo avevano punito con il 3-1 finale a favore del maestro Conte. Via via  Cesc ha fatto tesoro delle batoste, e gi\u00e0 l\u2019anno scorso ha svoltato, chiudendo la stagione con la retroguardia meno battuta del torneo. Sabato un ulteriore upgrade quando, complice il gran caldo e le gambe affaticate, con il Napoli a caccia del pari, ha ridisegnato la squadra con due drastici cambi di modulo, passando prima alla difesa a tre e blindandosi infine con un abbottonatissimo 5-4-1. Di sicuro lui non pronuncer\u00e0 mai la parola &#8216;scudetto&#8217;, ma il segnale dato sabato \u00e8 chiaro e rimbomba in tutta Italia: per il Tricolore c\u2019\u00e8 anche il Como.<\/p>\n<p class=\"is-copyright\">\u00a9 RIPRODUZIONE RISERVATA<\/p>\n","protected":false},"excerpt":{"rendered":"Cesc ha portato la squadra dalla B alla Champions, a Napoli ha dato una straordinaria prova di maturit\u00e0&hellip;\n","protected":false},"author":3,"featured_media":659403,"comment_status":"","ping_status":"","sticky":false,"template":"","format":"standard","meta":{"footnotes":"","_share_on_mastodon":"0"},"categories":[1452],"tags":[363781,363782,363783,35473,363784,363785,363786,363787,4988,10721,6512,721,4992,1969,3705,4385,1307,1277,5011,3882,4975,15343,1740,55604,1976,48,50205,1537,90,89,41604,11997,3998,6114,248,1312,7793,4979,1916,1292,3969,3675,2841,6072,20975,1739,245,244,1857,577,54138,17622,2224],"class_list":["post-659402","post","type-post","status-publish","format-standard","has-post-thumbnail","category-calcio","tag-abbottonatissimo","tag-abbottonatissimo-sicuro","tag-abbottonatissimo-sicuro-pronuncera","tag-abituando","tag-abituando-nuovi","tag-abituando-nuovi-ritmi","tag-affaticate","tag-affaticate-napoli","tag-baturina","tag-bellezza","tag-big","tag-calcio","tag-cesc","tag-champions","tag-como","tag-conferma","tag-crescita","tag-dato","tag-douvikas","tag-entro","tag-fabregas","tag-filosofia","tag-football","tag-fuorigrotta","tag-gol","tag-importante","tag-istituzionale","tag-it","tag-italia","tag-italy","tag-lasciando","tag-maradona","tag-maturita","tag-migliorare","tag-napoli","tag-numero","tag-parola","tag-parole","tag-portato","tag-punti","tag-realta","tag-ritorno","tag-sabato","tag-scudetto","tag-selfie","tag-soccer","tag-sport","tag-sports","tag-squadra","tag-stagione","tag-suwarso","tag-tabu","tag-vittoria"],"share_on_mastodon":{"url":"","error":"Validation failed: Text character limit of 500 exceeded"},"_links":{"self":[{"href":"https:\/\/www.europesays.com\/it\/wp-json\/wp\/v2\/posts\/659402","targetHints":{"allow":["GET"]}}],"collection":[{"href":"https:\/\/www.europesays.com\/it\/wp-json\/wp\/v2\/posts"}],"about":[{"href":"https:\/\/www.europesays.com\/it\/wp-json\/wp\/v2\/types\/post"}],"author":[{"embeddable":true,"href":"https:\/\/www.europesays.com\/it\/wp-json\/wp\/v2\/users\/3"}],"replies":[{"embeddable":true,"href":"https:\/\/www.europesays.com\/it\/wp-json\/wp\/v2\/comments?post=659402"}],"version-history":[{"count":0,"href":"https:\/\/www.europesays.com\/it\/wp-json\/wp\/v2\/posts\/659402\/revisions"}],"wp:featuredmedia":[{"embeddable":true,"href":"https:\/\/www.europesays.com\/it\/wp-json\/wp\/v2\/media\/659403"}],"wp:attachment":[{"href":"https:\/\/www.europesays.com\/it\/wp-json\/wp\/v2\/media?parent=659402"}],"wp:term":[{"taxonomy":"category","embeddable":true,"href":"https:\/\/www.europesays.com\/it\/wp-json\/wp\/v2\/categories?post=659402"},{"taxonomy":"post_tag","embeddable":true,"href":"https:\/\/www.europesays.com\/it\/wp-json\/wp\/v2\/tags?post=659402"}],"curies":[{"name":"wp","href":"https:\/\/api.w.org\/{rel}","templated":true}]}}