{"id":659413,"date":"2026-09-01T09:10:15","date_gmt":"2026-09-01T09:10:15","guid":{"rendered":"https:\/\/www.europesays.com\/it\/659413\/"},"modified":"2026-09-01T09:10:15","modified_gmt":"2026-09-01T09:10:15","slug":"calciomercato-2026-ultime-news-di-oggi-in-diretta-live-63","status":"publish","type":"post","link":"https:\/\/www.europesays.com\/it\/659413\/","title":{"rendered":"Calciomercato 2026, ultime news di oggi in diretta live"},"content":{"rendered":"<p>\\n  <\/p>\n<li><a href=\"\\&quot;https:\/\/sport.sky.it\/calciomercato\/2026\/09\/01\/calciomercato-roma-acquisti-cessioni-diretta-news\\&quot;\" data-intcmp=\"\\&quot;skysport_liveblog_interlink_text\\&quot;\">Roma, trattativa avanzata per Kone con il Chelsea<\/a><\/li>\n<p>\\n  <\/p>\n<li>E intanto sondaggi per Hojbjerg, Fofanan e Keita<\/li>\n<p>\\n  <\/p>\n<li>Juventus, David verso Madrid: si attende Woltemade<\/li>\n<p>\\n  <\/p>\n<li>Torino, c&#8217;\u00e8 l&#8217;accordo con la Fiorentina per Mandragora<\/li>\n<p>\\n  <\/p>\n<li>Atalanta, in corso le visite mediche per Rowe<\/li>\n<p>\\n  <\/p>\n<li><a href=\"\\&quot;https:\/\/sport.sky.it\/calciomercato\/calciomercato-serie-a-estate-2026-acquisti-ufficiali\\&quot;\" data-intcmp=\"\\&quot;skysport_liveblog_interlink_text\\&quot;\">Serie A, gli acquisti ufficiali\u00a0<\/a><\/li>\n<p>\\n  <\/p>\n<li><a href=\"\\&quot;https:\/\/sport.sky.it\/calciomercato\/tabellone\\&quot;\" data-intcmp=\"\\&quot;skysport_liveblog_interlink_text\\&quot;\">Tabellone mercato Serie A\u00a0<\/a><\/li>\n<p>\\n  <\/p>\n<li><a href=\"\\&quot;https:\/\/sport.sky.it\/calciomercato\/calciomercato-serie-b-estate-2026-acquisti-ufficiali\\&quot;\" data-intcmp=\"\\&quot;skysport_liveblog_interlink_text\\&quot;\">Serie B: la gallery con tutti gli affari dell&#8217;estate\u00a0<\/a><\/li>\n<p>\\n  <\/p>\n<li><a href=\"\\&quot;https:\/\/sport.sky.it\/calciomercato\/calciomercato-serie-b-estate-2026-acquisti-ufficiali#00\\&quot;\" data-intcmp=\"\\&quot;skysport_liveblog_interlink_text\\&quot;\">Le trattative concluse in Serie B\u00a0<\/a><\/li>\n<p>\\n  <\/p>\n<li><a href=\"\\&quot;https:\/\/sport.sky.it\/calciomercato\/calciomercato-2026-acquisti-ufficiali-estero-estate\\&quot;\" data-intcmp=\"\\&quot;skysport_liveblog_interlink_text\\&quot;\">Tutti i colpi di mercato all&#8217;estero<\/a><\/li>\n<p>\\n&#8221;,&#8221;postId&#8221;:&#8221;16517b83-74c7-462a-b27f-3ee05dfa0947&#8243;,&#8221;postLink&#8221;:{&#8220;title&#8221;:&#8221;&#8221;,&#8221;url&#8221;:&#8221;&#8221;,&#8221;imageSrc&#8221;:&#8221;&#8221;}}],&#8221;posts&#8221;:[{&#8220;timestamp&#8221;:&#8221;2026-09-01T09:02:01.202Z&#8221;,&#8221;timestampUtcIt&#8221;:&#8221;2026-09-01T11:02:01+0200&#8243;,&#8221;altBackground&#8221;:false,&#8221;title&#8221;:&#8221;Roma, per il centrocampo torna il nome di Rios&#8221;,&#8221;content&#8221;:&#8221;<\/p>\n<p>Per il centrocampo giallorosso torna il nome di <strong>Rios del Benfica<\/strong>. L&#8217;operazione \u00e8 difficile per sul giocatore ci sono tre squadre che hanno presentato offerta ufficiale: <strong>Hull, Be\u015fikta\u015f, Al-Ittihad<\/strong><\/p>\n<p>&#8220;,&#8221;postId&#8221;:&#8221;7e9594a9-9c36-4fd0-929d-97f0dc10311e&#8221;,&#8221;postLink&#8221;:{&#8220;title&#8221;:&#8221;&#8221;,&#8221;url&#8221;:&#8221;&#8221;,&#8221;imageSrc&#8221;:&#8221;&#8221;}},{&#8220;timestamp&#8221;:&#8221;2026-09-01T08:54:57.994Z&#8221;,&#8221;timestampUtcIt&#8221;:&#8221;2026-09-01T10:54:57+0200&#8243;,&#8221;altBackground&#8221;:false,&#8221;title&#8221;:&#8221;Il Torino ha l&#8217;accordo con la Fiorentina con Mandragora, si cerca quello col giocatore&#8221;,&#8221;content&#8221;:&#8221;<\/p>\n<p>Prosegue positivamente la trattativa tra <strong>Torino <\/strong>e <strong>Fiorentina <\/strong>per <strong>Rolando Mandragora<\/strong>, con i due club che hanno trovato l&#8217;accordo per il centrocampista. I granata ora cercano quello col calciatore, che \u00e8 ci\u00f2 che manca per chiudere l&#8217;operazione.<\/p>\n<p>&#8220;,&#8221;postId&#8221;:&#8221;9ee4ff6a-b927-4144-9b56-258aad78404e&#8221;,&#8221;postLink&#8221;:{&#8220;title&#8221;:&#8221;&#8221;,&#8221;url&#8221;:&#8221;&#8221;,&#8221;imageSrc&#8221;:&#8221;&#8221;}},{&#8220;timestamp&#8221;:&#8221;2026-09-01T08:53:40.922Z&#8221;,&#8221;timestampUtcIt&#8221;:&#8221;2026-09-01T10:53:40+0200&#8243;,&#8221;altBackground&#8221;:false,&#8221;title&#8221;:&#8221;Roma, per il centrocampo anche Mandela Keita del Parma&#8221;,&#8221;content&#8221;:&#8221;<\/p>\n<p>Un altro nome per il centrocampo giallorosso \u00e8 quello di <strong>Mandela Keita <\/strong>del <strong>Parma<\/strong>. Sul classe 2002 c&#8217;\u00e8 anche <strong>l&#8217;Everton<\/strong>.<\/p>\n<p>&#8220;,&#8221;postId&#8221;:&#8221;4b533cbe-2e5a-40c8-8cd4-1fb3f38b45f9&#8243;,&#8221;postLink&#8221;:{&#8220;title&#8221;:&#8221;&#8221;,&#8221;url&#8221;:&#8221;&#8221;,&#8221;imageSrc&#8221;:&#8221;&#8221;}},{&#8220;timestamp&#8221;:&#8221;2026-09-01T08:48:39.658Z&#8221;,&#8221;timestampUtcIt&#8221;:&#8221;2026-09-01T10:48:39+0200&#8243;,&#8221;altBackground&#8221;:false,&#8221;title&#8221;:&#8221;La Lazio rifiuta le proposte di Parma e Fiorentina per Cancellieri: la situazione&#8221;,&#8221;content&#8221;:&#8221;<\/p>\n<p>La Lazio, nella mattinata di oggi, ha comunicato a Parma e Fiorentina che non accetter\u00e0 le proposte arrivate per Matteo Cancellieri. Una decisione che arriva dopo una notte di riflessioni ed \u00e8 determinata da due principali fattori.<\/p>\n<p>&#8220;,&#8221;postId&#8221;:&#8221;f56f1fba-fc69-43f1-9a4e-c3ac505c2824&#8243;,&#8221;postLink&#8221;:{&#8220;title&#8221;:&#8221;&#8221;,&#8221;url&#8221;:&#8221;&#8221;,&#8221;imageSrc&#8221;:&#8221;&#8221;}},{&#8220;timestamp&#8221;:&#8221;2026-09-01T08:47:06.258Z&#8221;,&#8221;timestampUtcIt&#8221;:&#8221;2026-09-01T10:47:06+0200&#8243;,&#8221;altBackground&#8221;:false,&#8221;title&#8221;:&#8221;Roma, per il dopo Kone sondaggi per Hojbjerg e Fofana&#8221;,&#8221;content&#8221;:&#8221;<\/p>\n<p>Per il dopo <strong>Kon\u00e8 <\/strong>(trattativa con il <strong>Chelsea<\/strong>), la <strong>Roma <\/strong>ha sondato due giocatori: <strong>Fofana <\/strong>del <strong>Milan <\/strong>e <strong>Hojbjerg <\/strong>del <strong>Marsiglia<\/strong>.\u00a0<\/p>\n<p>&#8220;,&#8221;postId&#8221;:&#8221;09f4b5ba-f6aa-499d-ad8d-66f0919c22d2&#8243;,&#8221;postLink&#8221;:{&#8220;title&#8221;:&#8221;&#8221;,&#8221;url&#8221;:&#8221;&#8221;,&#8221;imageSrc&#8221;:&#8221;&#8221;}},{&#8220;timestamp&#8221;:&#8221;2026-09-01T08:44:35.283Z&#8221;,&#8221;timestampUtcIt&#8221;:&#8221;2026-09-01T10:44:35+0200&#8243;,&#8221;altBackground&#8221;:false,&#8221;title&#8221;:&#8221;Lazio, contatti per Otele del Basilea e Begraoui dell&#8217;Estoril&#8221;,&#8221;content&#8221;:&#8221;<\/p>\n<p>La <strong>Lazio <\/strong>continua a cercare un attaccante e ha avviato i contatti per <strong>Philip Otele<\/strong> del <strong>Basilea<\/strong>. Nigeriano classe &#8217;99, \u00e8 in grado di ricoprire tutte le posizioni del fronte offensivo, anche se il suo ruolo naturale \u00e8 quello di esterno d&#8217;attacco. Ha fatto rientro in Svizzera dopo la seconda parte della scorsa stagione trascorsa in prestito all&#8217;Amburgo. Non solo per\u00f2, perch\u00e9 sono in corso i contatti anche per <strong>Yanis Begraoui<\/strong>, punta marocchina classe 2001 dell&#8217;<strong>Estoril<\/strong>. Quest&#8217;ultimo ha gi\u00e0 trovato i primi due gol stagionali nelle prime quattro partite del campionato portoghese.<\/p>\n<p>&#8220;,&#8221;postId&#8221;:&#8221;5a620be3-795e-41b3-8520-2da111ed7a98&#8243;,&#8221;postLink&#8221;:{&#8220;title&#8221;:&#8221;&#8221;,&#8221;url&#8221;:&#8221;&#8221;,&#8221;imageSrc&#8221;:&#8221;&#8221;}},{&#8220;timestamp&#8221;:&#8221;2026-09-01T08:36:55.946Z&#8221;,&#8221;timestampUtcIt&#8221;:&#8221;2026-09-01T10:36:55+0200&#8243;,&#8221;altBackground&#8221;:false,&#8221;title&#8221;:&#8221;Roma, trattativa avanzata con il Chelsea per Kone&#8221;,&#8221;content&#8221;:&#8221;<\/p>\n<p>\u00c8 avanzata l&#8217;operazione per il trasferimento di<strong> Manu Kone<\/strong> al <strong>Chelsea<\/strong>. Operazione da 52 milioni di sterline con l&#8217;inserimento nella trattativa di <strong>Gittens <\/strong>in prestito.<\/p>\n<p>&#8220;,&#8221;postId&#8221;:&#8221;9904c237-deca-4938-a80d-8fb23e85ff6e&#8221;,&#8221;postLink&#8221;:{&#8220;title&#8221;:&#8221;&#8221;,&#8221;url&#8221;:&#8221;&#8221;,&#8221;imageSrc&#8221;:&#8221;&#8221;}},{&#8220;timestamp&#8221;:&#8221;2026-09-01T08:30:00.000Z&#8221;,&#8221;timestampUtcIt&#8221;:&#8221;2026-09-01T10:30:00+0200&#8243;,&#8221;altBackground&#8221;:false,&#8221;title&#8221;:&#8221;Sassuolo, accordo con l&#8217;Atalanta per Sulemana&#8221;,&#8221;content&#8221;:&#8221;<\/p>\n<p><strong>Il Sassuolo ha raggiunto un accordo con l&#8217;Atalanta per Ibrahim Sulemana.<\/strong> Il centrocampista ghanese classe 2003 \u00e8 pronto a trasferirsi in neroverde dopo aver giocato gli ultimi sei mesi della scorsa stagione in prestito al Cagliari<\/p>\n<p>&#8220;,&#8221;postId&#8221;:&#8221;d7e2b46b-2abd-4d95-a8d7-11e89c9332ba&#8221;,&#8221;postLink&#8221;:{&#8220;title&#8221;:&#8221;&#8221;,&#8221;url&#8221;:&#8221;&#8221;,&#8221;imageSrc&#8221;:&#8221;&#8221;}},{&#8220;timestamp&#8221;:&#8221;2026-09-01T08:20:00.000Z&#8221;,&#8221;timestampUtcIt&#8221;:&#8221;2026-09-01T10:20:00+0200&#8243;,&#8221;altBackground&#8221;:false,&#8221;title&#8221;:&#8221;Parma, si spinge per Cancellieri&#8221;,&#8221;content&#8221;:&#8221;<\/p>\n<p><strong>Il Parma lavora per Matteo Cancellier<\/strong>i. Il club giallobl\u00f9 sta cercando l&#8217;intesa con la Lazio per portare in Emilia l&#8217;attaccante classe 2002 e rinforzare il reparto offensivo di Carlos Cuesta. Cancellieri \u00e8 partito titolare in entrambe le prime due giornate di Serie A contro Bologna e Genoa<\/p>\n<p>&#8220;,&#8221;postId&#8221;:&#8221;37df267f-3488-45d9-90af-f854dd0cdab9&#8243;,&#8221;postLink&#8221;:{&#8220;title&#8221;:&#8221;&#8221;,&#8221;url&#8221;:&#8221;&#8221;,&#8221;imageSrc&#8221;:&#8221;&#8221;}},{&#8220;timestamp&#8221;:&#8221;2026-09-01T08:10:00.000Z&#8221;,&#8221;timestampUtcIt&#8221;:&#8221;2026-09-01T10:10:00+0200&#8243;,&#8221;altBackground&#8221;:false,&#8221;title&#8221;:&#8221;Monza, visite in Argentina per Zeballos&#8221;,&#8221;content&#8221;:&#8221;<\/p>\n<p>Il Monza ha chiuso per Exequiel Zeballos, esterno offensivo del Boca Juniors. Il giocatore sosterr\u00e0 le visite mediche direttamente in Argentina e raggiunger\u00e0 l&#8217;Italia nei prossimi giorni. L&#8217;operazione \u00e8 da <strong>4,5 milioni di euro<\/strong>, con il <strong>40% sulla futura rivendita<\/strong> in favore del Boca.<\/p>\n<p>&#8220;,&#8221;postId&#8221;:&#8221;1cbbbad9-d439-400f-bbcf-cf899364bf9a&#8221;,&#8221;postLink&#8221;:{&#8220;title&#8221;:&#8221;&#8221;,&#8221;url&#8221;:&#8221;&#8221;,&#8221;imageSrc&#8221;:&#8221;&#8221;}},{&#8220;timestamp&#8221;:&#8221;2026-09-01T08:09:06.161Z&#8221;,&#8221;timestampUtcIt&#8221;:&#8221;2026-09-01T10:09:06+0200&#8243;,&#8221;altBackground&#8221;:false,&#8221;title&#8221;:&#8221;Roma, contatti con il Chelsea per Kon\u00e8&#8221;,&#8221;content&#8221;:&#8221;<\/p>\n<p>In queste ore contatti in corso tra <strong>Chelsea <\/strong>e <strong>Roma <\/strong>per <strong>Manu Kon\u00e8 <\/strong>con il blues che in queste momento sarebbero forti sul centrocampista giallorosso.\u00a0<\/p>\n<p>&#8220;,&#8221;postId&#8221;:&#8221;8138e432-aa4a-4508-bd3f-fe6eeff54f71&#8243;,&#8221;postLink&#8221;:{&#8220;title&#8221;:&#8221;&#8221;,&#8221;url&#8221;:&#8221;&#8221;,&#8221;imageSrc&#8221;:&#8221;&#8221;}},{&#8220;timestamp&#8221;:&#8221;2026-09-01T08:00:00.000Z&#8221;,&#8221;timestampUtcIt&#8221;:&#8221;2026-09-01T10:00:00+0200&#8243;,&#8221;altBackground&#8221;:false,&#8221;title&#8221;:&#8221;Mentre la Fiorentina accoglie Beto e Gnonto&#8221;,&#8221;content&#8221;:&#8221;<\/p>\n<p>Ultime ore molto movimentate per la Fiorentina. I viola hanno trovato l&#8217;accordo con l&#8217;Everton per <strong>Beto a titolo definitivo per 18 milioni di euro. <\/strong>In entrata \u00e8 stato chiuso anche <strong>Wilfried Gnonto dal Leeds<\/strong>, in <strong>prestito con diritto di riscatto<\/strong>. Il suo arrivo potrebbe aprire alla cessione di Gudmundsson, seguito da diversi club<\/p>\n<p>&#8220;,&#8221;postId&#8221;:&#8221;3f57926e-c2f4-4957-ba78-a156fbcd3f10&#8243;,&#8221;postLink&#8221;:{&#8220;title&#8221;:&#8221;&#8221;,&#8221;url&#8221;:&#8221;&#8221;,&#8221;imageSrc&#8221;:&#8221;&#8221;}},{&#8220;timestamp&#8221;:&#8221;2026-09-01T07:50:00.000Z&#8221;,&#8221;timestampUtcIt&#8221;:&#8221;2026-09-01T09:50:00+0200&#8243;,&#8221;altBackground&#8221;:false,&#8221;title&#8221;:&#8221;Como, si attende anche l&#8217;ufficialit\u00e0 di Kean&#8221;,&#8221;content&#8221;:&#8221;<\/p>\n<p>Moise Kean \u00e8 pronto a diventare un nuovo giocatore del Como. La Fiorentina ha accettato l&#8217;offerta da <strong>35 milioni di euro pi\u00f9 5 di bonus<\/strong> e, dopo aver definito l&#8217;arrivo di Beto dall&#8217;Everton, ha dato il via libera alla partenza dell&#8217;attaccante. Kean, che ha spinto per il trasferimento, ha svolto le visite mediche nella giornata di ieri\u00a0<\/p>\n<p>&#8220;,&#8221;postId&#8221;:&#8221;c8183a8e-e506-4310-9ef7-eea03ff96e57&#8243;,&#8221;postLink&#8221;:{&#8220;title&#8221;:&#8221;&#8221;,&#8221;url&#8221;:&#8221;&#8221;,&#8221;imageSrc&#8221;:&#8221;&#8221;}},{&#8220;timestamp&#8221;:&#8221;2026-09-01T07:45:54.307Z&#8221;,&#8221;timestampUtcIt&#8221;:&#8221;2026-09-01T09:45:54+0200&#8243;,&#8221;altBackground&#8221;:false,&#8221;title&#8221;:&#8221;Atalanta, iniziate le visite mediche di Rowe &#8220;,&#8221;content&#8221;:&#8221;<\/p>\n<p>Iniziate le visite mediche di Jonathan <strong>Rowe <\/strong>con <strong>l&#8217;Atalanta<\/strong>. L&#8217;esterno offensivo arriva dal Bologna in prestito oneroso a 5 milioni con obbligo di riscatto a 30 e aggiuntivi 5 milioni di euro di bonus. Operazione da 40 milioni complessivi.\u00a0<\/p>\n<p>&#8220;,&#8221;postId&#8221;:&#8221;6983703d-3fed-4659-9122-4a8d2c54d8fe&#8221;,&#8221;postLink&#8221;:{&#8220;title&#8221;:&#8221;&#8221;,&#8221;url&#8221;:&#8221;&#8221;,&#8221;imageSrc&#8221;:&#8221;&#8221;}},{&#8220;timestamp&#8221;:&#8221;2026-09-01T07:40:00.000Z&#8221;,&#8221;timestampUtcIt&#8221;:&#8221;2026-09-01T09:40:00+0200&#8243;,&#8221;altBackground&#8221;:false,&#8221;title&#8221;:&#8221;Como, vicino Robert Sanchez dal Chelsea&#8221;,&#8221;content&#8221;:&#8221;<\/p>\n<p><strong>Il Como \u00e8 vicino a chiudere per Robert Sanchez.<\/strong> Dopo la cessione di Noel Tornqvist al Monza, il club lariano sta definendo l&#8217;arrivo in prestito del portiere spagnolo dal Chelsea. Classe 1997, Sanchez era partito titolare nella prima giornata di Premier League contro il Fulham, prima di perdere il posto dopo l&#8217;arrivo di Emiliano Martinez<\/p>\n<p>&#8220;,&#8221;postId&#8221;:&#8221;a885570d-5d2f-4024-b6e0-05c9cf880c93&#8243;,&#8221;postLink&#8221;:{&#8220;title&#8221;:&#8221;&#8221;,&#8221;url&#8221;:&#8221;&#8221;,&#8221;imageSrc&#8221;:&#8221;&#8221;}},{&#8220;timestamp&#8221;:&#8221;2026-09-01T07:30:00.000Z&#8221;,&#8221;timestampUtcIt&#8221;:&#8221;2026-09-01T09:30:00+0200&#8243;,&#8221;altBackground&#8221;:false,&#8221;title&#8221;:&#8221;Bologna, Mbangula arriva oggi in citt\u00e0: le cifre&#8221;,&#8221;content&#8221;:&#8221;<\/p>\n<p>Dopo la cessione di Rowe all&#8217;Atalanta, il Bologna ha chiuso per Mbangula come sostituto. L&#8217;attaccante arriva dal Werder Brema in <strong>prestito oneroso da 2 milioni di euro<\/strong>, con <strong>diritto di riscatto fissato a 12,5 milioni<\/strong>. Il giocatore \u00e8 atteso <strong>oggi, marted\u00ec 1\u00b0 settembre<\/strong>, a Bologna per sostenere le visite mediche e firmare il contratto con il nuovo club.<\/p>\n<p>&#8220;,&#8221;postId&#8221;:&#8221;c4cbded0-e53d-432c-bef0-ac6021081a60&#8243;,&#8221;postLink&#8221;:{&#8220;title&#8221;:&#8221;&#8221;,&#8221;url&#8221;:&#8221;&#8221;,&#8221;imageSrc&#8221;:&#8221;&#8221;}},{&#8220;timestamp&#8221;:&#8221;2026-09-01T07:20:00.000Z&#8221;,&#8221;timestampUtcIt&#8221;:&#8221;2026-09-01T09:20:00+0200&#8243;,&#8221;altBackground&#8221;:false,&#8221;title&#8221;:&#8221;Rowe all&#8217;Atalanta: affare da 40 milioni&#8221;,&#8221;content&#8221;:&#8221;<\/p>\n<p>Atalanta e Bologna hanno raggiunto l&#8217;intesa per Jonathan Rowe. L&#8217;operazione \u00e8 impostata su un <strong>prestito oneroso da 5 milioni di euro con obbligo di riscatto fissato a 30 milioni<\/strong>, pi\u00f9 <strong>5 milioni di bonus<\/strong>, per un totale potenziale di 40 milioni. Nell&#8217;affare rientra anche <strong>Federico Cassa<\/strong>, classe 2006 dell&#8217;Atalanta U23, che si trasferir\u00e0 al Bologna<\/p>\n<p>&#8220;,&#8221;postId&#8221;:&#8221;279eaf92-ada1-40b5-b968-6885c14b5972&#8243;,&#8221;postLink&#8221;:{&#8220;title&#8221;:&#8221;&#8221;,&#8221;url&#8221;:&#8221;&#8221;,&#8221;imageSrc&#8221;:&#8221;&#8221;}},{&#8220;timestamp&#8221;:&#8221;2026-09-01T07:10:00.000Z&#8221;,&#8221;timestampUtcIt&#8221;:&#8221;2026-09-01T09:10:00+0200&#8243;,&#8221;altBackground&#8221;:false,&#8221;title&#8221;:&#8221;Milan, si lavora ancora all&#8217;uscita di Fofana&#8221;,&#8221;content&#8221;:&#8221;<\/p>\n<p>In entrata \u00e8 stato ufficializzato <strong>Omari Hutchinson<\/strong>, arrivato dal Nottingham Forest in <strong>prestito fino al 30 giugno 2027 con diritto di riscatto<\/strong>: l&#8217;esterno inglese indosser\u00e0 la maglia numero 20.In uscita, invece, \u00e8 ufficiale il trasferimento di <strong>Santiago Gimenez al Porto<\/strong> in prestito con diritto di riscatto, che pu\u00f2 diventare obbligo al verificarsi di determinate condizioni. La trattativa tra <strong>Fofane e Lione<\/strong>, invece, non \u00e8 ancora chiusa<\/p>\n<p>&#8220;,&#8221;postId&#8221;:&#8221;ffff6f30-8712-4963-9bd8-5f1d251547d2&#8243;,&#8221;postLink&#8221;:{&#8220;title&#8221;:&#8221;&#8221;,&#8221;url&#8221;:&#8221;&#8221;,&#8221;imageSrc&#8221;:&#8221;&#8221;}},{&#8220;timestamp&#8221;:&#8221;2026-09-01T07:00:00.000Z&#8221;,&#8221;timestampUtcIt&#8221;:&#8221;2026-09-01T09:00:00+0200&#8243;,&#8221;altBackground&#8221;:false,&#8221;title&#8221;:&#8221;Roma,alla ricerca dell&#8217;esterno: il punto sui giallorossi&#8221;,&#8221;content&#8221;:&#8221;<\/p>\n<p>Ultime ore molto intense anche per la Roma. In entrata <strong>si complica la pista Jamie Leweling<\/strong>: nonostante la nuova offerta allo Stoccarda da <strong>35 milioni di euro pi\u00f9 bonus<\/strong>, il giocatore non ha aperto al trasferimento e l&#8217;operazione \u00e8 destinata a tramontare.<strong> La Roma valuta un nuovo tentativo per Jamie Gittens:<\/strong> il Chelsea potrebbe aprire a un prestito oneroso da 5 milioni di euro con diritto di riscatto intorno ai 55 milioni<\/p>\n<p>&#8220;,&#8221;postId&#8221;:&#8221;b538e84b-2777-40ab-82f0-c429245b0af1&#8243;,&#8221;postLink&#8221;:{&#8220;title&#8221;:&#8221;&#8221;,&#8221;url&#8221;:&#8221;&#8221;,&#8221;imageSrc&#8221;:&#8221;&#8221;}},{&#8220;timestamp&#8221;:&#8221;2026-09-01T06:50:00.000Z&#8221;,&#8221;timestampUtcIt&#8221;:&#8221;2026-09-01T08:50:00+0200&#8243;,&#8221;altBackground&#8221;:false,&#8221;title&#8221;:&#8221;Juventus, da Woltemade a Sarr passando per l&#8217;uscita di David&#8221;,&#8221;content&#8221;:&#8221;<\/p>\n<p>Ultime ore molto intense per la Juventus. In entrata \u00e8 fatta per <strong>Nick Woltemade<\/strong>, che arriver\u00e0 dal Newcastle in prestito secco oneroso da 5 milioni di euro ed \u00e8 atteso domani per visite e firma. A Torino \u00e8 gi\u00e0 arrivato anche <strong>Pape Sarr<\/strong>, preso dal Tottenham in prestito con obbligo condizionato. In uscita, invece, \u00e8 in definizione il passaggio di <strong>Jonathan David all&#8217;Atletico Madrid<\/strong> in prestito con diritto di riscatto fissato a 25 milioni. Resta infine da seguire la situazione <strong>Cabal<\/strong>: l&#8217;Atalanta insiste e, in caso di cessione, i bianconeri potrebbero chiudere per <strong>Tagliafico<\/strong>.<\/p>\n<p>&#8220;,&#8221;postId&#8221;:&#8221;f4a96c86-41e2-4bee-8704-ce0665ebc89a&#8221;,&#8221;postLink&#8221;:{&#8220;title&#8221;:&#8221;&#8221;,&#8221;url&#8221;:&#8221;&#8221;,&#8221;imageSrc&#8221;:&#8221;&#8221;}},{&#8220;timestamp&#8221;:&#8221;2026-09-01T06:40:00.000Z&#8221;,&#8221;timestampUtcIt&#8221;:&#8221;2026-09-01T08:40:00+0200&#8243;,&#8221;altBackground&#8221;:false,&#8221;title&#8221;:&#8221;I calciatori svincolati: occasioni last-minute?&#8221;,&#8221;content&#8221;:&#8221;<\/p>\n<p><strong>Karim Benzema \u00e8 l&#8217;ultimo nome ad aggiungersi alla lista degli svincolati dopo la risoluzione consensuale con l&#8217;Al-Hilal.<\/strong> Tra i giocatori ancora senza squadra non mancano per\u00f2 altri profili di primo piano, da Sancho a Icardi fino a Brozovic. Qui sotto trovi tutti i principali svincolati ancora disponibili sul mercato<\/p>\n<p>&#8220;,&#8221;postId&#8221;:&#8221;3e971ee2-f769-4e7b-a752-965619a8a9d0&#8243;,&#8221;postLink&#8221;:{&#8220;title&#8221;:&#8221;Calciomercato, Benzema lascia l&#8217;Al-Hilal: \u00e8 ufficiale&#8221;,&#8221;url&#8221;:&#8221;https:\/\/sport.sky.it\/calciomercato\/giocatori-svincolati-calciomercato&#8221;,&#8221;imageSrc&#8221;:&#8221;https:\/\/sport.sky.it\/assets\/images\/feb711563b1a0deb93e108ee331d49012ec3e4dc\/skysport\/it\/calcio\/calciomercato\/giocatori-svincolati-calciomercato\/benzema.jpg?im=Resize,width=1218&#8243;}},{&#8220;timestamp&#8221;:&#8221;2026-09-01T06:30:00.000Z&#8221;,&#8221;timestampUtcIt&#8221;:&#8221;2026-09-01T08:30:00+0200&#8243;,&#8221;altBackground&#8221;:false,&#8221;title&#8221;:&#8221;Calciomercato estero, gli acquisti ufficiali&#8221;,&#8221;content&#8221;:&#8221;<\/p>\n<p>Non solo acquisti, ma anche tante cessioni dalla Serie A in questa sessione estiva di calciomercato. <strong>L&#8217;ultima \u00e8 quella di Santiago Gimenez, passato dal Milan al Porto. <\/strong>Qui sotto trovi tutti gli acquisti nel mercato, con formule e dettagli delle operazioni<\/p>\n<p>&#8220;,&#8221;postId&#8221;:&#8221;af72b79f-8de4-49f0-b35a-12be9a9d792e&#8221;,&#8221;postLink&#8221;:{&#8220;title&#8221;:&#8221;Il Milan saluta Gimenez: il messicano va al Porto in prestito&#8221;,&#8221;url&#8221;:&#8221;https:\/\/sport.sky.it\/calciomercato\/calciomercato-2026-acquisti-ufficiali-estero-estate&#8221;,&#8221;imageSrc&#8221;:&#8221;https:\/\/sport.sky.it\/assets\/images\/ccd4f1f15ca1aa1345c15a8419a578f037561576\/skysport\/it\/calcio\/calciomercato\/calciomercato-2026-acquisti-ufficiali-estero-estate\/x_porto_gimenez_og.jpg?im=Resize,width=1218&#8243;}},{&#8220;timestamp&#8221;:&#8221;2026-09-01T06:20:00.000Z&#8221;,&#8221;timestampUtcIt&#8221;:&#8221;2026-09-01T08:20:00+0200&#8243;,&#8221;altBackground&#8221;:false,&#8221;title&#8221;:&#8221;Tutte le ufficialit\u00e0 in Serie A&#8221;,&#8221;content&#8221;:&#8221;<\/p>\n<p>Siamo arrivati all&#8217;ultimo giorno di calciomercato: ma ti ricordi tutti gli acquisti di questa sessione estiva? Qui sotto puoi trovare <strong>tutti i nuovi arrivi in Serie A<\/strong>, a partire dagli ultimi colpi ufficiali: <strong>Juan Jesus al Venezia e Omari Hutchinson al Milan<\/strong><\/p>\n<p>&#8220;,&#8221;postId&#8221;:&#8221;ac8ee528-d123-4f6b-8a73-2a26ba23f098&#8243;,&#8221;postLink&#8221;:{&#8220;title&#8221;:&#8221;Ufficiale Juan Jesus al Venezia: tutti i colpi in Serie A&#8221;,&#8221;url&#8221;:&#8221;https:\/\/sport.sky.it\/calciomercato\/calciomercato-serie-a-estate-2026-acquisti-ufficiali&#8221;,&#8221;imageSrc&#8221;:&#8221;https:\/\/sport.sky.it\/assets\/images\/79623a83f0694d48340500c7c8ebedad945d2e23\/skysport\/it\/calcio\/calciomercato\/calciomercato-serie-a-estate-2026-acquisti-ufficiali\/venezia_juan_jesus_1.jpg?im=Resize,width=1218&#8243;}},{&#8220;timestamp&#8221;:&#8221;2026-09-01T06:05:00.000Z&#8221;,&#8221;timestampUtcIt&#8221;:&#8221;2026-09-01T08:05:00+0200&#8243;,&#8221;altBackground&#8221;:false,&#8221;title&#8221;:&#8221;Come seguire l&#8217;ultimo giorno di mercato su Sky&#8221;,&#8221;content&#8221;:&#8221;<\/p>\n<p>La squadra mercato di Sky Sport seguir\u00e0 tutta la giornata con aggiornamenti continui<strong>. Si parte dalle 10.30 su Sky Sport 24 con collegamenti live dallo Sheraton Milano San Siro<\/strong>, sede del mercato. Dalle 19 alle 20.30 spazio a <strong>Calciomercato-L&#8217;Originale, che accompagner\u00e0 in diretta fino alla chiusura delle 20 con Gianluca Di Marzio e Luca Marchetti<\/strong><\/p>\n<p>&#8220;,&#8221;postId&#8221;:&#8221;10edeea1-859d-47f3-990c-ab5c3f514a02&#8243;,&#8221;postLink&#8221;:{&#8220;title&#8221;:&#8221;&#8221;,&#8221;url&#8221;:&#8221;&#8221;,&#8221;imageSrc&#8221;:&#8221;&#8221;}},{&#8220;timestamp&#8221;:&#8221;2026-09-01T06:00:00.000Z&#8221;,&#8221;timestampUtcIt&#8221;:&#8221;2026-09-01T08:00:00+0200&#8243;,&#8221;altBackground&#8221;:false,&#8221;title&#8221;:&#8221;Segui LIVE l&#8217;ultimo giorno di calciomercato&#8221;,&#8221;content&#8221;:&#8221;<\/p>\n<p>Ultime ore per il calciomercato estivo: <strong>marted\u00ec 1\u00b0 settembre \u00e8 il giorno del gong, fissato alle 20 per i club di Serie A. <\/strong>Una giornata decisiva per chiudere le trattative ancora aperte, definire gli ultimi acquisti e sistemare le cessioni prima della fine della sessione. Qui trovi tutte le notizie aggiornate minuto per minito<\/p>\n<p>&#8220;,&#8221;postId&#8221;:&#8221;c9654d97-0dac-42e7-be90-a56dffa538c5&#8243;,&#8221;postLink&#8221;:{&#8220;title&#8221;:&#8221;&#8221;,&#8221;url&#8221;:&#8221;&#8221;,&#8221;imageSrc&#8221;:&#8221;&#8221;}}]}&#8221; query='{&#8220;configurationName&#8221;:&#8221;LIVEBLOG_CONTAINER_WIDGET&#8221;,&#8221;liveblogId&#8221;:&#8221;7f4b58e8-cbdf-4d55-8c03-5970f660b7d0&#8243;,&#8221;tenant&#8221;:&#8221;sport&#8221;,&#8221;limit&#8221;:800}&#8217; config='{&#8220;live&#8221;:true,&#8221;isWebView&#8221;:false,&#8221;postsPerPageMobile&#8221;:10,&#8221;postsPerPageDesktop&#8221;:10}&#8217;&gt;<br \/>\n          Calciomercato, le news di oggiLeggi di pi\u00f9 <\/p>\n<p>meno di un minuto fa<\/p>\n<p>Roma, per il centrocampo torna il nome di Rios<\/p>\n<p>Per il centrocampo giallorosso torna il nome di <strong>Rios del Benfica<\/strong>. L&#8217;operazione \u00e8 difficile per sul giocatore ci sono tre squadre che hanno presentato offerta ufficiale: <strong>Hull, Be\u015fikta\u015f, Al-Ittihad<\/strong><\/p>\n<p>7 minuti fa<\/p>\n<p>Il Torino ha l&#8217;accordo con la Fiorentina con Mandragora, si cerca quello col giocatore<\/p>\n<p>Prosegue positivamente la trattativa tra <strong>Torino <\/strong>e <strong>Fiorentina <\/strong>per <strong>Rolando Mandragora<\/strong>, con i due club che hanno trovato l&#8217;accordo per il centrocampista. I granata ora cercano quello col calciatore, che \u00e8 ci\u00f2 che manca per chiudere l&#8217;operazione.<\/p>\n<p>8 minuti fa<\/p>\n<p>Roma, per il centrocampo anche Mandela Keita del Parma<\/p>\n<p>Un altro nome per il centrocampo giallorosso \u00e8 quello di <strong>Mandela Keita <\/strong>del <strong>Parma<\/strong>. Sul classe 2002 c&#8217;\u00e8 anche <strong>l&#8217;Everton<\/strong>.<\/p>\n<p>13 minuti fa<\/p>\n<p>La Lazio rifiuta le proposte di Parma e Fiorentina per Cancellieri: la situazione<\/p>\n<p>La Lazio, nella mattinata di oggi, ha comunicato a Parma e Fiorentina che non accetter\u00e0 le proposte arrivate per Matteo Cancellieri. Una decisione che arriva dopo una notte di riflessioni ed \u00e8 determinata da due principali fattori.<\/p>\n<p>14 minuti fa<\/p>\n<p>Roma, per il dopo Kone sondaggi per Hojbjerg e Fofana<\/p>\n<p>Per il dopo <strong>Kon\u00e8 <\/strong>(trattativa con il <strong>Chelsea<\/strong>), la <strong>Roma <\/strong>ha sondato due giocatori: <strong>Fofana <\/strong>del <strong>Milan <\/strong>e <strong>Hojbjerg <\/strong>del <strong>Marsiglia<\/strong>.\u00a0<\/p>\n<p>17 minuti fa<\/p>\n<p>Lazio, contatti per Otele del Basilea e Begraoui dell&#8217;Estoril<\/p>\n<p>La <strong>Lazio <\/strong>continua a cercare un attaccante e ha avviato i contatti per <strong>Philip Otele<\/strong> del <strong>Basilea<\/strong>. Nigeriano classe &#8217;99, \u00e8 in grado di ricoprire tutte le posizioni del fronte offensivo, anche se il suo ruolo naturale \u00e8 quello di esterno d&#8217;attacco. Ha fatto rientro in Svizzera dopo la seconda parte della scorsa stagione trascorsa in prestito all&#8217;Amburgo. Non solo per\u00f2, perch\u00e9 sono in corso i contatti anche per <strong>Yanis Begraoui<\/strong>, punta marocchina classe 2001 dell&#8217;<strong>Estoril<\/strong>. Quest&#8217;ultimo ha gi\u00e0 trovato i primi due gol stagionali nelle prime quattro partite del campionato portoghese.<\/p>\n<p>Leggi di pi\u00f9 <\/p>\n<p>25 minuti fa<\/p>\n<p>Roma, trattativa avanzata con il Chelsea per Kone<\/p>\n<p>\u00c8 avanzata l&#8217;operazione per il trasferimento di<strong> Manu Kone<\/strong> al <strong>Chelsea<\/strong>. Operazione da 52 milioni di sterline con l&#8217;inserimento nella trattativa di <strong>Gittens <\/strong>in prestito.<\/p>\n<p>32 minuti fa<\/p>\n<p>Sassuolo, accordo con l&#8217;Atalanta per Sulemana<\/p>\n<p><strong>Il Sassuolo ha raggiunto un accordo con l&#8217;Atalanta per Ibrahim Sulemana.<\/strong> Il centrocampista ghanese classe 2003 \u00e8 pronto a trasferirsi in neroverde dopo aver giocato gli ultimi sei mesi della scorsa stagione in prestito al Cagliari<\/p>\n<p>42 minuti fa<\/p>\n<p>Parma, si spinge per Cancellieri<\/p>\n<p><strong>Il Parma lavora per Matteo Cancellier<\/strong>i. Il club giallobl\u00f9 sta cercando l&#8217;intesa con la Lazio per portare in Emilia l&#8217;attaccante classe 2002 e rinforzare il reparto offensivo di Carlos Cuesta. Cancellieri \u00e8 partito titolare in entrambe le prime due giornate di Serie A contro Bologna e Genoa<\/p>\n<p>52 minuti fa<\/p>\n<p>Monza, visite in Argentina per Zeballos<\/p>\n<p>Il Monza ha chiuso per Exequiel Zeballos, esterno offensivo del Boca Juniors. Il giocatore sosterr\u00e0 le visite mediche direttamente in Argentina e raggiunger\u00e0 l&#8217;Italia nei prossimi giorni. L&#8217;operazione \u00e8 da <strong>4,5 milioni di euro<\/strong>, con il <strong>40% sulla futura rivendita<\/strong> in favore del Boca.<\/p>\n<p>52 minuti fa<\/p>\n<p>Roma, contatti con il Chelsea per Kon\u00e8<\/p>\n<p>In queste ore contatti in corso tra <strong>Chelsea <\/strong>e <strong>Roma <\/strong>per <strong>Manu Kon\u00e8 <\/strong>con il blues che in queste momento sarebbero forti sul centrocampista giallorosso.\u00a0<\/p>\n<p>10:00<\/p>\n<p>Mentre la Fiorentina accoglie Beto e Gnonto<\/p>\n<p>Ultime ore molto movimentate per la Fiorentina. I viola hanno trovato l&#8217;accordo con l&#8217;Everton per <strong>Beto a titolo definitivo per 18 milioni di euro. <\/strong>In entrata \u00e8 stato chiuso anche <strong>Wilfried Gnonto dal Leeds<\/strong>, in <strong>prestito con diritto di riscatto<\/strong>. Il suo arrivo potrebbe aprire alla cessione di Gudmundsson, seguito da diversi club<\/p>\n<p>09:50<\/p>\n<p>Como, si attende anche l&#8217;ufficialit\u00e0 di Kean<\/p>\n<p>Moise Kean \u00e8 pronto a diventare un nuovo giocatore del Como. La Fiorentina ha accettato l&#8217;offerta da <strong>35 milioni di euro pi\u00f9 5 di bonus<\/strong> e, dopo aver definito l&#8217;arrivo di Beto dall&#8217;Everton, ha dato il via libera alla partenza dell&#8217;attaccante. Kean, che ha spinto per il trasferimento, ha svolto le visite mediche nella giornata di ieri\u00a0<\/p>\n<p>09:45<\/p>\n<p>Atalanta, iniziate le visite mediche di Rowe <\/p>\n<p>Iniziate le visite mediche di Jonathan <strong>Rowe <\/strong>con <strong>l&#8217;Atalanta<\/strong>. L&#8217;esterno offensivo arriva dal Bologna in prestito oneroso a 5 milioni con obbligo di riscatto a 30 e aggiuntivi 5 milioni di euro di bonus. Operazione da 40 milioni complessivi.\u00a0<\/p>\n<p>09:40<\/p>\n<p>Como, vicino Robert Sanchez dal Chelsea<\/p>\n<p><strong>Il Como \u00e8 vicino a chiudere per Robert Sanchez.<\/strong> Dopo la cessione di Noel Tornqvist al Monza, il club lariano sta definendo l&#8217;arrivo in prestito del portiere spagnolo dal Chelsea. Classe 1997, Sanchez era partito titolare nella prima giornata di Premier League contro il Fulham, prima di perdere il posto dopo l&#8217;arrivo di Emiliano Martinez<\/p>\n<p>09:30<\/p>\n<p>Bologna, Mbangula arriva oggi in citt\u00e0: le cifre<\/p>\n<p>Dopo la cessione di Rowe all&#8217;Atalanta, il Bologna ha chiuso per Mbangula come sostituto. L&#8217;attaccante arriva dal Werder Brema in <strong>prestito oneroso da 2 milioni di euro<\/strong>, con <strong>diritto di riscatto fissato a 12,5 milioni<\/strong>. Il giocatore \u00e8 atteso <strong>oggi, marted\u00ec 1\u00b0 settembre<\/strong>, a Bologna per sostenere le visite mediche e firmare il contratto con il nuovo club.<\/p>\n<p>09:20<\/p>\n<p>Rowe all&#8217;Atalanta: affare da 40 milioni<\/p>\n<p>Atalanta e Bologna hanno raggiunto l&#8217;intesa per Jonathan Rowe. L&#8217;operazione \u00e8 impostata su un <strong>prestito oneroso da 5 milioni di euro con obbligo di riscatto fissato a 30 milioni<\/strong>, pi\u00f9 <strong>5 milioni di bonus<\/strong>, per un totale potenziale di 40 milioni. Nell&#8217;affare rientra anche <strong>Federico Cassa<\/strong>, classe 2006 dell&#8217;Atalanta U23, che si trasferir\u00e0 al Bologna<\/p>\n<p>09:10<\/p>\n<p>Milan, si lavora ancora all&#8217;uscita di Fofana<\/p>\n<p>In entrata \u00e8 stato ufficializzato <strong>Omari Hutchinson<\/strong>, arrivato dal Nottingham Forest in <strong>prestito fino al 30 giugno 2027 con diritto di riscatto<\/strong>: l&#8217;esterno inglese indosser\u00e0 la maglia numero 20.In uscita, invece, \u00e8 ufficiale il trasferimento di <strong>Santiago Gimenez al Porto<\/strong> in prestito con diritto di riscatto, che pu\u00f2 diventare obbligo al verificarsi di determinate condizioni. La trattativa tra <strong>Fofane e Lione<\/strong>, invece, non \u00e8 ancora chiusa<\/p>\n<p>09:00<\/p>\n<p>Roma,alla ricerca dell&#8217;esterno: il punto sui giallorossi<\/p>\n<p>Ultime ore molto intense anche per la Roma. In entrata <strong>si complica la pista Jamie Leweling<\/strong>: nonostante la nuova offerta allo Stoccarda da <strong>35 milioni di euro pi\u00f9 bonus<\/strong>, il giocatore non ha aperto al trasferimento e l&#8217;operazione \u00e8 destinata a tramontare.<strong> La Roma valuta un nuovo tentativo per Jamie Gittens:<\/strong> il Chelsea potrebbe aprire a un prestito oneroso da 5 milioni di euro con diritto di riscatto intorno ai 55 milioni<\/p>\n<p>08:50<\/p>\n<p>Juventus, da Woltemade a Sarr passando per l&#8217;uscita di David<\/p>\n<p>Ultime ore molto intense per la Juventus. In entrata \u00e8 fatta per <strong>Nick Woltemade<\/strong>, che arriver\u00e0 dal Newcastle in prestito secco oneroso da 5 milioni di euro ed \u00e8 atteso domani per visite e firma. A Torino \u00e8 gi\u00e0 arrivato anche <strong>Pape Sarr<\/strong>, preso dal Tottenham in prestito con obbligo condizionato. In uscita, invece, \u00e8 in definizione il passaggio di <strong>Jonathan David all&#8217;Atletico Madrid<\/strong> in prestito con diritto di riscatto fissato a 25 milioni. Resta infine da seguire la situazione <strong>Cabal<\/strong>: l&#8217;Atalanta insiste e, in caso di cessione, i bianconeri potrebbero chiudere per <strong>Tagliafico<\/strong>.<\/p>\n<p>Leggi di pi\u00f9 <\/p>\n<p>08:40<\/p>\n<p>I calciatori svincolati: occasioni last-minute?<\/p>\n<p><strong>Karim Benzema \u00e8 l&#8217;ultimo nome ad aggiungersi alla lista degli svincolati dopo la risoluzione consensuale con l&#8217;Al-Hilal.<\/strong> Tra i giocatori ancora senza squadra non mancano per\u00f2 altri profili di primo piano, da Sancho a Icardi fino a Brozovic. Qui sotto trovi tutti i principali svincolati ancora disponibili sul mercato<\/p>\n<p><a href=\"https:\/\/sport.sky.it\/calciomercato\/giocatori-svincolati-calciomercato\" title=\"Calciomercato, Benzema lascia l&#039;Al-Hilal: \u00e8 ufficiale\" class=\"lvbg-post-link\" data-intcmp=\"skysport_liveblog_liveblog-preview_null\" data-analytics-element=\"liveblog-preview\" rel=\"nofollow noopener\" target=\"_blank\"><img alt=\"Calciomercato, Benzema lascia l'Al-Hilal: \u00e8 ufficiale\" style=\"opacity:0;transition:opacity 0.3s\" class=\"lvbg-post-link__image\"\/>Calciomercato, Benzema lascia l&#8217;Al-Hilal: \u00e8 ufficialeVai al contenuto <\/a><\/p>\n<p>08:30<\/p>\n<p>Calciomercato estero, gli acquisti ufficiali<\/p>\n<p>Non solo acquisti, ma anche tante cessioni dalla Serie A in questa sessione estiva di calciomercato. <strong>L&#8217;ultima \u00e8 quella di Santiago Gimenez, passato dal Milan al Porto. <\/strong>Qui sotto trovi tutti gli acquisti nel mercato, con formule e dettagli delle operazioni<\/p>\n<p><a href=\"https:\/\/sport.sky.it\/calciomercato\/calciomercato-2026-acquisti-ufficiali-estero-estate\" title=\"Il Milan saluta Gimenez: il messicano va al Porto in prestito\" class=\"lvbg-post-link\" data-intcmp=\"skysport_liveblog_liveblog-preview_null\" data-analytics-element=\"liveblog-preview\" rel=\"nofollow noopener\" target=\"_blank\"><img alt=\"Il Milan saluta Gimenez: il messicano va al Porto in prestito\" style=\"opacity:0;transition:opacity 0.3s\" class=\"lvbg-post-link__image\"\/>Il Milan saluta Gimenez: il messicano va al Porto in prestitoVai al contenuto <\/a><\/p>\n<p>08:20<\/p>\n<p>Tutte le ufficialit\u00e0 in Serie A<\/p>\n<p>Siamo arrivati all&#8217;ultimo giorno di calciomercato: ma ti ricordi tutti gli acquisti di questa sessione estiva? Qui sotto puoi trovare <strong>tutti i nuovi arrivi in Serie A<\/strong>, a partire dagli ultimi colpi ufficiali: <strong>Juan Jesus al Venezia e Omari Hutchinson al Milan<\/strong><\/p>\n<p><a href=\"https:\/\/sport.sky.it\/calciomercato\/calciomercato-serie-a-estate-2026-acquisti-ufficiali\" title=\"Ufficiale Juan Jesus al Venezia: tutti i colpi in Serie A\" class=\"lvbg-post-link\" data-intcmp=\"skysport_liveblog_liveblog-preview_null\" data-analytics-element=\"liveblog-preview\" rel=\"nofollow noopener\" target=\"_blank\"><img alt=\"Ufficiale Juan Jesus al Venezia: tutti i colpi in Serie A\" style=\"opacity:0;transition:opacity 0.3s\" class=\"lvbg-post-link__image\"\/>Ufficiale Juan Jesus al Venezia: tutti i colpi in Serie AVai al contenuto <\/a><\/p>\n<p>08:05<\/p>\n<p>Come seguire l&#8217;ultimo giorno di mercato su Sky<\/p>\n<p>La squadra mercato di Sky Sport seguir\u00e0 tutta la giornata con aggiornamenti continui<strong>. Si parte dalle 10.30 su Sky Sport 24 con collegamenti live dallo Sheraton Milano San Siro<\/strong>, sede del mercato. Dalle 19 alle 20.30 spazio a <strong>Calciomercato-L&#8217;Originale, che accompagner\u00e0 in diretta fino alla chiusura delle 20 con Gianluca Di Marzio e Luca Marchetti<\/strong><\/p>\n<p>08:00<\/p>\n<p>Segui LIVE l&#8217;ultimo giorno di calciomercato<\/p>\n<p>Ultime ore per il calciomercato estivo: <strong>marted\u00ec 1\u00b0 settembre \u00e8 il giorno del gong, fissato alle 20 per i club di Serie A. <\/strong>Una giornata decisiva per chiudere le trattative ancora aperte, definire gli ultimi acquisti e sistemare le cessioni prima della fine della sessione. Qui trovi tutte le notizie aggiornate minuto per minito<\/p>\n","protected":false},"excerpt":{"rendered":"\\n Roma, trattativa avanzata per Kone con il Chelsea \\n E intanto sondaggi per Hojbjerg, Fofanan e Keita&hellip;\n","protected":false},"author":3,"featured_media":612905,"comment_status":"","ping_status":"","sticky":false,"template":"","format":"standard","meta":{"footnotes":"","_share_on_mastodon":"0"},"categories":[176],"tags":[7724,569,586,6300,353,6295,6293,6294,3705,2263,5281,6298,350,1537,90,89,558,5188,6296,553,11121,248,6301,6299,245,244,1641,2817,222],"class_list":["post-659413","post","type-post","status-publish","format-standard","has-post-thumbnail","category-sport","tag-as-roma","tag-atalanta","tag-bologna","tag-cagliari","tag-calciomercato","tag-calciomercato-estero","tag-calciomercato-serie-a","tag-calciomercato-serie-b","tag-como","tag-fiorentina","tag-frosinone","tag-genoa","tag-inter","tag-it","tag-italia","tag-italy","tag-juventus","tag-lazio","tag-lecce","tag-milan","tag-monza","tag-napoli","tag-parma","tag-sassuolo","tag-sport","tag-sports","tag-torino","tag-udinese","tag-venezia"],"share_on_mastodon":{"url":"https:\/\/pubeurope.com\/@it\/117195009304091497","error":""},"_links":{"self":[{"href":"https:\/\/www.europesays.com\/it\/wp-json\/wp\/v2\/posts\/659413","targetHints":{"allow":["GET"]}}],"collection":[{"href":"https:\/\/www.europesays.com\/it\/wp-json\/wp\/v2\/posts"}],"about":[{"href":"https:\/\/www.europesays.com\/it\/wp-json\/wp\/v2\/types\/post"}],"author":[{"embeddable":true,"href":"https:\/\/www.europesays.com\/it\/wp-json\/wp\/v2\/users\/3"}],"replies":[{"embeddable":true,"href":"https:\/\/www.europesays.com\/it\/wp-json\/wp\/v2\/comments?post=659413"}],"version-history":[{"count":0,"href":"https:\/\/www.europesays.com\/it\/wp-json\/wp\/v2\/posts\/659413\/revisions"}],"wp:featuredmedia":[{"embeddable":true,"href":"https:\/\/www.europesays.com\/it\/wp-json\/wp\/v2\/media\/612905"}],"wp:attachment":[{"href":"https:\/\/www.europesays.com\/it\/wp-json\/wp\/v2\/media?parent=659413"}],"wp:term":[{"taxonomy":"category","embeddable":true,"href":"https:\/\/www.europesays.com\/it\/wp-json\/wp\/v2\/categories?post=659413"},{"taxonomy":"post_tag","embeddable":true,"href":"https:\/\/www.europesays.com\/it\/wp-json\/wp\/v2\/tags?post=659413"}],"curies":[{"name":"wp","href":"https:\/\/api.w.org\/{rel}","templated":true}]}}