{"id":659430,"date":"2026-09-01T09:24:17","date_gmt":"2026-09-01T09:24:17","guid":{"rendered":"https:\/\/www.europesays.com\/it\/659430\/"},"modified":"2026-09-01T09:24:17","modified_gmt":"2026-09-01T09:24:17","slug":"hutchinson-e-monteiro-ecco-ruolo-e-gestione-cosa-fare-con-tornqvist-jesus-massolin-e-non-solo","status":"publish","type":"post","link":"https:\/\/www.europesays.com\/it\/659430\/","title":{"rendered":"Hutchinson e Monteiro, ecco ruolo e gestione! Cosa fare con Tornqvist, Jesus, Massolin e non solo"},"content":{"rendered":"<p class=\"font-bold md:hidden text-ink leading-[22px]\">\n            1 di 10\n        <\/p>\n<p>                    <a href=\"https:\/\/www.sosfanta.com\/news\/hutchinson-e-monteiro-ecco-ruolo-e-gestione-cosa-fare-con-tornqvist-massolin-mazzocchi-van-der-brempt\/2\/\" class=\"flex justify-center items-center w-12 h-12 rounded-full cursor-pointer md:px-4 md:w-auto md:h-12 bg-primary-light md:gap-[11px] hover:bg-primary\" aria-label=\"Scheda successiva\" rel=\"nofollow noopener\" target=\"_blank\"><\/p>\n<p>                   Prossima scheda 1 di 10<\/p>\n<p>            <\/a><\/p>\n<p>        HUTCHINSON<\/p>\n<p>\n<b>Omari Hutchinson &#8211; Centrocampista, Jolly seconda fascia<\/b>\n<\/p>\n<p>\nOmari Hutchinson \u00e8 un nuovo giocatore del Milan. Si tratta di un fantasista classe 2003, \u00e8 alto 174 cm ed \u00e8 inglese di nazionalit\u00e0. Di ruolo naturale \u00e8 un\u2019ala destra, nel 3-4-2-1 di Amorim giocher\u00e0 nei due dietro alla punta. C\u2019\u00e8 concorrenza nel ruolo, non sar\u00e0 titolare fisso ma un jolly. E cos\u00ec anche al fantacalcio, dove diventa un po\u2019 pi\u00f9 interessante per il ruolo di centrocampista nel listone. Nell\u2019ultima stagione non era titolare al Nottingham Forest, ne ha giocate dall\u2019inizio 17 su 38. Il bottino \u00e8 stato di un gol e 7 assist.\n<\/p>\n<p>        <img src=\"https:\/\/www.europesays.com\/it\/wp-content\/uploads\/2026\/09\/Hutchinson-83d3d3102f4b-e1788218049897-480x269.jpeg\"   width=\"715\" height=\"400\" alt=\"AC Milan Unveil New Signing Omari Hutchinson\" title=\"AC Milan Unveil New Signing Omari Hutchinson\" loading=\"eager\" fetchpriority=\"high\" decoding=\"sync\" class=\"w-full h-auto aspect-3\/2 object-cover object-top rounded-lg\"\/><\/p>\n<p class=\"font-bold md:hidden text-ink leading-[22px]\">\n            1 di 10\n        <\/p>\n<p>                    <a href=\"https:\/\/www.sosfanta.com\/news\/hutchinson-e-monteiro-ecco-ruolo-e-gestione-cosa-fare-con-tornqvist-massolin-mazzocchi-van-der-brempt\/2\/\" class=\"flex justify-center items-center w-12 h-12 rounded-full cursor-pointer md:px-4 md:w-auto md:h-12 bg-primary-light md:gap-[11px] hover:bg-primary\" aria-label=\"Scheda successiva\" rel=\"nofollow noopener\" target=\"_blank\"><\/p>\n<p>                   Prossima scheda 1 di 10<\/p>\n<p>            <\/a><\/p>\n","protected":false},"excerpt":{"rendered":"1 di 10 Prossima scheda 1 di 10 HUTCHINSON Omari Hutchinson &#8211; Centrocampista, Jolly seconda fascia Omari Hutchinson&hellip;\n","protected":false},"author":3,"featured_media":659431,"comment_status":"","ping_status":"","sticky":false,"template":"","format":"standard","meta":{"footnotes":"","_share_on_mastodon":"0"},"categories":[1458],"tags":[4197,59740,8235,51666,6300,3153,363800,34366,33569,6515,58682,4053,363798,363799,720,3074,46512,1976,27673,299522,142127,34743,1537,90,89,4976,62198,12034,85834,150521,151625,33581,33582,191451,129298,70396,11121,20137,1840,138,15294,2521,8041,245,244,577,26462,363797,1996,8448,58683,28078],"class_list":["post-659430","post","type-post","status-publish","format-standard","has-post-thumbnail","category-rugby","tag-alto","tag-alto-cm","tag-assist","tag-brempt","tag-cagliari","tag-centrocampista","tag-centrocampista-jolly","tag-cm","tag-cost","tag-der","tag-der-brempt","tag-difensore","tag-difensore-low","tag-difensore-low-cost","tag-fantacalcio","tag-fascia","tag-gagliardini","tag-gol","tag-gol-assist","tag-gzn_page_title","tag-hutchinson","tag-interessante","tag-it","tag-italia","tag-italy","tag-jesus","tag-jolly","tag-juan","tag-juan-jesus","tag-leghe","tag-leghe-numerose","tag-low","tag-low-cost","tag-massolin","tag-mazzocchi","tag-monteiro","tag-monza","tag-numerose","tag-rugby","tag-ruolo","tag-scommessa","tag-seconda","tag-spazio","tag-sport","tag-sports","tag-stagione","tag-titolare","tag-tornqvist","tag-van","tag-van-der","tag-van-der-brempt","tag-ziolkowski"],"share_on_mastodon":{"url":"","error":"Validation failed: Text character limit of 500 exceeded"},"_links":{"self":[{"href":"https:\/\/www.europesays.com\/it\/wp-json\/wp\/v2\/posts\/659430","targetHints":{"allow":["GET"]}}],"collection":[{"href":"https:\/\/www.europesays.com\/it\/wp-json\/wp\/v2\/posts"}],"about":[{"href":"https:\/\/www.europesays.com\/it\/wp-json\/wp\/v2\/types\/post"}],"author":[{"embeddable":true,"href":"https:\/\/www.europesays.com\/it\/wp-json\/wp\/v2\/users\/3"}],"replies":[{"embeddable":true,"href":"https:\/\/www.europesays.com\/it\/wp-json\/wp\/v2\/comments?post=659430"}],"version-history":[{"count":0,"href":"https:\/\/www.europesays.com\/it\/wp-json\/wp\/v2\/posts\/659430\/revisions"}],"wp:featuredmedia":[{"embeddable":true,"href":"https:\/\/www.europesays.com\/it\/wp-json\/wp\/v2\/media\/659431"}],"wp:attachment":[{"href":"https:\/\/www.europesays.com\/it\/wp-json\/wp\/v2\/media?parent=659430"}],"wp:term":[{"taxonomy":"category","embeddable":true,"href":"https:\/\/www.europesays.com\/it\/wp-json\/wp\/v2\/categories?post=659430"},{"taxonomy":"post_tag","embeddable":true,"href":"https:\/\/www.europesays.com\/it\/wp-json\/wp\/v2\/tags?post=659430"}],"curies":[{"name":"wp","href":"https:\/\/api.w.org\/{rel}","templated":true}]}}