{"id":659434,"date":"2026-09-01T09:26:18","date_gmt":"2026-09-01T09:26:18","guid":{"rendered":"https:\/\/www.europesays.com\/it\/659434\/"},"modified":"2026-09-01T09:26:18","modified_gmt":"2026-09-01T09:26:18","slug":"bari-domani-ultima-tappa-italiana-della-cop31-bike-ride","status":"publish","type":"post","link":"https:\/\/www.europesays.com\/it\/659434\/","title":{"rendered":"Bari: domani ultima tappa italiana della \u2018Cop31 Bike Ride\u2019"},"content":{"rendered":"<p>Domani, marted\u00ec 1\u00b0 settembre, la manifestazione ciclistica arriver\u00e0 a Bari, ultima tappa italiana di uno dei rami della staffetta prima dell\u2019imbarco verso Durazzo e della prosecuzione verso i Balcani e Antalya. La carovana della Cop31 Bike Ride, la grande staffetta ciclistica a <a href=\"https:\/\/www.baritoday.it\/dossier\/ambiente\/mappa-zone-calore-bari.html\" rel=\"nofollow noopener\" target=\"_blank\">sostegno del clima<\/a> lanciata nel 2024 a Baku, sfider\u00e0 il <a href=\"https:\/\/www.baritoday.it\/cronaca\/ondata-calore-bari-31-agosto-1-2-settembre-2026.html\" rel=\"nofollow noopener\" target=\"_blank\">grande caldo<\/a> che imperversa sul capoluogo pugliese. Sono pi\u00f9 di 200 i ciclisti impegnati lungo un itinerario di 6000 km, che attraversa 11 diverse nazioni.<\/p>\n<p>Parte integrante della manifestazione, partita quest\u2019anno da Bel\u00e8m (Brasile), \u00e8 proprio la partecipazione attiva delle comunit\u00e0 attraversate dalle due ruote: ogni tappa, quindi, diventa occasione per incontrare cittadini, associazioni e istituzioni e portare il messaggio internazionale della Ride alle citt\u00e0. Obiettivo degli organizzatori \u00e8 coinvolgere complessivamente 10mila ciclisti.<\/p>\n<p>L\u2019iniziativa, inoltre, mira a coinvolgere sempre pi\u00f9 le amministrazioni locali tramite la sottoscrizione delle lettere d\u2019impegno su alcuni dei 10 punti che riguardano la promozione della ciclomobilit\u00e0, una maggiore sinergia tra associazioni, cittadini e stakeholder per l\u2019implementazione di pratiche quotidiane di mobilit\u00e0 dolce, sia in ambito urbano sia extraurbano, e l\u2019organizzazione di eventi di sensibilizzazione e promozione del progetto anche rivolti ai pi\u00f9 piccoli.<\/p>\n<p><a href=\"https:\/\/www.baritoday.it\/dossier\/ambiente\/mappa-zone-calore-bari.html\" rel=\"nofollow noopener\" target=\"_blank\">Dove Bari \u2018scotta\u2019 di pi\u00f9: la mappa del calore che stringe la citt\u00e0 in una morsa, zona per zona\u00a0<\/a>Domani staffetta accolta in piazza Garibaldi<\/p>\n<p>Domani, alle 18.30, sar\u00e0 Terreno Cycling Therapy Ets ad accogliere la staffetta in piazza Garibaldi: da qui, chi lo vorr\u00e0 potr\u00e0 accompagnare in bicicletta il gruppo di ciclisti nell\u2019ultimo tratto cittadino fino al giardino Mimmo Bucci dove, a partire dalle 19.30, grazie anche alla collaborazione con il gruppo Fridays for Future Bari, la serata proseguir\u00e0 con un aperitivo di accoglienza e, a seguire, con la proiezione di \u2018Ensemble\u2019, docufilm dedicato all\u2019esperienza della Cop Bike Ride.<\/p>\n<p>Al termine della proiezione si terr\u00e0 un talk con associazioni e stakeholder locali, pensato per mettere in dialogo il messaggio che sta viaggiando verso la Cop31 con la situazione locale, attraverso il racconto di esperienze, progettualit\u00e0, criticit\u00e0 e prospettive legate alla mobilit\u00e0 ciclistica e alla transizione verso citt\u00e0 pi\u00f9 sostenibili e accessibili. Nel corso dell\u2019evento, inoltre, sar\u00e0 previsto uno spazio dedicato ai bambini. L\u2019accompagnamento in bicicletta e le attivit\u00e0 della serata sono gratuiti e aperti a tutti.<\/p>\n<p>\u201cBari ultima tappa prima dell&#8217;imbarco verso Durazzo\u201d<\/p>\n<p>\u201cPer Bari si tratta di un appuntamento particolarmente significativo, perch\u00e9 la nostra citt\u00e0 sar\u00e0 l\u2019ultima tappa italiana del ramo Padova-Bari, prima dell\u2019imbarco verso Durazzo e della prosecuzione del viaggio attraverso i Balcani &#8211; commenta l\u2019assessore alla Mobilit\u00e0 sostenibile Domenico Scaramuzzi, che domani porter\u00e0 i saluti dell\u2019amministrazione comunale nel giardino Mimmo Bucci &#8211; Il messaggio che Cop31 Bike Ride porta con s\u00e9 \u00e8 profondamente coerente con la strada che Bari ha scelto di percorrere in questi ultimi anni. In poco pi\u00f9 di un decennio, infatti, la nostra rete ciclabile \u00e8 passata da 7 a quasi 70 chilometri e puntiamo a raggiungere i 100 entro il 2035. Abbiamo investito oltre un milione di euro in incentivi per l\u2019acquisto di bici e mezzi di micromobilit\u00e0 grazie a tre edizioni di Muvt in bici e costruito un sistema di gamification, con il rimborso chilometrico e l\u2019iniziativa Bike to Art, che ha superato 2 milioni di chilometri percorsi e 337 tonnellate di Co2 risparmiate. A questo si aggiunge il bike sharing elettrico che, nel primo anno di attivit\u00e0, ha registrato oltre 22mila utenti e quasi 150mila noleggi, con un piano di espansione che porter\u00e0 la flotta a 730 biciclette e 120 stazioni entro il 2029. Proprio in queste settimane, con la sottoscrizione della lettera d\u2019impegno che consegner\u00f2 domani al presidente della Cop31, abbiamo voluto ribadire questi risultati e, soprattutto, rinnovare gli impegni assunti per il futuro: dal completamento della rete ciclabile strutturale metropolitana, con 330 km di nuovi percorsi previsti dal Pums approvato dal Consiglio metropolitano, alle due ciclovie sulla superstrada Bari-Modugno e sulla Bari-Mola, fino ai 18 km di nuove piste ciclabili finanziate con 3,7 milioni di euro dal Pnrr che collegheranno Loseto, Carbonara e San Paolo a Valenzano e all\u2019aeroporto, gi\u00e0 in via di ultimazione. Inoltre, stiamo ovviamente rivedendo alcuni percorsi ciclabili proprio in vista dell\u2019entrata in funzione del Brt, con l\u2019obiettivo di riequilibrare complessivamente il sistema di mobilit\u00e0 integrato in modo da renderlo pi\u00f9 sicuro ed efficiente. La mobilit\u00e0 ciclistica non \u00e8 solo una scelta urbanistica ma un vero e proprio strumento di lotta al cambiamento climatico e di miglioramento della qualit\u00e0 della vita in chiave sostenibile\u201d.<\/p>\n<p><img decoding=\"async\" src=\"https:\/\/www.europesays.com\/it\/wp-content\/uploads\/2026\/09\/l-itinerario-della-cop31-bike-ride.jpg\" alt=\"L'itinerario della Cop31 Bike Ride\" title=\"L'itinerario della Cop31 Bike Ride\"\/><\/p>\n<p>Che cosa \u00e8 la Cop Bike Ride?<\/p>\n<p>\u00c8 una enorme staffetta ciclistica a sostegno del clima: lanciata due anni fa, la Cop29 Bike Ride ha collegato Parigi (luogo altamente simbolico per le conferenze sul clima) a Baku, citt\u00e0 ospitante della Cop29. L\u2019entusiasmo generato lungo il percorso, fino alla destinazione finale, \u00e8 stato tale che nel 2025, in occasione della Cop30 a Belem, \u00e8 stata organizzata una staffetta ancora pi\u00f9 ambiziosa: la Cop30 Bike Ride dall\u2019Azerbaigian al Brasile, in bicicletta e in barca a vela, coinvolgendo pi\u00f9 di mille ciclisti in quasi 20 Paesi e coprendo quasi un terzo della circonferenza terrestre. La staffetta segue il formato della \u2018fiamma olimpica\u2019, in cui uno striscione con 10 proposte politiche viene passato di ciclista in ciclista nel corso delle settimane per essere sottoposto ai rappresentanti dei vari Paesi. Oltre all\u2019impresa sportiva e umana, l\u2019organizzazione opera su due piani complementari: a livello locale, attraverso eventi pubblici lungo il percorso (proiezione del docufilm sulle attivit\u00e0 portate avanti nell\u2019anno precedente, corsi di formazione per studenti sulla manutenzione delle biciclette, talk legati alle esperienze di sostenibilit\u00e0 ambientale), e a livello internazionale, con il collegamento \u2018simbolico\u2019 tra Paesi e comunit\u00e0 ciclistiche realizzato tramite l\u2019organizzazione di tappe di 50-70 km aperte a tutti, che permettono ai partecipanti di scoprire i territori attraversati in uno o pi\u00f9 giorni.<\/p>\n","protected":false},"excerpt":{"rendered":"Domani, marted\u00ec 1\u00b0 settembre, la manifestazione ciclistica arriver\u00e0 a Bari, ultima tappa italiana di uno dei rami della&hellip;\n","protected":false},"author":3,"featured_media":659435,"comment_status":"","ping_status":"","sticky":false,"template":"","format":"standard","meta":{"footnotes":"","_share_on_mastodon":"0"},"categories":[1456],"tags":[4924,1682,29070,1824,4645,8840,355573,1825,1537,90,89,245,244],"class_list":["post-659434","post","type-post","status-publish","format-standard","has-post-thumbnail","category-ciclismo","tag-ambiente","tag-bari","tag-cambiamenti-climatici","tag-ciclismo","tag-ciclisti","tag-clima","tag-cop31-bike-ride","tag-cycling","tag-it","tag-italia","tag-italy","tag-sport","tag-sports"],"share_on_mastodon":{"url":"","error":""},"_links":{"self":[{"href":"https:\/\/www.europesays.com\/it\/wp-json\/wp\/v2\/posts\/659434","targetHints":{"allow":["GET"]}}],"collection":[{"href":"https:\/\/www.europesays.com\/it\/wp-json\/wp\/v2\/posts"}],"about":[{"href":"https:\/\/www.europesays.com\/it\/wp-json\/wp\/v2\/types\/post"}],"author":[{"embeddable":true,"href":"https:\/\/www.europesays.com\/it\/wp-json\/wp\/v2\/users\/3"}],"replies":[{"embeddable":true,"href":"https:\/\/www.europesays.com\/it\/wp-json\/wp\/v2\/comments?post=659434"}],"version-history":[{"count":0,"href":"https:\/\/www.europesays.com\/it\/wp-json\/wp\/v2\/posts\/659434\/revisions"}],"wp:featuredmedia":[{"embeddable":true,"href":"https:\/\/www.europesays.com\/it\/wp-json\/wp\/v2\/media\/659435"}],"wp:attachment":[{"href":"https:\/\/www.europesays.com\/it\/wp-json\/wp\/v2\/media?parent=659434"}],"wp:term":[{"taxonomy":"category","embeddable":true,"href":"https:\/\/www.europesays.com\/it\/wp-json\/wp\/v2\/categories?post=659434"},{"taxonomy":"post_tag","embeddable":true,"href":"https:\/\/www.europesays.com\/it\/wp-json\/wp\/v2\/tags?post=659434"}],"curies":[{"name":"wp","href":"https:\/\/api.w.org\/{rel}","templated":true}]}}