{"id":659438,"date":"2026-09-01T09:30:18","date_gmt":"2026-09-01T09:30:18","guid":{"rendered":"https:\/\/www.europesays.com\/it\/659438\/"},"modified":"2026-09-01T09:30:18","modified_gmt":"2026-09-01T09:30:18","slug":"news-m-thuram-mckennie-orsolini-mctominay-cambiaso-rovella-ekhator-yildiz-k-thuram-le-novita","status":"publish","type":"post","link":"https:\/\/www.europesays.com\/it\/659438\/","title":{"rendered":"NEWS &#8211; M. Thuram, McKennie, Orsolini, McTominay, Cambiaso, Rovella, Ekhator, Yildiz, K. Thuram: le novit\u00e0"},"content":{"rendered":"<p>\nTutte le novit\u00e0 tra Serie A e calciomercato in queste ultime frenetiche ore: ecco le ultimissime sul nostro campionato.\n<\/p>\n<p>\n<strong>INTER<\/strong> &#8211; In attesa di poter contare anche su Djed <strong>Spence<\/strong>, che intanto ha continuato anche nella giornata di ieri il suo lavoro individuale alla ricerca della miglior condizione, la buona notizia \u00e8 poter fare affidamento su tutto il resto del gruppo, come sottolinea il Corriere dello Sport: &#8220;<strong>Thuram, che in Sardegna ha rivisto il campo, si candida a una maglia da titolare in Europa<\/strong>: nel frattempo, in campionato, potrebbe toccare ancora a Pio Esposito al fianco di Lautaro, con Bonny pronto a subentrare&#8221;.\n<\/p>\n<p>        <img src=\"https:\/\/www.europesays.com\/it\/wp-content\/uploads\/2026\/09\/Orsolini-eb9bd309c6ea-1200x800.jpg\"   width=\"715\" height=\"402\" alt=\"Orsolini\" title=\"Orsolini\" loading=\"eager\" fetchpriority=\"high\" decoding=\"sync\" class=\"w-full h-auto aspect-3\/2 object-cover object-top rounded-lg\"\/><\/p>\n<p>\n<strong>JUVE<\/strong> &#8211; Qualche problema dall&#8217;infermeria per la Juve di Luciano Spalletti. Queste le ultime novit\u00e0 sui giocatori indisponibili secondo Tuttosport: &#8220;da oggi <strong>Yildiz<\/strong> volta pagina iniziando il percorso riabilitativo. Una strada molto lunga, che dovrebbe portarlo a recuperare nel giro di tre mesi: si rivedr\u00e0 dopo la sosta per le nazionali di novembre. Per immaginarlo al 100% della condizione, chiaramente, <strong>bisogner\u00e0 attendere dicembre<\/strong>. La preoccupazione per <strong>Kh\u00e9phren Thuram<\/strong>, se possibile, \u00e8 in aumento di settimana in settimana. Il quadro delineatosi ieri durante il controllo effettuato a Lione da parte del Dott. Bertrand Sonnery Cottet, colui che nella passata stagione \u00e8 intervenuto per le lesioni al ginocchio di Bremer e Gatti, \u00e8 piuttosto fosco. Si procede a passo spedito verso l\u2019operazione per risolvere, si spera definitivamente, quella sindrome femoro-rotulea di cui il centrocampista bianconero soffre ormai dal mese di aprile e che lo ha costretto ai box dall\u2019inizio della preparazione pre-campionato. Il dolore non \u00e8 passato e oggi l\u2019intervento rappresenta una strada difficilmente evitabile, visto e considerato che Thuram continua ad avvertire dolore. Se dovesse finire sotto i ferri, <strong>si preannuncia uno stop piuttosto lungo<\/strong>, in linea con quello di Yildiz: considerando le cautele solitamente maggiori per il ginocchio non ci sarebbe da stupirsi di fronte alla prospettiva di <strong>rivedere il francese in campo nel 2027<\/strong>. Gi\u00e0 nelle prossime ore \u00e8 attesa una virata verso l\u2019operazione. La batosta per Thuram &#8211; preventivata gi\u00e0 da giorni &#8211; si aggiunge al guaio gi\u00e0 messo nero su bianco per <strong>Jeff Ekhator<\/strong>. L\u2019attaccante classe 2006 \u00e8 stato sottoposto ieri ad accertamenti radiologici, che hanno evidenziato una lesione di medio grado del muscolo semitendinoso. Tra 2 settimane sar\u00e0 sottoposto ad ulteriori esami per definire con esattezza i tempi di recupero, ma lo stop non sar\u00e0 breve: <strong>serviranno almeno 40 giorni prima di rivederlo sul terreno di gioco della Continassa<\/strong>. La speranza di Lucio per il Milan \u00e8 quella di ritrovare <strong>McKennie<\/strong> nel suo mazzo e quindi che il texano si lasci alle spalle l\u2019affaticamento muscolare che lo ha costretto alla tribuna contro il Parma. \u00c8 uno scenario possibile, non probabile o perlomeno non ancora &#8211; una sorpresa che il tecnico vorrebbe ricevere in vista del primo scontro diretto della stagione. Alla Continassa non si fanno troppe illusioni, invece, sul fronte<strong> Andrea Cambiaso<\/strong>: la distorsione rimediata sabato alla caviglia destra \u00e8 leggera, ma ipotizzare un suo recupero sembrerebbe alquanto azzardato. Valutazioni in corso per Edon <strong>Zhegrova<\/strong>, anche lui acciaccato, al netto di un mercato &#8211; quello arabo &#8211; che per il kosovaro potrebbe durare oltre stasera&#8221;.\n<\/p>\n<p>\n<strong>ORSOLINI<\/strong> &#8211; Brutte notizie oltre il ko con l&#8217;Atalanta per il Bologna, come sottolinea il Resto del Carlino: &#8220;il fronte offensivo perde un altro pezzo: <strong>Orsolini si \u00e8 infortunato<\/strong>, un risentimento ai flessori della coscia sinistra che andr\u00e0 valutato ma che <strong>potrebbe vederlo out a lungo<\/strong>. Il numero 7 mancher\u00e0 alla ripresa dunque, fissata gi\u00e0 per oggi alle ore 10&#8243;.\n<\/p>\n<p>\n<strong>MCTOMINAY<\/strong> &#8211; Non si \u00e8 ancora visto il vero <strong>McTominay<\/strong> nel Napoli di questa stagione, ma il motivo \u00e8 evidenziato dal Corriere dello Sport: &#8220;La partita di domenica contro il Como ha confermato l\u2019impressione colta gi\u00e0 con un ottimo margine di certezza a Genova e ancor prima nel corso del precampionato: McTominay \u00e8 la controfigura di se stesso. Ma sia chiaro: lo \u00e8 perch\u00e9<strong> \u00e8 in totale sofferenza fisica, limitato in maniera decisiva dalle vesciche<\/strong> che lo stanno tormentando a un piede sin dai ritiri. Certe volte non riusciva neanche a indossare gli scarpini, dolori veri. E a dispetto di qualche miglioramento &#8211; altrimenti non avrebbe potuto giocare neanche un minuto &#8211; \u00e8 palese che i suoi allenamenti e di conseguenza il rendimento in partita sono sotto scacco perenne. Anche Allegri ha spiegato la situazione dopo il Como, ma il fatto grave e rilevante \u00e8 che senza McT il Napoli perde tantissimo in termini di quantit\u00e0 e qualit\u00e0 sia in fase offensiva &#8211; soprattutto in zona gol &#8211; sia in fase difensiva. In attesa di risolvere il problema, qualcosa dovr\u00e0 pur accadere. E quel qualcosa potrebbe essere <strong>l\u2019inserimento di De Bruyne a centrocampo<\/strong>, magari gi\u00e0 sabato con l\u2019Inter: Kevin sta bene, manovra e ispira, tira e crea. Corre. Difficile tenerlo fuori in questa fase&#8221;.\n<\/p>\n<p>\n<strong>LAZIO<\/strong> &#8211; Queste le ultime dall&#8217;infermeria Lazio, riportate dal Corriere dello Sport: &#8220;L&#8217;appuntamento fondamentale di oggi non \u00e8 sul campo, <strong>Rovella effettuer\u00e0 stamattina i controlli clinici<\/strong> che chiariranno l&#8217;entit\u00e0 dell&#8217;infortunio riportato domenica. <strong>Una lesione lo terrebbe fuori per 20-25 giorni<\/strong>, c&#8217;\u00e8 ottimismo sul fatto che non si tratti di uno stop pi\u00f9 lungo. A prescindere, \u00e8 un problema inaspettato che accentua l&#8217;emergenza attuale a centrocampo dove gi\u00e0 si \u00e8 fermato Dele-Bashiru (sostituito nel secondo tempo di Bologna) e con <strong>Cataldi<\/strong> ancora alle prese con il recupero post-operazione per la pubalgia. Danilo ha rallentato nell&#8217;ultima settimana, a fine maggio si \u00e8 sottoposto a un intervento importante.<strong> Gattuso spera di rivederlo in gruppo nel giro di 10 giorni,<\/strong> ma servir\u00e0 del tempo per il ricondizionamento atletico. Ha saltato l&#8217;intera preparazione lavorando a parte durante la fase riabilitativa. Ai box c&#8217;\u00e8 pure Marusic, il suo problema muscolare &#8211; come rivelato dal tecnico &#8211; \u00e8 pi\u00f9 pesante di quello di Dele-Bashiru, l&#8217;altro frenato dai muscoli al Dall&#8217;Ara&#8221;.<\/p>\n","protected":false},"excerpt":{"rendered":"Tutte le novit\u00e0 tra Serie A e calciomercato in queste ultime frenetiche ore: ecco le ultimissime sul nostro&hellip;\n","protected":false},"author":3,"featured_media":659439,"comment_status":"","ping_status":"","sticky":false,"template":"","format":"standard","meta":{"footnotes":"","_share_on_mastodon":"0"},"categories":[1452],"tags":[21457,586,12719,721,36318,1856,921,7204,3705,2490,7521,4864,8393,790,22137,21460,21461,1905,1112,50853,24330,313,1740,1346,15829,3369,91369,350,327,1537,90,89,565,5188,33409,57022,50651,10277,248,14344,15,7462,811,65244,1290,22468,4565,1380,11873,1885,3279,11318,5822,112295,53388,2841,1821,989,1739,45720,112863,98278,245,244,577,24960,33591,907,10571],"class_list":["post-659438","post","type-post","status-publish","format-standard","has-post-thumbnail","category-calcio","tag-bashiru","tag-bologna","tag-box","tag-calcio","tag-cambiaso","tag-campionato","tag-campo","tag-centrocampo","tag-como","tag-condizione","tag-continassa","tag-corriere","tag-corriere-sport","tag-corso","tag-costretto","tag-dele","tag-dele-bashiru","tag-dolore","tag-domenica","tag-ekhator","tag-evidenziato","tag-fase","tag-football","tag-fronte","tag-ginocchio","tag-giro","tag-infermeria","tag-inter","tag-intervento","tag-it","tag-italia","tag-italy","tag-juve","tag-lazio","tag-lesione","tag-mckennie","tag-mctominay","tag-muscolare","tag-napoli","tag-neanche","tag-notizie","tag-novita","tag-operazione","tag-orsolini","tag-partita","tag-perde","tag-possibile","tag-poter","tag-preparazione","tag-problema","tag-recupero","tag-resto","tag-risolvere","tag-rivederlo","tag-rovella","tag-sabato","tag-serie","tag-settimana","tag-soccer","tag-sottolinea","tag-sottoposto","tag-spera","tag-sport","tag-sports","tag-stagione","tag-stop","tag-thuram","tag-ultime","tag-yildiz"],"share_on_mastodon":{"url":"","error":"Validation failed: Text character limit of 500 exceeded"},"_links":{"self":[{"href":"https:\/\/www.europesays.com\/it\/wp-json\/wp\/v2\/posts\/659438","targetHints":{"allow":["GET"]}}],"collection":[{"href":"https:\/\/www.europesays.com\/it\/wp-json\/wp\/v2\/posts"}],"about":[{"href":"https:\/\/www.europesays.com\/it\/wp-json\/wp\/v2\/types\/post"}],"author":[{"embeddable":true,"href":"https:\/\/www.europesays.com\/it\/wp-json\/wp\/v2\/users\/3"}],"replies":[{"embeddable":true,"href":"https:\/\/www.europesays.com\/it\/wp-json\/wp\/v2\/comments?post=659438"}],"version-history":[{"count":0,"href":"https:\/\/www.europesays.com\/it\/wp-json\/wp\/v2\/posts\/659438\/revisions"}],"wp:featuredmedia":[{"embeddable":true,"href":"https:\/\/www.europesays.com\/it\/wp-json\/wp\/v2\/media\/659439"}],"wp:attachment":[{"href":"https:\/\/www.europesays.com\/it\/wp-json\/wp\/v2\/media?parent=659438"}],"wp:term":[{"taxonomy":"category","embeddable":true,"href":"https:\/\/www.europesays.com\/it\/wp-json\/wp\/v2\/categories?post=659438"},{"taxonomy":"post_tag","embeddable":true,"href":"https:\/\/www.europesays.com\/it\/wp-json\/wp\/v2\/tags?post=659438"}],"curies":[{"name":"wp","href":"https:\/\/api.w.org\/{rel}","templated":true}]}}