{"id":659448,"date":"2026-09-01T09:36:18","date_gmt":"2026-09-01T09:36:18","guid":{"rendered":"https:\/\/www.europesays.com\/it\/659448\/"},"modified":"2026-09-01T09:36:18","modified_gmt":"2026-09-01T09:36:18","slug":"tutti-i-film-in-uscita-il-mese-di-settembre-2026","status":"publish","type":"post","link":"https:\/\/www.europesays.com\/it\/659448\/","title":{"rendered":"Tutti i film in uscita il mese di settembre 2026"},"content":{"rendered":"<p id=\"\" data-journey-content=\"true\" data-node-id=\"3\" class=\"body-text css-1ood0zq emevuu60\">Tanto horror e molta (moltissima) italia: \u00e8 il settembre cinefilo che ci attende nelle sale. Dalla <a href=\"https:\/\/www.elle.com\/it\/showbiz\/cinema\/a73253688\/festival-venezia-2026-film-italiani-lista-completa\/\" target=\"_blank\" data-vars-ga-outbound-link=\"https:\/\/www.elle.com\/it\/showbiz\/cinema\/a73253688\/festival-venezia-2026-film-italiani-lista-completa\/\" data-vars-ga-ux-element=\"Hyperlink\" data-vars-ga-call-to-action=\"Mostra del cinema di Venezia \" data-node-id=\"3.1\" class=\"body-link css-ohbdae emevuu60\" rel=\"nofollow noopener\"><strong data-node-id=\"3.1.0\">Mostra del cinema di Venezia<\/strong> <\/a>arriveranno numerosi titoli (a cominciare da quel gioiellino di documentario sugli Oasis&#8230;) ma abbonderanno anche i film di paura, capitanati da Train to Busan e il nuovo sequel di Resident Evil. Il film d&#8217;autore la far\u00e0 da padrone, con <strong data-node-id=\"3.7\">Gianni Amelio<\/strong> ma anche il danese <strong data-node-id=\"3.9\">Nicolas Winding Refn,<\/strong> mentre alla voce blockbuster campeggiamo Amori &amp; incantesimi 2 e Hear of the beast con <strong data-node-id=\"3.15\">Brad Pitt<\/strong>. Ecco, qui di seguito le (numerosissime) uscite in programma a settembre. Mano ai pop corn&#8230; <\/p>\n<p>Train to Busan, dal 2 settembre<\/p>\n<p data-journey-content=\"true\" data-node-id=\"9\" class=\"css-1ood0zq emevuu60\">Ci abbiamo impiegato qualcosa come dieci anni per riuscirlo ad avere nelle sale italiane. No, dico: dieci. E stiamo parlando di uno dei gioielli di quello che chiamano elevated horror, acclamato da pubblico e critica. La ragione di questo lungo ritardo non \u00e8 data da sapere ma per lo meno finalmente adesso si colma un tale vuoto: il <strong data-node-id=\"9.4\">2 settembre <\/strong>arriva anche in Italia il coreano Train to Busan. Gli amanti del genere lo conoscono bene: \u00e8 uno zombie movie avvincente e ispirato, che schiera come protagonista una vecchia conoscenza <a href=\"https:\/\/www.elle.com\/it\/showbiz\/tv\/a38001820\/squid-game-storia-vera\/\" target=\"_blank\" data-vars-ga-outbound-link=\"https:\/\/www.elle.com\/it\/showbiz\/tv\/a38001820\/squid-game-storia-vera\/\" data-vars-ga-ux-element=\"Hyperlink\" data-vars-ga-call-to-action=\"di \" data-node-id=\"9.8\" class=\"body-link css-ohbdae emevuu60\" rel=\"nofollow noopener\">di <\/a><a href=\"https:\/\/www.elle.com\/it\/showbiz\/tv\/a38001820\/squid-game-storia-vera\/\" target=\"_blank\" data-vars-ga-outbound-link=\"https:\/\/www.elle.com\/it\/showbiz\/tv\/a38001820\/squid-game-storia-vera\/\" data-vars-ga-ux-element=\"Hyperlink\" data-vars-ga-call-to-action=\"Squid Game\" data-node-id=\"9.9.0\" class=\"body-link css-ohbdae emevuu60\" rel=\"nofollow noopener\">Squid Game<\/a>, ossia l&#8217;attore <strong data-node-id=\"9.11\">Gong <\/strong><strong data-node-id=\"9.12\">Yoo<\/strong>. P.s. Dopo la visione, potreste avere qualche problemino a prendere un treno&#8230;<\/p>\n<p>The mortuary assistant, dal 3 settembre<\/p>\n<p data-journey-content=\"true\" data-node-id=\"16\" class=\"css-1ood0zq emevuu60\">Ormai lo sappiamo: mai snobbare un videogioco, perch\u00e9 non sai mai in quale blockbuster potrebbe trasformarsi. Cos\u00ec, direttamente dal mondo della console, arriva l&#8217;adattamento di The mortuary assistant: il celebre game con protagonista Rebecca Owens, novella assistente mortuaria. Il suo primo impiego non \u00e8 dei pi\u00f9 sereni: la sala dove lavora ospita ben pi\u00f9 di fredde salme&#8230; <\/p>\n<p>Il malloppo, dal 3 settembre<\/p>\n<p data-journey-content=\"true\" data-node-id=\"24\" class=\"css-1ood0zq emevuu60\">Sulla carta, non potrebbero essere pi\u00f9 diversi. Eppure, l&#8217;accoppiata<strong data-node-id=\"24.1\"> Max Angioni &#8211; Diego Abatantuono<\/strong> ha convinto tutti in Esprimi un desiderio e ora (giustamente) cerca il bis: il giovane comico di Zelig <a href=\"https:\/\/www.elle.com\/it\/showbiz\/tv\/a71926630\/andrea-pisani-nuovo-conduttore-le-iene\/\" target=\"_blank\" data-vars-ga-outbound-link=\"https:\/\/www.elle.com\/it\/showbiz\/tv\/a71926630\/andrea-pisani-nuovo-conduttore-le-iene\/\" data-vars-ga-ux-element=\"Hyperlink\" data-vars-ga-call-to-action=\"(nonch\u00e9 ex Iena)\" data-node-id=\"24.6\" class=\"body-link css-ohbdae emevuu60\" rel=\"nofollow noopener\">(nonch\u00e9 ex Iena)<\/a> e lo storico volto del Derby di Milano si ritrovano di nuovo insieme in Il malloppo. Anche in questo caso si tratta di una commedia scanzonata, solo che stavolta si tinge di crime: Abatantuono \u00e8 un ex rapinatore che si \u00e8 rinventato oste, mentre Angioni il suo tirocinante. A loro si aggiunge <strong data-node-id=\"24.12\">Mago Forest<\/strong>, nei panni di un non esattamente talentuoso investigatore&#8230;<\/p>\n<p>Amori &amp; incantesimi 2, dal 10 settembre<\/p>\n<p data-journey-content=\"true\" data-node-id=\"30\" class=\"css-1ood0zq emevuu60\">L&#8217;hanno fatto per &#8220;le donne&#8221;, &#8220;per le nuove generazioni&#8221;, insomma per il mondo intero. Al netto del gigantismo (anche meno, ragazze&#8230;), l&#8217;entusiasmo dimostrato alla premiere da <strong data-node-id=\"30.1\">Sandra Bullock e Nicole Kidman <\/strong>\u00e8 anche un po&#8217; il nostro: Amori e incantesimi rappresenta un pezzo di vita (adolescenziale) e tornare, dopo 30 anni, in quell&#8217;universo non ci spiace affatto. L&#8217;appuntamento \u00e8 per il 10 settembre quando il <a href=\"https:\/\/www.elle.com\/it\/showbiz\/cinema\/a71035934\/amori-incantesimi-2-sequel-uscita-cast-trama-nicole-kidman-sandra-bullock\/\" target=\"_blank\" data-vars-ga-outbound-link=\"https:\/\/www.elle.com\/it\/showbiz\/cinema\/a71035934\/amori-incantesimi-2-sequel-uscita-cast-trama-nicole-kidman-sandra-bullock\/\" data-vars-ga-ux-element=\"Hyperlink\" data-vars-ga-call-to-action=\"sequel Amori &amp; incantesimi 2 \" data-node-id=\"30.5\" class=\"body-link css-ohbdae emevuu60\" rel=\"nofollow noopener\">sequel Amori &amp; incantesimi 2 <\/a>arriver\u00e0 nelle sale italiane. Ritroveremo le sorelle Owens e, con loro, una nuova generazione di streghe alle prese, of course, con una maledizione familiare. E ricordate: &#8220;nessuna magia \u00e8 pi\u00f9 forte della sorellanza&#8221;.<\/p>\n<p>Bad apples, dal 10 settembre<\/p>\n<p data-journey-content=\"true\" data-node-id=\"36\" class=\"css-1ood0zq emevuu60\">Una dark comedy, di quelle fatte come si deve. Bad apples ci porta dritto nel disagio esistenziale &#8211; adulto e giovanile &#8211; schierando un&#8217;irresistibile insegnante che, esasperata dai suoi studenti, segrega in casa l&#8217;allievo pi\u00f9 turbolento. Di pi\u00f9 non aggiungiamo perch\u00e8 tanto le ragioni di questo gesto estremo quanto le sue conseguenze sono il sale di questa brillante pellicola inglese. <\/p>\n<p><img decoding=\"async\" data-dynamic-svg=\"true\" src=\"https:\/\/www.elle.com\/_assets\/design-tokens\/fre\/static\/icons\/arrow-right.7440adc.svg?primary=%2523D4D4D4\" loading=\"lazy\" data-testid=\"dynamic-svg-base\" height=\"auto\" width=\"auto\" aria-label=\"Prev carousel button\" alt=\"Chevron Left Icon\" data-theme-key=\"icon-button-icon\" transform=\"scaleX(-1)\" class=\"css-14vtfey erhb41k0\"\/><img decoding=\"async\" data-dynamic-svg=\"true\" src=\"https:\/\/www.elle.com\/_assets\/design-tokens\/fre\/static\/icons\/arrow-right.7440adc.svg?primary=%25230f0f15\" loading=\"lazy\" data-testid=\"dynamic-svg-base\" height=\"auto\" width=\"auto\" aria-label=\"Next carousel button\" alt=\"Chevron Right Icon\" data-theme-key=\"icon-button-icon\" class=\"css-18znc9e erhb41k0\"\/>Oasis: don&#8217;t look back in anger, dal 10 settembre<\/p>\n<p data-journey-content=\"true\" data-node-id=\"43\" class=\"css-1ood0zq emevuu60\">Non \u00e8 che il trailer anticipi chiss\u00e0 che&#8230; Sicuramente alla <strong data-node-id=\"43.1\"><a href=\"https:\/\/www.elle.com\/it\/mostra-cinema-venezia\/\" target=\"_blank\" data-vars-ga-outbound-link=\"https:\/\/www.elle.com\/it\/mostra-cinema-venezia\/\" data-vars-ga-ux-element=\"Hyperlink\" data-vars-ga-call-to-action=\"Mostra del cinema di Venezia\" data-node-id=\"43.1.0\" class=\"body-link css-ohbdae emevuu60\" rel=\"nofollow noopener\">Mostra del cinema di Venezia<\/a><\/strong> riusciremo a farci un&#8217;idea pi\u00f9 precisa del documentario dedicato agli Oasis: in Laguna ci sar\u00e0 l&#8217;attesissima premiere e le aspettative ovviamente sono alte. La ragione \u00e8 presto detta: stiamo parlando degli <a href=\"https:\/\/www.elle.com\/it\/moda\/tendenze\/a65392545\/oasis-concerti-fratelli-gallagher-moda-stile-news\/\" target=\"_blank\" data-vars-ga-outbound-link=\"https:\/\/www.elle.com\/it\/moda\/tendenze\/a65392545\/oasis-concerti-fratelli-gallagher-moda-stile-news\/\" data-vars-ga-ux-element=\"Hyperlink\" data-vars-ga-call-to-action=\"Oasis, una band\" data-node-id=\"43.3\" class=\"body-link css-ohbdae emevuu60\" rel=\"nofollow noopener\">Oasis, una band<\/a> che, al netto di alti e bassi, ha fatto la storia. Oasis: don&#8217;t look back in anger segue il concertone del 2025, quello della reunion, con tanto di ampie sbirciate nel backstage. La chicca? L&#8217;intervista congiunta di Liam e Noe, di nuovo insieme dopo pi\u00f9 di vent&#8217;anni. Il film uscir\u00e0 il 10 settembre nelle sale e poi sar\u00e0 disponibile, entro la fine dell&#8217;anno, in streaming su Disney +. <\/p>\n<p>The echo chamber, dal 10 settembre<\/p>\n<p data-journey-content=\"true\" data-node-id=\"49\" class=\"css-1ood0zq emevuu60\"><strong data-node-id=\"49.0\">Luca Marinelli<\/strong> \u00e8 sempre una garanzia, figuriamoci poi se, come qui, \u00e8 in coppia con <strong data-node-id=\"49.2\">Susan Saradon<\/strong>. I due attori interpretano i protagonisti di The Echo Chamber, film tratto dall&#8217;ultima sceneggiatura di <a href=\"https:\/\/www.elle.com\/it\/showbiz\/cinema\/a25332081\/bernardo-bertolucci-regista-morto\/\" target=\"_blank\" data-vars-ga-outbound-link=\"https:\/\/www.elle.com\/it\/showbiz\/cinema\/a25332081\/bernardo-bertolucci-regista-morto\/\" data-vars-ga-ux-element=\"Hyperlink\" data-vars-ga-call-to-action=\"Bernardo Bertolucci, morto nel 2018\" data-node-id=\"49.6\" class=\"body-link css-ohbdae emevuu60\" rel=\"nofollow noopener\"><strong data-node-id=\"49.6.0\">Bernardo Bertolucci<\/strong>, morto nel 2018<\/a>. Una storia potente e complessa, che gli stessi sceneggiatori erano quasi increduli di poter adattare: &#8220;Temevamo non sarebbe mai stata realizzata&#8221;. Al centro, l&#8217;amore narrato nei suoi angoli pi\u00f9 bui, tra dipendenze e ferite mai ricucite. Marinelli veste infatti i panni di un pianista in crisi, che si invaghisce della sua fisioterapista, senza per\u00f2 lasciarsi davvero andare. Saradon \u00e8, diciamo cos\u00ec, la sua mentore. Il film sar\u00e0 presentato alla Mostra del cinema di Venezia per poi arrivare nei cinema dal 10 settembre.<\/p>\n<p>The invite &#8211; il piacere \u00e8 tutto nostro, dal 16 settembre<\/p>\n<p data-journey-content=\"true\" data-node-id=\"55\" class=\"css-1ood0zq emevuu60\">E&#8217; stata la sorpresa del festival di Locarno: ironico e disinibito, The invite &#8211; il piacere \u00e8 tutto nostro parla dei nuovi &#8220;orizzonti&#8221; che una coppia pu\u00f2 decidere di esplorare. Il tema \u00e8 quello, piccantissimo, del sesso (il &#8220;nostro&#8221; del titolo \u00e8 un eloquente indizio) ma non solo. Dalla sua, il film ha sicuramente un cast all star capitanato da <strong data-node-id=\"55.3\">Penelope Cruz e Edward Norton<\/strong> a cui si aggiungono <strong data-node-id=\"55.5\">Olivia Wilde<\/strong> (qui anche regista) e <strong data-node-id=\"55.7\">Seth Rogen<\/strong>. Il quartetto animer\u00e0 una apparentemente banale cena tra vicini di casa, che prender\u00e0 una piega decisamente hot.<\/p>\n<p>Resident Evil, dal 17 settembre<\/p>\n<p data-journey-content=\"true\" data-node-id=\"61\" class=\"css-1ood0zq emevuu60\">Ok, diciamo che questo settembre vale come una visita di controllo dal cardiologo&#8230; Dopo Train to Busan e The mortuary assistant, arriva il 17 settembre un altro cult del cinema d&#8217;horror: Residente Evil. Il capitolo \u00e8 nuovo nuovo e ha per protagonista un corriere (<strong data-node-id=\"61.7\">Austin Abrams<\/strong>) che fa su e gi\u00f9 per gli ospedali trasportando organi. Questo finch\u00e9 una sera non lo spediscono lontano, per una consegna urgente. E&#8217; buio pesto, nevica e il cellulare prende poco. Le premesse perfette per farti prendere un coccolone mentre sei in sala&#8230; <\/p>\n<p>I figli della scimmia, dal 17 settembre<img draggable=\"true\" alt=\"riccardo scamarcio in i figli della scimmia\" title=\"riccardo scamarcio in i figli della scimmia\" loading=\"lazy\" width=\"2000\" height=\"1345\" decoding=\"async\" data-nimg=\"1\" style=\"color:transparent;width:100%;height:auto;\"   src=\"https:\/\/www.europesays.com\/it\/wp-content\/uploads\/2026\/09\/821a1540-bd85-4b81-8461-cf9b237f72ea.jpeg\" class=\"css-0 e1ddfba50\"\/><a target=\"_blank\" rel=\"noopener nofollow\" data-theme-key=\"base-link\" href=\"https:\/\/pinterest.com\/pin\/create\/button\/?url=https:\/\/www.elle.com\/it\/showbiz\/cinema\/a73334728\/film-cinema-settembre-2026\/&amp;description=elleitalia&amp;media=https:\/\/hips.hearstapps.com\/hmg-prod\/images\/821a1540-bd85-4b81-8461-cf9b237f72ea.jpeg?resize=1600:*\" class=\"pinterest css-on9hn5 e1socmtw0\"><img decoding=\"async\" data-dynamic-svg=\"true\" src=\"https:\/\/www.elle.com\/_assets\/design-tokens\/fre\/static\/icons\/social\/pinterest.e8cf655.svg?primary=%2523ffffff\" loading=\"lazy\" data-testid=\"dynamic-svg-base\" height=\"auto\" width=\"auto\" alt=\"pinterest\" class=\"css-4lml0h e1mlxuuw1\"\/><\/a><\/p>\n<p>@courtesy photo<\/p>\n<p data-journey-content=\"true\" data-node-id=\"67\" class=\"css-1ood0zq emevuu60\">Da Venezia, arriva anche I figli della scimmia: il nuovo film con <strong data-node-id=\"67.3\"><a href=\"https:\/\/www.elle.com\/it\/showbiz\/tv\/a62946920\/riccardo-scamarcio-belve-anticipazioni-benedetta-porcaroli-monica-bellucci-news-video-foto\/\" target=\"_blank\" data-vars-ga-outbound-link=\"https:\/\/www.elle.com\/it\/showbiz\/tv\/a62946920\/riccardo-scamarcio-belve-anticipazioni-benedetta-porcaroli-monica-bellucci-news-video-foto\/\" data-vars-ga-ux-element=\"Hyperlink\" data-vars-ga-call-to-action=\"Riccardo Scamarcio\" data-node-id=\"67.3.0\" class=\"body-link css-ohbdae emevuu60\" rel=\"nofollow noopener\">Riccardo Scamarcio<\/a><\/strong> che promette di fare discutere. La storia affronta infatti il delicato tema della paternit\u00e0, esplorata nei suoi lati pi\u00f9 indicibili: cosa succede se hai un figlio, di sangue, diversamente abile e un nipote con cui l&#8217;intesa \u00e8 perfetta? Il quesito \u00e8 scomodo, sicuramente politicamente scorretto, ma non peregrino. Vediamo come il regista <strong data-node-id=\"67.5\">Tommaso Landucci<\/strong> decider\u00e0 di svilupparlo. I pi\u00f9 fortunati si faranno un&#8217;idea precisa a Venezia, chi \u00e8 a casa dovr\u00e0 aspettare il 17 settembre.<\/p>\n<p>Heart of the beast, dal 24 settembre<\/p>\n<p data-journey-content=\"true\" data-node-id=\"73\" class=\"css-1ood0zq emevuu60\">Avete presente quei film dove il protagonista cade da un aereo e si ritrova da solo nel nulla? Ecco, Heart of the beast \u00e8 esattamente quel genere di storia con la differenza &#8211; fondamentale &#8211; che qui il disperso di turno \u00e8 l&#8217;aitante <strong data-node-id=\"73.4\">Brad Pitt <\/strong>(mica poco&#8230;) e non \u00e8 solo come un cane. Il suo amico a quattro zampe, Odino, \u00e8 con lui: una presenza che sar\u00e0 &#8211; per entrambi &#8211; decisiva. Di pi\u00f9 non aggiungiamo se non che l&#8217;animale in questione farebbe le scarpe persino a Rex e Lessie messi insieme: \u00e8 un tostissimo cane militare, addestrato e pronto a tutto esattamente come il suo padrone, l&#8217;ufficiale delle forze speciali James (Pitt). <\/p>\n<p>Una storia, dal 24 settembre<\/p>\n<p data-journey-content=\"true\" data-node-id=\"79\" class=\"css-1ood0zq emevuu60\">Altro titolo passato a Venezia, altra uscita da appuntarsi in agenda: il 24 settembre arriva in sala il <a href=\"https:\/\/www.elle.com\/it\/showbiz\/cinema\/a73252894\/anna-foglietta-oggi-primo-film-da-regista-una-storia-trama-cast\/\" target=\"_blank\" data-vars-ga-outbound-link=\"https:\/\/www.elle.com\/it\/showbiz\/cinema\/a73252894\/anna-foglietta-oggi-primo-film-da-regista-una-storia-trama-cast\/\" data-vars-ga-ux-element=\"Hyperlink\" data-vars-ga-call-to-action=\"film d&#039;esordio alla regia di Anna Foglietta\" data-node-id=\"79.1\" class=\"body-link css-ohbdae emevuu60\" rel=\"nofollow noopener\">film d&#8217;esordio alla regia di <strong data-node-id=\"79.1.1\">Anna Foglietta<\/strong><\/a>. Si intitola Una storia e affronta il delicato tema della sindrome del nido vuoto: quando la figlia va a studiare all&#8217;estero, la casa di Erika e Mauro si riempie di scomodi silenzi e attese troppo lunghe. A dare spessore, anima e pathos ai due protagonisti sono i fuoriclasse <strong data-node-id=\"79.5\">Alba Rohrwacher<\/strong> e <strong data-node-id=\"79.7\">Guido Caprino<\/strong>.<\/p>\n<p>Nessun dolore, dal 24 settembre<\/p>\n<p data-journey-content=\"true\" data-node-id=\"85\" class=\"css-1ood0zq emevuu60\">&#8220;A volte si tocca il punto impensabile dove anche il dolore \u00e8 gioia piena&#8221;. E&#8217; un paragone un tantino ardito quello proposto dal trailer di Nessun dolore ma, in fondo, anche il film di <strong data-node-id=\"85.3\">Gianni Amelio<\/strong> lo \u00e8. Senza fare troppi spoiler, la pellicola, in concorso alla<strong data-node-id=\"85.5\"> Mostra del cinema di Venezia<\/strong>, schiera come protagonista un <strong data-node-id=\"85.7\">Alessandro Borghi <\/strong>al quale succede di tutto, a cominciare dalla &#8220;consegna&#8221; di un bambino che lo segue ovunque come un cagnolino. Nel cast, anche <strong data-node-id=\"85.9\">Valeria Golino<\/strong>, nei  panni di una amica piuttosto affettuosa, e <strong data-node-id=\"85.11\">Valerio Mastandrea<\/strong>. <\/p>\n<p>Santiago &#8211; un cammino per ricominciare, dal 24 settembre<\/p>\n<p data-journey-content=\"true\" data-node-id=\"91\" class=\"css-1ood0zq emevuu60\">Mare, montagna o&#8230; <a href=\"https:\/\/www.elle.com\/it\/lifestyle\/viaggi\/a4689\/cammino-di-santiago-da-dove-partire\/\" target=\"_blank\" data-vars-ga-outbound-link=\"https:\/\/www.elle.com\/it\/lifestyle\/viaggi\/a4689\/cammino-di-santiago-da-dove-partire\/\" data-vars-ga-ux-element=\"Hyperlink\" data-vars-ga-call-to-action=\"cammino di Santiago\" data-node-id=\"91.1\" class=\"body-link css-ohbdae emevuu60\" rel=\"nofollow noopener\">cammino di Santiago<\/a>? Quello che una volta era una scelta da alternativi \u00e8 diventata un&#8217;opzione accarezzata (prima o poi) da tutti i vacanzieri. C&#8217;\u00e8 chi la valuta spinto dalla propria fede, chi semplicemente dal desiderio di staccare dal superfluo (e dal cellulare&#8230;) per ritrovare se stesso. Adesso ci hanno fatto pure un film: in Santiago &#8211; un cammino per ricominciare un&#8217;insegnate e un giovane carcerato camminano, fianco a fianco, per tre mesi. E, no, non \u00e8 pura fantasia: la storia, diretta da <strong data-node-id=\"91.7\">Yann Samuell<\/strong>, si ispira a fatti realmente accaduti. Se ancora non avete provato ad andare a Santiago, sicuro ci farete un pensierino dopo aver visto il film.<\/p>\n<p>Her private hell, dal 30 settembre<\/p>\n<p data-journey-content=\"true\" data-node-id=\"97\" class=\"css-1ood0zq emevuu60\">Alla voce &#8220;ritorni graditissimi&#8221; spicca Her private hell: una favola nera, anzi nerissima, che riporta in sala il visionario <strong data-node-id=\"97.3\">Nicolas Winding Refn<\/strong>. L&#8217;ultimo lungometraggio del regista danese &#8211; amatissimo a Cannes e dintorni &#8211; risale infatti al 2016, con The neon demon: da allora si \u00e8 dilettato tra corti e serie tv, trascurando il cinema. La rimpatriata si \u00e8 consumata <a href=\"https:\/\/www.elle.com\/it\/festival-di-cannes-news-foto-look\/\" target=\"_blank\" data-vars-ga-outbound-link=\"https:\/\/www.elle.com\/it\/festival-di-cannes-news-foto-look\/\" data-vars-ga-ux-element=\"Hyperlink\" data-vars-ga-call-to-action=\"all&#039;ultimo festival di Cannes\" data-node-id=\"97.7\" class=\"body-link css-ohbdae emevuu60\" rel=\"nofollow noopener\">all&#8217;ultimo festival di Cannes<\/a>, dove Her private hell \u00e8 stato presentato fuori concorso, e il 30 settembre arriver\u00e0 nei cinema italiani. Il suo target? &#8220;Quegli adolescenti che odiano i genitori, vorrebbero dare fuoco alla casa e desiderano essere liberi di creare&#8221;, ha spiegato Refn.<\/p>\n","protected":false},"excerpt":{"rendered":"Tanto horror e molta (moltissima) italia: \u00e8 il settembre cinefilo che ci attende nelle sale. Dalla Mostra del&hellip;\n","protected":false},"author":3,"featured_media":659449,"comment_status":"","ping_status":"","sticky":false,"template":"","format":"standard","meta":{"footnotes":"","_share_on_mastodon":"0"},"categories":[1442],"tags":[24615,363803,64205,2913,240126,2912,203,454,239396,363801,204,1537,90,89,69365,1521,11722,1735,264255,119510,172551,119511,363802,1780],"class_list":["post-659448","post","type-post","status-publish","format-standard","has-post-thumbnail","category-film","tag-alba-rohrwacher","tag-amori-e-incantesimi","tag-anna-foglietta","tag-brad-pitt","tag-edward-norton","tag-engagement","tag-entertainment","tag-film","tag-gianni-amelio","tag-guido-caprino","tag-intrattenimento","tag-it","tag-italia","tag-italy","tag-mario-martone","tag-movies","tag-nicole-kidman","tag-oasis","tag-olivia-wilde","tag-penelope-cruz","tag-resident-evil","tag-sandra-bullock","tag-seth-rogen","tag-traffico"],"share_on_mastodon":{"url":"https:\/\/pubeurope.com\/@it\/117195112978743346","error":""},"_links":{"self":[{"href":"https:\/\/www.europesays.com\/it\/wp-json\/wp\/v2\/posts\/659448","targetHints":{"allow":["GET"]}}],"collection":[{"href":"https:\/\/www.europesays.com\/it\/wp-json\/wp\/v2\/posts"}],"about":[{"href":"https:\/\/www.europesays.com\/it\/wp-json\/wp\/v2\/types\/post"}],"author":[{"embeddable":true,"href":"https:\/\/www.europesays.com\/it\/wp-json\/wp\/v2\/users\/3"}],"replies":[{"embeddable":true,"href":"https:\/\/www.europesays.com\/it\/wp-json\/wp\/v2\/comments?post=659448"}],"version-history":[{"count":0,"href":"https:\/\/www.europesays.com\/it\/wp-json\/wp\/v2\/posts\/659448\/revisions"}],"wp:featuredmedia":[{"embeddable":true,"href":"https:\/\/www.europesays.com\/it\/wp-json\/wp\/v2\/media\/659449"}],"wp:attachment":[{"href":"https:\/\/www.europesays.com\/it\/wp-json\/wp\/v2\/media?parent=659448"}],"wp:term":[{"taxonomy":"category","embeddable":true,"href":"https:\/\/www.europesays.com\/it\/wp-json\/wp\/v2\/categories?post=659448"},{"taxonomy":"post_tag","embeddable":true,"href":"https:\/\/www.europesays.com\/it\/wp-json\/wp\/v2\/tags?post=659448"}],"curies":[{"name":"wp","href":"https:\/\/api.w.org\/{rel}","templated":true}]}}