{"id":659508,"date":"2026-09-01T10:24:18","date_gmt":"2026-09-01T10:24:18","guid":{"rendered":"https:\/\/www.europesays.com\/it\/659508\/"},"modified":"2026-09-01T10:24:18","modified_gmt":"2026-09-01T10:24:18","slug":"fantacalcio-perche-comprare-e-perche-no-de-martis","status":"publish","type":"post","link":"https:\/\/www.europesays.com\/it\/659508\/","title":{"rendered":"Fantacalcio, perch\u00e9 comprare (e perch\u00e9 no) De Martis"},"content":{"rendered":"<p>Chi \u00e8 Thomas De Martis<\/p>\n<p data-path-to-node=\"0\"><strong>Thom\u00e1s de Martis de la Rosa<\/strong> (Mar del Plata, 26 giugno 2008) \u00e8 un calciatore argentino, attaccante del Parma in prestito dal Lan\u00fas.<\/p>\n<p data-path-to-node=\"1\">\u00c8 un centravanti dotato di fiuto del gol e buone qualit\u00e0 tecniche, capace di svariare sul fronte d&#8217;attacco.<\/p>\n<p data-path-to-node=\"2\">Dopo aver mosso i primi passi nelle giovanili del River Plate, entra a far parte del settore giovanile del Lan\u00fas nel 2019, firmando il suo primo contratto da professionista nel 2024.<\/p>\n<p data-path-to-node=\"3\">L&#8217;anno seguente fa il suo <strong>esordio in prima squadra nella massima serie argentina<\/strong>. Il 15 agosto 2025 debutta anche in campo internazionale disputando la gara di Coppa Sudamericana contro il Central C\u00f3rdoba.<\/p>\n<p data-path-to-node=\"4\">Il 18 agosto 2026 passa a titolo temporaneo al Parma con la formula del prestito annuale.<\/p>\n<p>Il ruolo di Thomas De Martis<\/p>\n<p>Attaccante classe 2008, di piede destro e di 185 centimetri. Agile, abbastanza veloce, dotato di un&#8217;ottima tecnica di base. Completo, pronto sia a legare il gioco che ad attaccare la profondit\u00e0. Deve migliorare per quel che concerne la freddezza sotto porta. Parecchio aggressivo in fase di pressing, non spicca nel gioco aereo.\u00a0<\/p>\n<p><strong>Il suo ruolo al Fantacalcio Classic \u00e8 A al Mantra parliamo di una Pc.<\/strong><\/p>\n","protected":false},"excerpt":{"rendered":"Chi \u00e8 Thomas De Martis Thom\u00e1s de Martis de la Rosa (Mar del Plata, 26 giugno 2008) \u00e8&hellip;\n","protected":false},"author":3,"featured_media":659509,"comment_status":"","ping_status":"","sticky":false,"template":"","format":"standard","meta":{"footnotes":"","_share_on_mastodon":"0"},"categories":[1452],"tags":[721,719,720,1740,1537,90,89,251,1739,245,244],"class_list":["post-659508","post","type-post","status-publish","format-standard","has-post-thumbnail","category-calcio","tag-calcio","tag-fanta","tag-fantacalcio","tag-football","tag-it","tag-italia","tag-italy","tag-serie-a","tag-soccer","tag-sport","tag-sports"],"share_on_mastodon":{"url":"https:\/\/pubeurope.com\/@it\/117195300581098249","error":""},"_links":{"self":[{"href":"https:\/\/www.europesays.com\/it\/wp-json\/wp\/v2\/posts\/659508","targetHints":{"allow":["GET"]}}],"collection":[{"href":"https:\/\/www.europesays.com\/it\/wp-json\/wp\/v2\/posts"}],"about":[{"href":"https:\/\/www.europesays.com\/it\/wp-json\/wp\/v2\/types\/post"}],"author":[{"embeddable":true,"href":"https:\/\/www.europesays.com\/it\/wp-json\/wp\/v2\/users\/3"}],"replies":[{"embeddable":true,"href":"https:\/\/www.europesays.com\/it\/wp-json\/wp\/v2\/comments?post=659508"}],"version-history":[{"count":0,"href":"https:\/\/www.europesays.com\/it\/wp-json\/wp\/v2\/posts\/659508\/revisions"}],"wp:featuredmedia":[{"embeddable":true,"href":"https:\/\/www.europesays.com\/it\/wp-json\/wp\/v2\/media\/659509"}],"wp:attachment":[{"href":"https:\/\/www.europesays.com\/it\/wp-json\/wp\/v2\/media?parent=659508"}],"wp:term":[{"taxonomy":"category","embeddable":true,"href":"https:\/\/www.europesays.com\/it\/wp-json\/wp\/v2\/categories?post=659508"},{"taxonomy":"post_tag","embeddable":true,"href":"https:\/\/www.europesays.com\/it\/wp-json\/wp\/v2\/tags?post=659508"}],"curies":[{"name":"wp","href":"https:\/\/api.w.org\/{rel}","templated":true}]}}