{"id":659545,"date":"2026-09-01T10:52:17","date_gmt":"2026-09-01T10:52:17","guid":{"rendered":"https:\/\/www.europesays.com\/it\/659545\/"},"modified":"2026-09-01T10:52:17","modified_gmt":"2026-09-01T10:52:17","slug":"le-prime-parole-di-francesca-neri-dopo-la-morte-del-compagno-silvano-loia","status":"publish","type":"post","link":"https:\/\/www.europesays.com\/it\/659545\/","title":{"rendered":"Le prime parole di Francesca Neri dopo la morte del compagno Silvano Loia"},"content":{"rendered":"<p>\u201cSono devastata dal dolore\u201d. <a data-intcmp=\"skytg24_foglia articolo_interlink_text\" href=\"https:\/\/tg24.sky.it\/spettacolo\/2022\/10\/27\/claudio-amendola-francesca-neri\" target=\"_self\" rel=\"nofollow noopener\">Francesca Neri<\/a>, 62 anni, ha espresso al quotidiano Corriere della Sera lo sconvolgimento che sta provando dopo la <strong>morte del compagno Silvano Loia<\/strong>, <strong>annegato<\/strong> il 29 agosto nelle acque di <strong>Montalto di Castro<\/strong>, nel Viterbese, all\u2019et\u00e0 di <strong>52 anni<\/strong>. Secondo la ricostruzione dei soccorritori, il manager di Rai Way si era allontanato dalla riva intorno alle ore 11 del mattino per fare una nuotata. Quando gli amici che erano con lui non l\u2019hanno visto tornare, hanno dato l\u2019allarme. Sono quindi iniziate le ricerche, che sono proseguite per l\u2019intera giornata con l\u2019intervento dei Vigili del Fuoco e della Guardia Costiera, compreso l&#8217;impiego di una motovedetta della capitaneria e di un elicottero. Il corpo dell\u2019uomo \u00e8 stato infine ritrovato in serata, a pochi metri di profondit\u00e0 e non lontano dal punto in cui si trovava, nel tratto di costa tra Montalto Marina e Pescia Romana. \u00c8 stata pertanto avanzata l\u2019ipotesi di un malore improvviso in acqua.<\/p>\n<p>\t\t \tIL NUOVO AMORE DOPO LA SEPARAZIONE DA CLAUDIO AMENDOLA<\/p>\n<p>L\u2019amore tra Francesca Neri e Silvano Loia era arrivato dopo la separazione dell\u2019attrice da <a data-intcmp=\"skytg24_foglia articolo_interlink_text\" href=\"https:\/\/tg24.sky.it\/spettacolo\/cinema\/2022\/05\/02\/claudio-amendola-oggi\" target=\"_self\" rel=\"nofollow noopener\">Claudio Amendola<\/a>, avvenuta nel 2022 dopo una storia lunga 25 anni e la nascita di un figlio. In un\u2019intervista radiofonica a I Lunatici, Neri aveva raccontato con entusiasmo la nuova fase della sua vita. \u201cOra sto molto bene, mi sento rinata e finalmente vivo la mia vita libera, felice di essere me stessa\u201d, aveva detto. \u201cIo e Claudio ci credevamo, ma \u00e8 finita. Per\u00f2 non ho mai parlato del mio matrimonio, figuriamoci della separazione, posso solo dire che vivo finalmente nella verit\u00e0 e nella libert\u00e0\u201d. La relazione con Loia era nata quasi per caso attraverso conoscenze comuni e, soprattutto all\u2019inizio, era rimasta privata. Poi, nel febbraio 2024, un paparazzo del settimanale Chi aveva sorpreso l\u2019attrice e il nuovo compagno a Firenze durante un week-end organizzato per festeggiare i 60 anni di lei. \u201cFrancesca dopo tanto tempo, quando ormai non ci credeva pi\u00f9, \u00e8 felice. Non vuole pi\u00f9 nascondersi, perch\u00e9 ha capito che Silvano \u00e8 una persona speciale\u201d, aveva spiegato un\u2019amica alla rivista. La coppia viveva insieme a Roma, nella zona di Porta Pia, e conduceva una vita lontana dagli eventi mondani, ma fatta piuttosto di condivisione di momenti con pochi amici intimi.<\/p>\n<p>\t\t\t<a class=\"c-inline-card j-inline-card c-inline-card--with-image\" href=\"https:\/\/tg24.sky.it\/cronaca\/2026\/08\/31\/silvano-loia-compagno-francesca-neri-annegato\" rel=\"follow nofollow noopener\" data-intcmp=\"skytg24_articolo_approfondimenti_inline\" target=\"_blank\"><\/p>\n<p>\t\t\t         <img decoding=\"async\" crossorigin=\"anonymous\" alt=\"\"  loading=\"lazy\"  src=\"https:\/\/www.europesays.com\/it\/wp-content\/uploads\/2026\/09\/aaaaaaSKYPAOLINI_20260831151739368_542717a8c7f2f91c8f6ad7b9ddd975c1.jpg\"\/><\/p>\n<p>\n\t\t\t         Approfondimento<br \/>\n\t\t\t         Silvano Loia annegato a Montalto di Castro: cosa sappiamo\n\t\t\t      <\/p>\n<p>\t\t\t<\/a><\/p>\n<p>\t\t \tCHI ERA SILVANO LOIA<\/p>\n<p>Originario della provincia di Salerno e laureato in Giurisprudenza, Silvano Loia lavorava in Rai Way, dove era responsabile degli acquisti della societ\u00e0 che possiede e gestisce la rete di diffusione del segnale radiotelevisivo della Rai. Un conoscente ha dichiarato al Corriere della Sera che era una persona \u201ccortese, gentile, colta, un uomo risolto\u201d e che \u201cdi Francesca non parlava mai. Che fossero una coppia lo abbiamo saputo dai giornali. E adesso, per rispetto, non ci metteremo a raccontare quel che loro hanno tanto voluto proteggere\u201d. Anche una nota del Consiglio di Amministrazione e dell\u2019amministratore delegato Giampaolo Rossi in Rai ha espresso \u201cil pi\u00f9 profondo cordoglio per la tragica scomparsa di Silvano Loia e Andrea Gentili [il collega delle riprese interne Rai di Roma morto\u00a0in seguito alle gravi conseguenze dell\u2019incidente stradale che lo aveva coinvolto mentre era fermo in moto a un semaforo, ndr]. Rivolgono un pensiero di particolare vicinanza alla compagna di Loia, Francesca Neri, alle famiglie di Silvano e Andrea e a tutti i loro cari, partecipando con sincera commozione a questo momento di grande dolore\u201d.<\/p>\n<p>\t\t\t<a class=\"c-inline-card j-inline-card c-inline-card--with-image\" href=\"https:\/\/tg24.sky.it\/cronaca\/2026\/08\/30\/silvano-loia-affogato-compagno-francesca-neri\" rel=\"follow nofollow noopener\" data-intcmp=\"skytg24_articolo_approfondimenti_inline\" target=\"_blank\"><\/p>\n<p>\t\t\t         <img decoding=\"async\" crossorigin=\"anonymous\" alt=\"\"  loading=\"lazy\"  src=\"https:\/\/www.europesays.com\/it\/wp-content\/uploads\/2026\/09\/neri-loia.jfif.jpeg\"\/><\/p>\n<p>\n\t\t\t         Approfondimento<br \/>\n\t\t\t         Morto in mare nel Viterbese Silvano Loia, compagno di Francesca Neri\n\t\t\t      <\/p>\n<p>\t\t\t<\/a><\/p>\n","protected":false},"excerpt":{"rendered":"\u201cSono devastata dal dolore\u201d. Francesca Neri, 62 anni, ha espresso al quotidiano Corriere della Sera lo sconvolgimento che&hellip;\n","protected":false},"author":3,"featured_media":659546,"comment_status":"","ping_status":"","sticky":false,"template":"","format":"standard","meta":{"footnotes":"","_share_on_mastodon":"0"},"categories":[1451],"tags":[28119,1621,1620,203,204,1537,90,89,964],"class_list":["post-659545","post","type-post","status-publish","format-standard","has-post-thumbnail","category-celebrita","tag-attrici","tag-celebrita","tag-celebrities","tag-entertainment","tag-intrattenimento","tag-it","tag-italia","tag-italy","tag-morte"],"share_on_mastodon":{"url":"https:\/\/pubeurope.com\/@it\/117195411727217648","error":""},"_links":{"self":[{"href":"https:\/\/www.europesays.com\/it\/wp-json\/wp\/v2\/posts\/659545","targetHints":{"allow":["GET"]}}],"collection":[{"href":"https:\/\/www.europesays.com\/it\/wp-json\/wp\/v2\/posts"}],"about":[{"href":"https:\/\/www.europesays.com\/it\/wp-json\/wp\/v2\/types\/post"}],"author":[{"embeddable":true,"href":"https:\/\/www.europesays.com\/it\/wp-json\/wp\/v2\/users\/3"}],"replies":[{"embeddable":true,"href":"https:\/\/www.europesays.com\/it\/wp-json\/wp\/v2\/comments?post=659545"}],"version-history":[{"count":0,"href":"https:\/\/www.europesays.com\/it\/wp-json\/wp\/v2\/posts\/659545\/revisions"}],"wp:featuredmedia":[{"embeddable":true,"href":"https:\/\/www.europesays.com\/it\/wp-json\/wp\/v2\/media\/659546"}],"wp:attachment":[{"href":"https:\/\/www.europesays.com\/it\/wp-json\/wp\/v2\/media?parent=659545"}],"wp:term":[{"taxonomy":"category","embeddable":true,"href":"https:\/\/www.europesays.com\/it\/wp-json\/wp\/v2\/categories?post=659545"},{"taxonomy":"post_tag","embeddable":true,"href":"https:\/\/www.europesays.com\/it\/wp-json\/wp\/v2\/tags?post=659545"}],"curies":[{"name":"wp","href":"https:\/\/api.w.org\/{rel}","templated":true}]}}