{"id":659567,"date":"2026-09-01T11:04:13","date_gmt":"2026-09-01T11:04:13","guid":{"rendered":"https:\/\/www.europesays.com\/it\/659567\/"},"modified":"2026-09-01T11:04:13","modified_gmt":"2026-09-01T11:04:13","slug":"follia-in-a1-auto-contromano-per-50-chilometri-40-minuti-di-terrore-tra-bologna-e-barberino","status":"publish","type":"post","link":"https:\/\/www.europesays.com\/it\/659567\/","title":{"rendered":"Follia in A1, auto contromano per 50 chilometri:\u00a040 minuti di terrore tra Bologna e Barberino"},"content":{"rendered":"<p>Bologna, 1 settembre 2026 &#8211; <strong>Oltre 50 chilometri contromano in autostrada<\/strong>, a forte velocit\u00e0, mettendo a rischio la vita di centinaia di automobilisti.<strong> \u00c8 durata pi\u00f9 di quaranta minuti la folle fuga di una 32enne <\/strong>tedesca, bloccata dalla Polizia di Stato dopo aver trasformato l\u2019A1 &#8216;Panoramica&#8217; in una corsa contro il traffico.<\/p>\n<p>Decine di segnalazioni <\/p>\n<p>L\u2019allarme \u00e8 scattato poco dopo le 9.30 del 20 agosto, quando al 112 sono arrivate decine di segnalazioni per un minivan con targa tedesca che procedeva nella direzione opposta sulla carreggiata nord, verso <strong>Barberino di Mugello<\/strong>. I sensori autostradali hanno confermato la presenza del mezzo e la Polizia Stradale ha fatto intervenire <strong>sei pattuglie<\/strong>: quattro della sottosezione di Pian del Voglio e due di Firenze Nord. Nel frattempo sono state <strong>chiuse al traffico la Panoramica e la Direttissima tra Barberino, Badia e Roncobilaccio<\/strong>.<\/p>\n<p>Approfondisci:<\/p>\n<p><a href=\"https:\/\/www.ilrestodelcarlino.it\/pesaro\/cronaca\/17-enne-guida-carcere-amico-xh0z7kjm\" class=\"ArticleEmbed_article__embed__content__Jzqnz\" rel=\"nofollow noopener\" target=\"_blank\">Un 17enne alla guida, finisce in carcere l\u2019amico. \u201cLo incitava a scappare dalla polizia\u201d<img alt=\"Un 17enne alla guida, finisce in carcere l\u2019amico. \u201cLo incitava a scappare dalla polizia\u201d\" loading=\"lazy\" width=\"140\" height=\"78\" decoding=\"async\" data-nimg=\"1\" style=\"color:transparent\"  src=\"https:\/\/www.europesays.com\/it\/wp-content\/uploads\/2026\/09\/la-lancia-y-rubata.webp\"\/><\/a><br \/>\nLa fuga \u00e8 continuata <\/p>\n<p><strong>La conducente<\/strong>, per\u00f2, <strong>non si \u00e8 fermata<\/strong>. Intercettata dagli agenti, ha evitato il primo alt e ha continuato a tutta velocit\u00e0. Arrivata alla diramazione di Barberino, <strong>ha invertito nuovamente la marcia,<\/strong> tagliando la strada ai veicoli in arrivo sulle quattro corsie. Raggiunto il casello, ha ripreso la direzione di Bologna, sempre inseguita dalla Polizia, salvo poi <strong>fare retromarcia e tornare ancora contromano verso Barberino<\/strong>.<\/p>\n<p> <img alt=\"Controlli della polizia (foto di repertorio)\" loading=\"lazy\" width=\"2200\" height=\"2133\" decoding=\"async\" data-nimg=\"1\" style=\"color:transparent;max-width:100%;height:auto\"   src=\"https:\/\/www.europesays.com\/it\/wp-content\/uploads\/2026\/09\/controlli-della-polizia-foto-di-repertorio.webp\"\/><\/p>\n<p>Controlli della polizia (foto di repertorio)<\/p>\n<p>Una corsa di 40 minuti <\/p>\n<p><strong>Per oltre quaranta minuti il minivan \u00e8 inoltre riuscito a sottrarsi alle telecamere<\/strong>: la donna imboccava gli svincoli di servizio nel tentativo di nascondersi. Alla fine, grazie al coordinamento tra gli agenti e il personale tecnico di Autostrade per l\u2019Italia, \u00e8 stato<strong> possibile bloccare fisicamente le carreggiate<\/strong>, costringendola a fermarsi.<\/p>\n<p>Intossicazione da cannabis <\/p>\n<p>La 32enne \u00e8 apparsa in forte stato di agitazione ed \u00e8 stata accompagnata all\u2019ospedale di Borgo San Lorenzo. Gli accertamenti hanno evidenziato <strong>un\u2019intossicazione da cannabis<\/strong>: solo dopo alcune ore la donna \u00e8 tornata in s\u00e9.<\/p>\n<p>\u00c8 stata <strong>denunciata per fuga pericolosa e guida dopo l\u2019assunzione di stupefacenti<\/strong>, oltre a essere segnalata al Prefetto per l\u2019assunzione di sostanze e la circolazione contromano.<strong> La patente \u00e8 stata ritirata e il veicolo sequestrato<\/strong>. Sul sedile del minivan \u00e8 stata trovata anche una modica quantit\u00e0 di marijuana, sottoposta a sequestro amministrativo.\u00a0<\/p>\n","protected":false},"excerpt":{"rendered":"Bologna, 1 settembre 2026 &#8211; Oltre 50 chilometri contromano in autostrada, a forte velocit\u00e0, mettendo a rischio la&hellip;\n","protected":false},"author":3,"featured_media":659568,"comment_status":"","ping_status":"","sticky":false,"template":"","format":"standard","meta":{"footnotes":"","_share_on_mastodon":"0"},"categories":[79],"tags":[2765,12517,586,2225,15806,14,93,94,5378,1537,90,89,3479,7,15,9237,11,84,91,12,85,92],"class_list":["post-659567","post","type-post","status-publish","format-standard","has-post-thumbnail","category-italia","tag-auto","tag-barberino","tag-bologna","tag-chilometri","tag-contromano","tag-cronaca","tag-cronaca-italiana","tag-cronacaitaliana","tag-follia","tag-it","tag-italia","tag-italy","tag-minuti","tag-news","tag-notizie","tag-terrore","tag-ultime-notizie","tag-ultime-notizie-e-news-di-oggi","tag-ultime-notizie-italia","tag-ultimenotizie","tag-ultimenotizieenewsdioggi","tag-ultimenotizieitalia"],"share_on_mastodon":{"url":"https:\/\/pubeurope.com\/@it\/117195458898343717","error":""},"_links":{"self":[{"href":"https:\/\/www.europesays.com\/it\/wp-json\/wp\/v2\/posts\/659567","targetHints":{"allow":["GET"]}}],"collection":[{"href":"https:\/\/www.europesays.com\/it\/wp-json\/wp\/v2\/posts"}],"about":[{"href":"https:\/\/www.europesays.com\/it\/wp-json\/wp\/v2\/types\/post"}],"author":[{"embeddable":true,"href":"https:\/\/www.europesays.com\/it\/wp-json\/wp\/v2\/users\/3"}],"replies":[{"embeddable":true,"href":"https:\/\/www.europesays.com\/it\/wp-json\/wp\/v2\/comments?post=659567"}],"version-history":[{"count":0,"href":"https:\/\/www.europesays.com\/it\/wp-json\/wp\/v2\/posts\/659567\/revisions"}],"wp:featuredmedia":[{"embeddable":true,"href":"https:\/\/www.europesays.com\/it\/wp-json\/wp\/v2\/media\/659568"}],"wp:attachment":[{"href":"https:\/\/www.europesays.com\/it\/wp-json\/wp\/v2\/media?parent=659567"}],"wp:term":[{"taxonomy":"category","embeddable":true,"href":"https:\/\/www.europesays.com\/it\/wp-json\/wp\/v2\/categories?post=659567"},{"taxonomy":"post_tag","embeddable":true,"href":"https:\/\/www.europesays.com\/it\/wp-json\/wp\/v2\/tags?post=659567"}],"curies":[{"name":"wp","href":"https:\/\/api.w.org\/{rel}","templated":true}]}}