{"id":659581,"date":"2026-09-01T11:19:15","date_gmt":"2026-09-01T11:19:15","guid":{"rendered":"https:\/\/www.europesays.com\/it\/659581\/"},"modified":"2026-09-01T11:19:15","modified_gmt":"2026-09-01T11:19:15","slug":"vanessa-incontrada-sposera-rossano-laurini-sara-una-grande-emozione","status":"publish","type":"post","link":"https:\/\/www.europesays.com\/it\/659581\/","title":{"rendered":"Vanessa Incontrada sposer\u00e0 Rossano Laurini: &#8220;Sar\u00e0 una grande emozione&#8221;"},"content":{"rendered":"<p>                                Dopo diciassette anni insieme, un figlio e un periodo di separazione, la coppia \u00e8 pronta a convolare a nozze<\/p>\n<p>                    1 settembre &#8211; 11:53  &#8211; MILANO<\/p>\n<p class=\"paragraph\" spellcheck=\"true\">Il giorno del fatidico s\u00ec per <b>Vanessa Incontrada<\/b> e <b>Rossano Laurini<\/b> \u00e8 dietro l&#8217;angolo. A pi\u00f9 di un anno delle prime conferme, <a href=\"https:\/\/www.gazzetta.it\/active\/storie\/24-11-2025\/vanessa-incontrada-dimagrita-e-stupenda-a-47-anni-i-suoi-segreti\/la-trasformazione.shtml?intcmp=hyperlink-articolo-gazit\" target=\"_blank\" rel=\"nofollow noopener\">la conduttrice e attrice<\/a> ha ammesso che la pianificazione del matrimonio con lo storico compagno \u00e8 partita e <b>gli inviti sono gi\u00e0 stati mandati<\/b>, inclusi quelli a colleghi e amici come <a href=\"https:\/\/www.gazzetta.it\/tv\/23-02-2026\/carlo-conti-il-mio-un-festival-baudiano-pressioni-su-pucci-fantascienza.shtml?intcmp=hyperlink-articolo-gazit\" target=\"_blank\" rel=\"nofollow noopener\">Carlo Conti<\/a> e <a href=\"https:\/\/www.gazzetta.it\/Calcio\/Serie-A\/Napoli\/15-10-2019\/napoli-gigi-dalessio-difende-carlo-un-grande-che-ha-gia-dimostrato-quanto-vale-350273943655.shtml?intcmp=hyperlink-articolo-gazit\" target=\"_blank\" rel=\"nofollow noopener\">Gigi D\u2019Alessio<\/a>.\u00a0<\/p>\n<p>        Vanessa Incontrada sposer\u00e0 Rossano Laurini\u2014 \u00a0<\/p>\n<p class=\"paragraph\" spellcheck=\"true\">Dopo aver gi\u00e0 annunciato il matrimonio, <a href=\"https:\/\/www.gazzetta.it\/gossip\/28-10-2025\/vanessa-incontrada-si-sposa-con-rossano-laurini-crisi-superata.shtml?intcmp=hyperlink-articolo-gazit\" target=\"_blank\" rel=\"nofollow noopener\">lo scorso anno<\/a> in un&#8217;intervista a Vanity Fair, <b>Vanessa Incontrada \u00e8 stata travolta dagli impegni di lavoro<\/b>, dalla conduzione di <a href=\"https:\/\/www.gazzetta.it\/tv\/19-11-2025\/gigi-e-vanessa-insieme-d-alessio-e-incontrada-da-stasera-canale-5.shtml?intcmp=hyperlink-articolo-gazit\" target=\"_blank\" rel=\"nofollow noopener\">Gigi e Vanessa<\/a> insieme allo spettacolo teatrale <b>Ti sposo ma non troppo<\/b>, ma ora sembra che la data in cui la coppia si giurer\u00e0 amore eterno dopo 17 anni insieme e un figlio, Isal, nato nel 2008, sia in dirittura d&#8217;arrivo.<\/p>\n<p class=\"paragraph\" spellcheck=\"true\">La conferma \u00e8 arrivata dalla diretta interessata in un&#8217;intervista al Corriere della Sera, rispondendo a una domanda sulle <b>amicizie nate grazie al lavoro<\/b>: &#8220;Carlo Conti con cui a settembre condurr\u00f2 per la 17esima volta i Music Awards a Verona. Gigi D\u2019Alessio, che ritrover\u00f2 l\u2019anno prossimo con il nostro Gigi e Vanessa Insieme. E poi Panariello e Siani: a tutti loro sono legata da una sincera amicizia, non solo dal lavoro. Infatti saranno con me anche al mio matrimonio&#8221;.<\/p>\n<p class=\"paragraph\" spellcheck=\"true\">&#8220;S\u00ec, ecco, mi \u00e8 scappato, non era esattamente quello di cui volevo parlare, ma s\u00ec. Sar\u00e0 una grande emozione&#8221;, ha proseguito Incontrada, senza per\u00f2 svelare la data che, a giudicare dal s\u00ec ricevuto dagli invitati, \u00e8 gi\u00e0 stata fissata, n\u00e9 <b>la location scelta per convolare a nozze con l&#8217;imprenditore al suo fianco da 17 anni<\/b>.<\/p>\n<p>        Vanessa Incontrada, detective per caso su Canale 5\u2014 \u00a0<\/p>\n<p class=\"paragraph\" spellcheck=\"true\">In attesa di tornare al fianco di Conti per i <b>Music Awards 2026<\/b>, <b>Vanessa Incontrada<\/b> \u00e8 pronta a conquistare il pubblico di Canale 5 nei panni di Erica Magliani, la scrittrice di thriller protagonista di <b>Erica &#8211; Una detective per caso<\/b>, la nuova fiction di Mediaset tratta dai romanzi gialli della scrittrice svedese Camilla L\u00e4ckberg. La miniserie, composta da tre puntate, debutter\u00e0 <b>in prima serata su Canale 5 mercoled\u00ec 2 settembre<\/b>, mentre il gran finale andr\u00e0 in onda il 16 settembre.<\/p>\n<p class=\"is-above-copyright is-mr-r-10\" spellcheck=\"true\">La Gazzetta dello Sport<\/p>\n<p class=\"is-copyright\">\u00a9 RIPRODUZIONE RISERVATA<\/p>\n","protected":false},"excerpt":{"rendered":"Dopo diciassette anni insieme, un figlio e un periodo di separazione, la coppia \u00e8 pronta a convolare a&hellip;\n","protected":false},"author":3,"featured_media":659582,"comment_status":"","ping_status":"","sticky":false,"template":"","format":"standard","meta":{"footnotes":"","_share_on_mastodon":"0"},"categories":[1451],"tags":[9802,14048,2773,2387,5216,1621,1620,1411,224549,224550,2235,7881,81698,9067,203,9799,113424,204,1537,90,89,113425,8866,113646,113517,407,2434,22231,51711],"class_list":["post-659581","post","type-post","status-publish","format-standard","has-post-thumbnail","category-celebrita","tag-alessio","tag-awards","tag-canale","tag-carlo","tag-carlo-conti","tag-celebrita","tag-celebrities","tag-conti","tag-convolare","tag-convolare-nozze","tag-coppia","tag-data","tag-detective","tag-emozione","tag-entertainment","tag-gigi","tag-incontrada","tag-intrattenimento","tag-it","tag-italia","tag-italy","tag-laurini","tag-matrimonio","tag-rossano","tag-rossano-laurini","tag-settembre","tag-si","tag-vanessa","tag-vanessa-incontrada"],"share_on_mastodon":{"url":"https:\/\/pubeurope.com\/@it\/117195516484785097","error":""},"_links":{"self":[{"href":"https:\/\/www.europesays.com\/it\/wp-json\/wp\/v2\/posts\/659581","targetHints":{"allow":["GET"]}}],"collection":[{"href":"https:\/\/www.europesays.com\/it\/wp-json\/wp\/v2\/posts"}],"about":[{"href":"https:\/\/www.europesays.com\/it\/wp-json\/wp\/v2\/types\/post"}],"author":[{"embeddable":true,"href":"https:\/\/www.europesays.com\/it\/wp-json\/wp\/v2\/users\/3"}],"replies":[{"embeddable":true,"href":"https:\/\/www.europesays.com\/it\/wp-json\/wp\/v2\/comments?post=659581"}],"version-history":[{"count":0,"href":"https:\/\/www.europesays.com\/it\/wp-json\/wp\/v2\/posts\/659581\/revisions"}],"wp:featuredmedia":[{"embeddable":true,"href":"https:\/\/www.europesays.com\/it\/wp-json\/wp\/v2\/media\/659582"}],"wp:attachment":[{"href":"https:\/\/www.europesays.com\/it\/wp-json\/wp\/v2\/media?parent=659581"}],"wp:term":[{"taxonomy":"category","embeddable":true,"href":"https:\/\/www.europesays.com\/it\/wp-json\/wp\/v2\/categories?post=659581"},{"taxonomy":"post_tag","embeddable":true,"href":"https:\/\/www.europesays.com\/it\/wp-json\/wp\/v2\/tags?post=659581"}],"curies":[{"name":"wp","href":"https:\/\/api.w.org\/{rel}","templated":true}]}}