{"id":659583,"date":"2026-09-01T11:20:15","date_gmt":"2026-09-01T11:20:15","guid":{"rendered":"https:\/\/www.europesays.com\/it\/659583\/"},"modified":"2026-09-01T11:20:15","modified_gmt":"2026-09-01T11:20:15","slug":"la-dama-col-liocorno-di-raffaello-sara-esposta-in-brianza-lingresso-e-gratuito","status":"publish","type":"post","link":"https:\/\/www.europesays.com\/it\/659583\/","title":{"rendered":"La Dama col liocorno di Raffaello sar\u00e0 esposta in Brianza (l&#8217;ingresso \u00e8 gratuito)"},"content":{"rendered":"<p>La grande arte approda in Brianza. Conto alla rovescia per il grande evento e dopo aver ammirato l\u2019anno scorso a Carate Brianza il capolavoro del Tiziano e nel 2025 a Merate (Lecco) il Caravaggio adesso \u00e8 la volta di Raffaello. Al MUST (Museo del Territorio Vimercatese) verr\u00e0 esposto \u201cLa dama col liocorno\u201d di Raffaello. La presentazione ufficiale alla stampa \u00e8 fissata per luned\u00ec prossimo, 7 settembre a Palazzo Trotti. Un evento durante il quale verr\u00e0 presentata la quarta edizione del progetto &#8220;La Grande Arte in Brianza&#8221;, che quest\u2019anno sar\u00e0 intitolata &#8220;Il divino Raffaello. La dama col liocorno&#8221;. Al momento non \u00e8 stata ancora annunciata la data di inaugurazione.\u00a0<\/p>\n<p>La presentazione\u00a0<\/p>\n<p>Un incontro al quale parteciperanno, oltre al sindaco di Vimercate Francesco Cereda, anche Maurizio Lupi (presidente della Fondazione Costruiamo il Futuro ETS che da sempre promuove l\u2019evento); Elisa Mattavelli (la vicepresidente); Giovanni Morale (curatore e vicedirettore delle Gallerie d&#8217;Italia di Milano); Mattia Seira (responsabile relazioni con i Tterritori di Edison) ed Elena Lah (assessora alla Promozione della citt\u00e0).<\/p>\n<p>Chi \u00e8 la Dama col liocorno\u00a0<\/p>\n<p>L\u2019opera, che proviene dalla Galleria Borghese, rappresenta una fanciulla seduta davanti al parapetto di un loggiato; indossa un abito dal corsetto aderente e ampia scollatura, una collana in maglia d\u2019oro con un pendente ornato da pietre preziose e una perla a goccia. Ha in grembo un piccolo unicorno, simbolo tradizionale di castit\u00e0.<\/p>\n<p>La storia della Dama col liocorno\u00a0<\/p>\n<p>\u201cFino al 1936 &#8211; si legge sul sito della Galleria Borghese &#8211; la donna era raffigurata come Santa Caterina d&#8217;Alessandria, caratterizzata dal consueto attributo della ruota dentata visibile al posto dell&#8217;attuale unicorno; sulle sue spalle un pesante manto modificava il profilo della figura. Le radiografie effettuate in quell\u2019occasione rivelarono al di sotto dell\u2019unicorno la presenza di un cane, animale legato al concetto di fedelt\u00e0 coniugale. Riferita in precedenza a scuola di Perugino, a Francesco Granacci o al Ghirlandaio, dopo il restauro la critica \u00e8 stata in generale concorde sull\u2019attribuzione del dipinto a Raffaello, gi\u00e0 proposta da Longhi (1927). Il dipinto \u00e8 ritenuto opera giovanile dell\u2019artista, variamente datata tra 1506 e 1509; si \u00e8 anche ipotizzato (Coliva 2006; 2020) che possa trattarsi di un ritratto di Maddalena Doni in qualit\u00e0 di promessa sposa, con una conseguente datazione al 1504-1505\u201d.<\/p>\n","protected":false},"excerpt":{"rendered":"La grande arte approda in Brianza. Conto alla rovescia per il grande evento e dopo aver ammirato l\u2019anno&hellip;\n","protected":false},"author":3,"featured_media":659584,"comment_status":"","ping_status":"","sticky":false,"template":"","format":"standard","meta":{"footnotes":"","_share_on_mastodon":"0"},"categories":[1446],"tags":[1615,1613,1614,1611,1610,363841,1612,203,204,1537,90,89,363840],"class_list":["post-659583","post","type-post","status-publish","format-standard","has-post-thumbnail","category-arte-e-design","tag-arte","tag-arte-e-design","tag-arteedesign","tag-arts","tag-arts-and-design","tag-costruiamo-il-futuro","tag-design","tag-entertainment","tag-intrattenimento","tag-it","tag-italia","tag-italy","tag-la-grande-arte"],"share_on_mastodon":{"url":"https:\/\/pubeurope.com\/@it\/117195520491438318","error":""},"_links":{"self":[{"href":"https:\/\/www.europesays.com\/it\/wp-json\/wp\/v2\/posts\/659583","targetHints":{"allow":["GET"]}}],"collection":[{"href":"https:\/\/www.europesays.com\/it\/wp-json\/wp\/v2\/posts"}],"about":[{"href":"https:\/\/www.europesays.com\/it\/wp-json\/wp\/v2\/types\/post"}],"author":[{"embeddable":true,"href":"https:\/\/www.europesays.com\/it\/wp-json\/wp\/v2\/users\/3"}],"replies":[{"embeddable":true,"href":"https:\/\/www.europesays.com\/it\/wp-json\/wp\/v2\/comments?post=659583"}],"version-history":[{"count":0,"href":"https:\/\/www.europesays.com\/it\/wp-json\/wp\/v2\/posts\/659583\/revisions"}],"wp:featuredmedia":[{"embeddable":true,"href":"https:\/\/www.europesays.com\/it\/wp-json\/wp\/v2\/media\/659584"}],"wp:attachment":[{"href":"https:\/\/www.europesays.com\/it\/wp-json\/wp\/v2\/media?parent=659583"}],"wp:term":[{"taxonomy":"category","embeddable":true,"href":"https:\/\/www.europesays.com\/it\/wp-json\/wp\/v2\/categories?post=659583"},{"taxonomy":"post_tag","embeddable":true,"href":"https:\/\/www.europesays.com\/it\/wp-json\/wp\/v2\/tags?post=659583"}],"curies":[{"name":"wp","href":"https:\/\/api.w.org\/{rel}","templated":true}]}}