{"id":659591,"date":"2026-09-01T11:25:19","date_gmt":"2026-09-01T11:25:19","guid":{"rendered":"https:\/\/www.europesays.com\/it\/659591\/"},"modified":"2026-09-01T11:25:19","modified_gmt":"2026-09-01T11:25:19","slug":"calciomercato-torino-accordo-con-la-fiorentina-per-mandragora-ma","status":"publish","type":"post","link":"https:\/\/www.europesays.com\/it\/659591\/","title":{"rendered":"Calciomercato, Torino: accordo con la Fiorentina per Mandragora, ma&#8230;"},"content":{"rendered":"<p class=\"isSelectedEnd\">Petrachi vuole chiudere per Rolando <strong>Mandragora<\/strong>: il Torino ha infatti<strong> trovato un accordo con la Fiorentina<\/strong> per il trasferimento del centrocampista, facendo un passo importante per riportare sotto la Mole un giocatore gi\u00e0 conosciuto e apprezzato in passato. La trattativa, per\u00f2, <strong>non \u00e8 ancora conclusa<\/strong>: resta da trovare l\u2019intesa con il calciatore sull\u2019ingaggio.<\/p>\n<p>            Petrachi cerca un&#8217;intesa sull&#8217;ingaggio<\/p>\n<p class=\"isSelectedEnd\">Il nodo \u00e8 rappresentato proprio dallo stipendio di Mandragora, considerato alto per i parametri del Torino. Per questo motivo, nelle prossime ore, la societ\u00e0 lavorer\u00e0 con il procuratore Stefano Antonelli per cercare di trovare un punto d\u2019incontro e definire anche gli ultimi dettagli dell\u2019operazione. Per Mandragora si tratterebbe di un ritorno in granata a quattro anni di distanza dalla sua prima esperienza. Il centrocampista ha infatti indossato la maglia del Torino tra il 2021 e il 2022, chiudendo quel capitolo con 41 presenze, 4 gol e 3 assist. Ora il percorso potrebbe ricominciare: l\u2019accordo con la Fiorentina c\u2019\u00e8, resta da definire quello con il giocatore.<\/p>\n<p>        <img src=\"https:\/\/www.europesays.com\/it\/wp-content\/uploads\/2026\/09\/GettyImages-2257426525-30e7af827151-1200x802.jpg\"   width=\"3000\" height=\"2004\" alt=\"ACF Fiorentina v Cagliari Calcio - Serie A\" title=\"ACF Fiorentina v Cagliari Calcio - Serie A\" loading=\"eager\" fetchpriority=\"high\" decoding=\"sync\" class=\"w-full h-auto aspect-3\/2 object-cover object-top rounded-lg\"\/><\/p>\n","protected":false},"excerpt":{"rendered":"Petrachi vuole chiudere per Rolando Mandragora: il Torino ha infatti trovato un accordo con la Fiorentina per il&hellip;\n","protected":false},"author":3,"featured_media":659592,"comment_status":"","ping_status":"","sticky":false,"template":"","format":"standard","meta":{"footnotes":"","_share_on_mastodon":"0"},"categories":[176],"tags":[579,363843,3153,2583,2263,564,7183,5944,1537,90,89,82431,116505,245,244,1641],"class_list":["post-659591","post","type-post","status-publish","format-standard","has-post-thumbnail","category-sport","tag-accordo","tag-accordo-fiorentina","tag-centrocampista","tag-definire","tag-fiorentina","tag-giocatore","tag-ingaggio","tag-intesa","tag-it","tag-italia","tag-italy","tag-mandragora","tag-petrachi","tag-sport","tag-sports","tag-torino"],"share_on_mastodon":{"url":"","error":""},"_links":{"self":[{"href":"https:\/\/www.europesays.com\/it\/wp-json\/wp\/v2\/posts\/659591","targetHints":{"allow":["GET"]}}],"collection":[{"href":"https:\/\/www.europesays.com\/it\/wp-json\/wp\/v2\/posts"}],"about":[{"href":"https:\/\/www.europesays.com\/it\/wp-json\/wp\/v2\/types\/post"}],"author":[{"embeddable":true,"href":"https:\/\/www.europesays.com\/it\/wp-json\/wp\/v2\/users\/3"}],"replies":[{"embeddable":true,"href":"https:\/\/www.europesays.com\/it\/wp-json\/wp\/v2\/comments?post=659591"}],"version-history":[{"count":0,"href":"https:\/\/www.europesays.com\/it\/wp-json\/wp\/v2\/posts\/659591\/revisions"}],"wp:featuredmedia":[{"embeddable":true,"href":"https:\/\/www.europesays.com\/it\/wp-json\/wp\/v2\/media\/659592"}],"wp:attachment":[{"href":"https:\/\/www.europesays.com\/it\/wp-json\/wp\/v2\/media?parent=659591"}],"wp:term":[{"taxonomy":"category","embeddable":true,"href":"https:\/\/www.europesays.com\/it\/wp-json\/wp\/v2\/categories?post=659591"},{"taxonomy":"post_tag","embeddable":true,"href":"https:\/\/www.europesays.com\/it\/wp-json\/wp\/v2\/tags?post=659591"}],"curies":[{"name":"wp","href":"https:\/\/api.w.org\/{rel}","templated":true}]}}