{"id":659615,"date":"2026-09-01T11:45:15","date_gmt":"2026-09-01T11:45:15","guid":{"rendered":"https:\/\/www.europesays.com\/it\/659615\/"},"modified":"2026-09-01T11:45:15","modified_gmt":"2026-09-01T11:45:15","slug":"roma-su-fofana-con-kone-al-chelsea-ma-gasp-dice-no-i-retroscena","status":"publish","type":"post","link":"https:\/\/www.europesays.com\/it\/659615\/","title":{"rendered":"Roma su Fofana con Kone al Chelsea, ma Gasp dice no: i retroscena"},"content":{"rendered":"<p>                                I giallorossi avrebbero incassato 60 milioni pi\u00f9 il prestito dell&#8217;ala e sarebbero andati dritti sul mediano del Milan che intanto stava per chiudere con il Lione. Ma Gasp non ha voluto privarsi del suo fulcro di centrocampo<\/p>\n<p>\n                                                                    Francesco Balzani e Luca Bianchin\n                            <\/p>\n<p>                    1 settembre (modifica alle 13:09)  &#8211; MILANO<\/p>\n<p>        <a href=\"https:\/\/www.gazzetta.it\/en\/football\/teams\/roma\/transfer-market\/01-09-2026\/roma-on-fofana-with-kone-to-chelsea-but-gasperini-says-no-the-inside-story.shtml\" class=\"button button--link-dark\" rel=\"nofollow noopener\" target=\"_blank\"><\/p>\n<p>            English version<\/p>\n<p>        <\/a><\/p>\n<p class=\"paragraph\" spellcheck=\"true\">Kon\u00e9 al Chelsea con Gittens alla Roma che tentava Fofana, anzi no. Gian Piero Gasperini, col supporto del ds D\u2019Amico, ha strappato di netto quella che poteva essere la pagina pi\u00f9 affascinante dell\u2019ultimo giorno di mercato. Un marted\u00ec mattina che era iniziato con la notizia choc arrivata da Londra. I Friedkin, infatti, erano stati contattati direttamente dalla propriet\u00e0 del Chelsea per chiudere l\u2019affare Kon\u00e9 dopo la cessione di Enzo Fernandez al Manchester. La trattativa era impostata: 60 milioni di euro pi\u00f9 il prestito con diritto di riscatto di Gittens, l\u2019ala sinistra fortemente chiesta da Gasp e che resta in piedi nelle ultime ore di mercato. L\u2019appuntamento per definire i dettagli era stato segnato alle 12.<\/p>\n<p>        la furia di gasp\u2014 \u00a0<\/p>\n<p class=\"paragraph\" spellcheck=\"true\">La notizia \u00e8 arrivata a Gasperini che in mattinata \u00e8 andato su tutte le furie. Il tecnico d\u2019altronde anche ieri era stato chiaro: \u201cNessuno mi ha parlato di cessioni e a 24 ore dalla fine del mercato non vanno prese in considerazione\u201d. Anche perch\u00e9 Kon\u00e9 \u00e8 centrale nel gioco di Gasp e anche ieri \u00e8 stato tra i migliori nella vittoria sul Lecce. Il sacrificio, anche in ottica Uefa, sarebbe stato digerito qualche settimana fa quando il francese era stato avvicinato da Atletico Madrid e Manchester United, senza portare offerte concrete. Ma non oggi. Cos\u00ec Gasp e D\u2019Amico hanno subito contattato i Friedkin e ottenuto che la trattativa fosse messa in stand by per poi tramontare definitivamente. Nel frattempo, per\u00f2, la Roma aveva iniziato a sondare gli eventuali sostituti per il dopo Kon\u00e9, anche perch\u00e9 a poche ore dalla fine del mercato era impensabile non prendere un altro centrocampista.<\/p>\n<p><a class=\"is-partner-link\" href=\"https:\/\/fantacampionato.gazzetta.it\/?intcmp=FC2627_CTArticolo2627\" rel=\"nofollow noopener\" target=\"_blank\">60 milioni di fantallenatori, un&#8217;unica classifica nazionale: sfida l&#8217;Italia intera su Fantacampionato! Oltre 340.000\u20ac di montepremi. Gioca ora!<\/a><\/p>\n<p>        fofana\u2014 \u00a0<\/p>\n<p class=\"paragraph\" spellcheck=\"true\">Il primo nome era quello di Youssouf Fofana, in uscita dal Milan. Il club rossonero era stato contattato per capire se potesse essere una soluzione di emergenza. Fofana nelle scorse ore si era avvicinato molto al Lione, che resta un\u2019ipotesi concreta, anche se la trattativa si \u00e8 arenata alle battute finali. Il Milan avrebbe dato il via libera alla Roma per il centrocampista considerato un esubero ormai da settimane e che resta in uscita in queste ultimissime ore di mercato. \u00a0Il no al Chelsea per Kon\u00e9 ha interrotto anche questo affare. Per la gioia dei tifosi romanisti che sui social in mattinata si erano \u201cribellati\u201d all\u2019eventuale cessione del francese considerato uno dei top player anche in ottica Champions. A meno di (altre) sorprese quindi Kon\u00e9 rester\u00e0 alla Roma. Una telenovela molto simile allo scorso anno quando negli ultimi giorni di mercato il centrocampista era stato a un passo dall\u2019Inter, una cessione che avrebbe aiutato nell\u2019acquisto di Sancho. In quel caso furono i Friedkin a dire no. Ora \u00e8 Gasp a voler proteggere un gruppo che sogna lo scudetto. Con o senza Gittens.<\/p>\n<p class=\"is-copyright\">\u00a9 RIPRODUZIONE RISERVATA<\/p>\n","protected":false},"excerpt":{"rendered":"I giallorossi avrebbero incassato 60 milioni pi\u00f9 il prestito dell&#8217;ala e sarebbero andati dritti sul mediano del Milan&hellip;\n","protected":false},"author":3,"featured_media":659616,"comment_status":"","ping_status":"","sticky":false,"template":"","format":"standard","meta":{"footnotes":"","_share_on_mastodon":"0"},"categories":[1452],"tags":[735,5594,4008,6315,9108,721,3153,571,5368,5682,9181,19348,21096,1740,3368,30413,5593,5301,36056,6990,1537,90,89,33639,7125,5364,14973,1412,553,4509,21903,1434,987,1739,245,244,2981],"class_list":["post-659615","post","type-post","status-publish","format-standard","has-post-thumbnail","category-calcio","tag-affare","tag-ala","tag-amico","tag-arrivata","tag-avvicinato","tag-calcio","tag-centrocampista","tag-cessione","tag-chelsea","tag-chiudere","tag-considerato","tag-contattato","tag-fofana","tag-football","tag-francese","tag-friedkin","tag-gasp","tag-gasperini","tag-gittens","tag-iniziato","tag-it","tag-italia","tag-italy","tag-kone","tag-lione","tag-manchester","tag-mattinata","tag-mercato","tag-milan","tag-notizia","tag-ottica","tag-resta","tag-roma","tag-soccer","tag-sport","tag-sports","tag-trattativa"],"share_on_mastodon":{"url":"https:\/\/pubeurope.com\/@it\/117195618622520138","error":""},"_links":{"self":[{"href":"https:\/\/www.europesays.com\/it\/wp-json\/wp\/v2\/posts\/659615","targetHints":{"allow":["GET"]}}],"collection":[{"href":"https:\/\/www.europesays.com\/it\/wp-json\/wp\/v2\/posts"}],"about":[{"href":"https:\/\/www.europesays.com\/it\/wp-json\/wp\/v2\/types\/post"}],"author":[{"embeddable":true,"href":"https:\/\/www.europesays.com\/it\/wp-json\/wp\/v2\/users\/3"}],"replies":[{"embeddable":true,"href":"https:\/\/www.europesays.com\/it\/wp-json\/wp\/v2\/comments?post=659615"}],"version-history":[{"count":0,"href":"https:\/\/www.europesays.com\/it\/wp-json\/wp\/v2\/posts\/659615\/revisions"}],"wp:featuredmedia":[{"embeddable":true,"href":"https:\/\/www.europesays.com\/it\/wp-json\/wp\/v2\/media\/659616"}],"wp:attachment":[{"href":"https:\/\/www.europesays.com\/it\/wp-json\/wp\/v2\/media?parent=659615"}],"wp:term":[{"taxonomy":"category","embeddable":true,"href":"https:\/\/www.europesays.com\/it\/wp-json\/wp\/v2\/categories?post=659615"},{"taxonomy":"post_tag","embeddable":true,"href":"https:\/\/www.europesays.com\/it\/wp-json\/wp\/v2\/tags?post=659615"}],"curies":[{"name":"wp","href":"https:\/\/api.w.org\/{rel}","templated":true}]}}