{"id":659621,"date":"2026-09-01T11:49:12","date_gmt":"2026-09-01T11:49:12","guid":{"rendered":"https:\/\/www.europesays.com\/it\/659621\/"},"modified":"2026-09-01T11:49:12","modified_gmt":"2026-09-01T11:49:12","slug":"hotel-costiera-arriva-su-canale-5-cosa-aspettarsi-dalla-serie-con-jesse-williams-e-maria-chiara-giannetta-trama-cast-e-location","status":"publish","type":"post","link":"https:\/\/www.europesays.com\/it\/659621\/","title":{"rendered":"Hotel Costiera arriva su Canale 5, cosa aspettarsi dalla serie con Jesse Williams e Maria Chiara Giannetta: trama, cast e location"},"content":{"rendered":"<p><a href=\"https:\/\/www.ilmessaggero.it\/t\/jesse-williams\" rel=\"nofollow noopener\" target=\"_blank\">Jesse Williams<\/a> lascia il camice di <a href=\"https:\/\/www.ilmessaggero.it\/t\/grey\" s-anatomy=\"\" rel=\"nofollow noopener\" target=\"_blank\">Grey&#8217;s Anatomy<\/a> e si trasferisce in <a href=\"https:\/\/www.ilmessaggero.it\/t\/costiera-amalfitana\" rel=\"nofollow noopener\" target=\"_blank\">Costiera Amalfitana<\/a>. <strong>Hotel Costiera<\/strong> arriva per la prima volta in chiaro su <a href=\"https:\/\/www.ilmessaggero.it\/t\/canale-5\" rel=\"nofollow noopener\" target=\"_blank\">Canale 5<\/a>: la serie internazionale prodotta da <a href=\"https:\/\/www.ilmessaggero.it\/t\/lux-vide\" rel=\"nofollow noopener\" target=\"_blank\">Lux Vide<\/a> con Amazon MGM Studios sar\u00e0 trasmessa in prima serata marted\u00ec 1\u00b0 e gioved\u00ec 3 settembre. Al centro della storia c&#8217;\u00e8 <strong>Daniel \u201cDD\u201d De Luca<\/strong>, un ex marine italoamericano interpretato proprio da <a href=\"https:\/\/www.ilmessaggero.it\/t\/williams\" rel=\"nofollow noopener\" target=\"_blank\">Williams<\/a>, conosciuto dal grande pubblico per essere stato per dodici stagioni il dottor <strong>Jackson Avery di Grey&#8217;s Anatomy<\/strong>. Accanto a lui un cast che mescola nomi internazionali e alcuni volti molto popolari della fiction italiana, da <a href=\"https:\/\/www.ilmessaggero.it\/t\/maria-chiara-giannetta\" rel=\"nofollow noopener\" target=\"_blank\">Maria Chiara Giannetta<\/a> a <a href=\"https:\/\/www.ilmessaggero.it\/t\/pierpaolo-spollon\" rel=\"nofollow noopener\" target=\"_blank\">Pierpaolo Spollon<\/a>, passando per <a href=\"https:\/\/www.ilmessaggero.it\/t\/tommaso-ragno\" rel=\"nofollow noopener\" target=\"_blank\">Tommaso Ragno<\/a>, <a href=\"https:\/\/www.ilmessaggero.it\/t\/massimo-ghini\" rel=\"nofollow noopener\" target=\"_blank\">Massimo Ghini<\/a> e <a href=\"https:\/\/www.ilmessaggero.it\/t\/cristina-donadio\" rel=\"nofollow noopener\" target=\"_blank\">Cristina Donadio<\/a>.<\/p>\n<p> Quando va in onda <\/p>\n<p><strong>Hotel Costiera<\/strong> debutta in chiaro su <a href=\"https:\/\/www.ilmessaggero.it\/t\/canale-5\" rel=\"nofollow noopener\" target=\"_blank\">Canale 5<\/a> marted\u00ec 1\u00b0 settembre in prima serata e torna due giorni dopo, gioved\u00ec 3 settembre. Il progetto era nato per Prime Video ed \u00e8 stato distribuito sulla piattaforma dal <strong>24 settembre 2025<\/strong>. La prima stagione \u00e8 composta da sei episodi e ora Mediaset la propone per la prima volta sulla televisione generalista.<\/p>\n<p> La trama <\/p>\n<p>Sole, mare, lusso e alcuni problemi che sarebbe meglio tenere lontani dagli occhi degli altri ospiti. <strong>Daniel De Luca<\/strong> \u00e8 un ex marine di origini italiane che torna nei luoghi nei quali ha trascorso parte della sua infanzia. La sua nuova vita lo porta all&#8217;esclusivo <strong>Villa Costiera<\/strong>, un hotel di lusso affacciato sulla Costiera Amalfitana.<\/p>\n<p>Il suo lavoro, per\u00f2, non \u00e8 quello di un normale dipendente dell&#8217;albergo. DD \u00e8 il fixer della struttura: quando uno degli ospiti facoltosi finisce nei guai, \u00e8 lui a dover trovare una soluzione. Scandali, richieste fuori dall&#8217;ordinario e situazioni compromettenti diventano cos\u00ec parte della sua quotidianit\u00e0. A legare i diversi casi c&#8217;\u00e8 per\u00f2 un mistero molto pi\u00f9 personale. Alice, figlia del proprietario dell&#8217;hotel Augusto, \u00e8 scomparsa e Daniel \u00e8 l&#8217;unico ad avere intravisto quello che potrebbe essere il suo rapitore. Mentre risolve i problemi degli ospiti, DD continua quindi a seguire gli indizi che potrebbero condurlo alla ragazza.<\/p>\n<p> Cos&#8217;\u00e8 un fixer <\/p>\n<p>\u00c8 proprio la professione del protagonista una delle particolarit\u00e0 di <strong>Hotel Costiera<\/strong>. Il termine inglese fixer indica letteralmente qualcuno capace di \u201csistemare\u201d le cose: una persona chiamata a risolvere problemi complessi e delicati, spesso lontano dai riflettori. Pu\u00f2 occuparsi di crisi, scandali, trattative o esigenze particolari di clienti che vogliono soprattutto una cosa: discrezione. Daniel De Luca non \u00e8 quindi un semplice concierge. Il passato nei Marines gli permette di aggiungere alle capacit\u00e0 diplomatiche anche esperienza tattica, sangue freddo e una certa dimestichezza con le situazioni pericolose. Nel lusso apparentemente perfetto del Villa Costiera, il suo compito \u00e8 impedire che ci\u00f2 che accade dietro le porte delle suite diventi un problema ancora pi\u00f9 grande.<\/p>\n<p> Il cast <\/p>\n<p>A guidare il cast \u00e8 Jesse Williams, che oltre a interpretare Daniel De Luca figura anche tra i produttori esecutivi della serie. Con lui ci sono Maria Chiara Giannetta, nel ruolo di Adele, Tommaso Ragno, che interpreta Augusto, e Pierpaolo Spollon, nei panni di Bruno. Tra i personagi secondari anche Massimo Ghini e Cristina Donadio, rispettivamente come Massimo Reggiani e Teresa Giglietti. Nel cast internazionale figurano inoltre Jordan Alexandra, Antonio Gerardi, Sam Haygarth, Amanda Campana, Alejandra Onieva e Jean-Hugues Anglade. La regia \u00e8 affidata ad Adam Bernstein, vincitore di un Emmy e gi\u00e0 al lavoro su produzioni americane come Breaking Bad, e a Giacomo Martelli. La serie nasce da un&#8217;idea di Luca Bernabei ed \u00e8 scritta da Elena Bucaccio, Matthew Parkhill e Francesco Arlanch.<\/p>\n<p> Dove \u00e8 stata girata <\/p>\n<p>La <strong>Costiera Amalfitana<\/strong> non \u00e8 soltanto lo sfondo della storia, ma uno degli elementi centrali della serie. Le riprese hanno interessato la <strong>Costiera Amalfitana<\/strong> e in particolare l&#8217;area di <strong>Positano<\/strong>, ma la produzione si \u00e8 spostata anche a <strong>Napoli, Sperlonga e sull&#8217;Argentario<\/strong>. Il risultato \u00e8 una serie pensata fin dall&#8217;origine per il mercato internazionale: girata in inglese, mette insieme paesaggi italiani, attori provenienti da Paesi diversi e una storia che alterna azione, commedia e mistero.<\/p>\n","protected":false},"excerpt":{"rendered":"Jesse Williams lascia il camice di Grey&#8217;s Anatomy e si trasferisce in Costiera Amalfitana. Hotel Costiera arriva per&hellip;\n","protected":false},"author":3,"featured_media":659622,"comment_status":"","ping_status":"","sticky":false,"template":"","format":"standard","meta":{"footnotes":"","_share_on_mastodon":"0"},"categories":[1444],"tags":[685,203,37421,359577,204,1537,90,89,363867,9060,11099,2656,253],"class_list":["post-659621","post","type-post","status-publish","format-standard","has-post-thumbnail","category-tv","tag-canale-5","tag-entertainment","tag-fiction","tag-hotel-costiera","tag-intrattenimento","tag-it","tag-italia","tag-italy","tag-jesse-williams","tag-mediaset","tag-oggi-in-tv","tag-stasera-in-tv","tag-tv"],"share_on_mastodon":{"url":"https:\/\/pubeurope.com\/@it\/117195634323815918","error":""},"_links":{"self":[{"href":"https:\/\/www.europesays.com\/it\/wp-json\/wp\/v2\/posts\/659621","targetHints":{"allow":["GET"]}}],"collection":[{"href":"https:\/\/www.europesays.com\/it\/wp-json\/wp\/v2\/posts"}],"about":[{"href":"https:\/\/www.europesays.com\/it\/wp-json\/wp\/v2\/types\/post"}],"author":[{"embeddable":true,"href":"https:\/\/www.europesays.com\/it\/wp-json\/wp\/v2\/users\/3"}],"replies":[{"embeddable":true,"href":"https:\/\/www.europesays.com\/it\/wp-json\/wp\/v2\/comments?post=659621"}],"version-history":[{"count":0,"href":"https:\/\/www.europesays.com\/it\/wp-json\/wp\/v2\/posts\/659621\/revisions"}],"wp:featuredmedia":[{"embeddable":true,"href":"https:\/\/www.europesays.com\/it\/wp-json\/wp\/v2\/media\/659622"}],"wp:attachment":[{"href":"https:\/\/www.europesays.com\/it\/wp-json\/wp\/v2\/media?parent=659621"}],"wp:term":[{"taxonomy":"category","embeddable":true,"href":"https:\/\/www.europesays.com\/it\/wp-json\/wp\/v2\/categories?post=659621"},{"taxonomy":"post_tag","embeddable":true,"href":"https:\/\/www.europesays.com\/it\/wp-json\/wp\/v2\/tags?post=659621"}],"curies":[{"name":"wp","href":"https:\/\/api.w.org\/{rel}","templated":true}]}}