{"id":659623,"date":"2026-09-01T11:50:16","date_gmt":"2026-09-01T11:50:16","guid":{"rendered":"https:\/\/www.europesays.com\/it\/659623\/"},"modified":"2026-09-01T11:50:16","modified_gmt":"2026-09-01T11:50:16","slug":"vicenza-in-festival-arriva-madame-mercoledi-2-settembre","status":"publish","type":"post","link":"https:\/\/www.europesays.com\/it\/659623\/","title":{"rendered":"Vicenza in Festival: arriva Madame mercoled\u00ec 2 settembre"},"content":{"rendered":"<p>&#13;<br \/>\n      &#13;<br \/>\n&#13;<br \/>\n     &#13;<br \/>\n        &#13;<\/p>\n<p><strong>Madame <\/strong>torna nella sua <strong>Vicenza<\/strong> per la nona edizione del festival che la ospit\u00f2 nel 2021, con un doppio concerto del conterraneo Sangiovanni. <strong>Mercoled\u00ec 2 settembre (ore 21)<\/strong> nel palco di Piazza dei Signori presenta <strong>Disincanto<\/strong>, il tour con il quale sta attraversando l\u2019Italia.<\/p>\n<p><strong>Madame<\/strong>, pseudonimo di Francesca Calearo, \u00e8 nata a Vicenza nel 2002 e cresciuta a Creazzo. Un&#8217;artista che torna a esibirsi nella sua citt\u00e0 dopo una carriera fulminante: il primo contratto discografico a 16 anni, la consacrazione con Voce a Sanremo 2021 e con Il bene nel male a Sanremo 2023. Canzoni che hanno scalato le classifiche e raccontato con autenticit\u00e0 le contraddizioni e le urgenze di una generazione. Torna ora con Disincanto, il suo terzo album, uscito ad aprile per Sugar Music: un concept album, frutto di un percorso di crescita artistica e personale, che affronta temi come lo smarrimento, la rabbia e i conflitti interiori, raccontando una caduta e la successiva rinascita.<\/p>\n<p><strong>Lo show<\/strong> \u00e8 costruito come un viaggio teatrale ed emotivo, in cui musica, immagini e la performance si fondono in un unico racconto. La scena \u00e8 essenziale: al centro del palco si ergono dei grandi tendoni bianchi che diventano schermo nel corso dello show, diventando parte integrante della narrazione visiva, mentre ai lati trovano posto i musicisti. Bias, che ha seguito anche la direzione artistica dello show, \u00e8 alla console e accompagna l&#8217;intero concerto con una produzione dal vivo che dialoga costantemente con le immagini e le luci, mentre Luca Narducci alterna chitarre e tastiere, contribuendo a dare profondit\u00e0 e dinamica allo spettacolo.<\/p>\n<p>La scaletta<\/p>\n<p>L&#8217;apertura \u00e8 affidata all&#8217;INTRO BAMBINI NOTTE, che introduce immediatamente il pubblico nell&#8217;universo di DISINCANTO, il suo ultimo album. Le luci dominano la scena durante OK, VOLEVO CAPIRE, DISINCANTO, COME STAI e PUTTANA SVIZZERA, accompagnate da visual, videoclip e testi proiettati sui tendoni bianchi che amplificano il linguaggio diretto e viscerale dei brani. Lo spettacolo prosegue con lo SKIT PENSAVO A, che accompagna la transizione verso una dimensione pi\u00f9 intima e riflessiva. DONNA VEDI e QUANTO FORTE TI PENSAVO approfondiscono il racconto dei rapporti e delle fragilit\u00e0 personali, preparando il terreno a uno dei momenti pi\u00f9 intensi del concerto. Il registro cambia improvvisamente con un interludio teatrale. Le luci si fanno scure mentre sullo schermo scorrono immagini di una famiglia, \u00e8 il momento dell\u2019interludio, con un monologo che culmina nella frase &#8220;la famiglia non \u00e8 sacra&#8221;. La tensione cresce fino a lasciare spazio alla voce di una madre che confessa di non sapere pi\u00f9 come aiutare la propria figlia. Madame, seduta a terra, interpreta MAMI PAPI circondata da immagini familiari, trasformando il palco in uno spazio intimo e profondamente autobiografico. Da questo momento lo spettacolo attraversa ricordi pi\u00f9 intimi. \u00c8 il momento di ARANCIATA, il brano viene accompagnato da immagini di mare e dell&#8217;infanzia, immerse in tonalit\u00e0 blu, arriva ALLUCINAZIONI. Con ROSSO COME IL FANGO il live si addentra ulteriormente nelle sue atmosfere pi\u00f9 intense e introspettive. Fa quindi il suo ingresso un pianoforte bianco, protagonista di una delle sezioni pi\u00f9 raccolte dello spettacolo. \u00c8 la stessa Madame a sedersi alla tastiera per interpretare SCICCHERIE, uno dei brani che hanno segnato l&#8217;inizio del suo percorso artistico. Al termine del pezzo lascia il posto a Bias, che prende posto al pianoforte accompagnando NO PRESSURE, mentre Madame prosegue l&#8217;interpretazione al centro della scena. Luca Narducci prende la scena con la chitarra elettrica durante INVIDIOSA, mentre LA PERSONA PEGGIORE DEL MONDO apre una nuova fase di riflessione e vulnerabilit\u00e0.<\/p>\n<p>Tra un brano e l&#8217;altro trova spazio anche un momento di dialogo diretto con il pubblico, una sorta di confessionale che rafforza il rapporto tra artista e il pubblico, confermando la dimensione autentica del concerto. La parte finale dello spettacolo assume una forte impronta performativa. Durante GRAZIE viene messa in scena una seduta di terapia, con Bias nei panni di un terapeuta. Poco dopo entra un personaggio mascherato che lega le braccia di Madame con un nastro bianco, \u00e8 il turno di BESTIA: l&#8217;artista canta in ginocchio, dando vita a una delle immagini pi\u00f9 intense e simboliche dell&#8217;intero show. Dopo l&#8217;intensit\u00e0 di SE NON PROVO DOLORE, il concerto attraversa due dei brani pi\u00f9 rappresentativi del repertorio di Madame, VOCE e ANIMA, prima di aprirsi progressivamente verso una dimensione liberatoria. Le sonorit\u00e0 diventano pi\u00f9 incalzanti, i beat si fanno protagonisti e il finale con IL BENE NEL MALE e MAREA trasforma il palco in uno spazio di energia condivisa. Il bis, affidato a M&#8217;AMA NON M&#8217;AMA, conduce infine a una nuova, catartica esecuzione di OK, che chiude il cerchio del racconto riportando il pubblico esattamente da dove tutto era iniziato.<\/p>\n<p>Chiudono il festival <strong>gioved\u00ec 3 settembre<\/strong> gli ineguagliabili <strong>Elio e le Storie Tese<\/strong>, di ritorno sui palchi italiani dopo la reunion nata dal Concertozzo. Il concerto ELIO E LE STORIE TESE \u00e0 la carte! \u00c8 un men\u00f9 di canzoni scelto direttamente dagli spettatori, per una serata ogni volta irripetibile.<\/p>\n<p> &#13;<br \/>\n       &#13;<br \/>\n&#13;<br \/>\n&#13;<br \/>\n  &#13;<br \/>\n  &#13;<br \/>\n&#13;<br \/>\n&#13;<br \/>\n  &#13;<br \/>\n&#13;<br \/>\n        &#13;<br \/>\n        &#13;<br \/>\n               &#13;<br \/>\n      &#13;<br \/>\n      &#13;<br \/>\n      &#13;<br \/>\n&#13;<br \/>\n&#13;<br \/>\n            &#13;<br \/>\n   &#13;<br \/>\n&#13;<br \/>\n &#13;<br \/>\n      &#13;<br \/>\n&#13;<br \/>\n      &#13;<\/p>\n","protected":false},"excerpt":{"rendered":"&#13; &#13; &#13; &#13; &#13; Madame torna nella sua Vicenza per la nona edizione del festival che la&hellip;\n","protected":false},"author":3,"featured_media":659624,"comment_status":"","ping_status":"","sticky":false,"template":"","format":"standard","meta":{"footnotes":"","_share_on_mastodon":"0"},"categories":[1443],"tags":[203,626,204,1537,90,89,59650,1538,1539],"class_list":["post-659623","post","type-post","status-publish","format-standard","has-post-thumbnail","category-musica","tag-entertainment","tag-eventi","tag-intrattenimento","tag-it","tag-italia","tag-italy","tag-madame","tag-music","tag-musica"],"share_on_mastodon":{"url":"https:\/\/pubeurope.com\/@it\/117195638526504623","error":""},"_links":{"self":[{"href":"https:\/\/www.europesays.com\/it\/wp-json\/wp\/v2\/posts\/659623","targetHints":{"allow":["GET"]}}],"collection":[{"href":"https:\/\/www.europesays.com\/it\/wp-json\/wp\/v2\/posts"}],"about":[{"href":"https:\/\/www.europesays.com\/it\/wp-json\/wp\/v2\/types\/post"}],"author":[{"embeddable":true,"href":"https:\/\/www.europesays.com\/it\/wp-json\/wp\/v2\/users\/3"}],"replies":[{"embeddable":true,"href":"https:\/\/www.europesays.com\/it\/wp-json\/wp\/v2\/comments?post=659623"}],"version-history":[{"count":0,"href":"https:\/\/www.europesays.com\/it\/wp-json\/wp\/v2\/posts\/659623\/revisions"}],"wp:featuredmedia":[{"embeddable":true,"href":"https:\/\/www.europesays.com\/it\/wp-json\/wp\/v2\/media\/659624"}],"wp:attachment":[{"href":"https:\/\/www.europesays.com\/it\/wp-json\/wp\/v2\/media?parent=659623"}],"wp:term":[{"taxonomy":"category","embeddable":true,"href":"https:\/\/www.europesays.com\/it\/wp-json\/wp\/v2\/categories?post=659623"},{"taxonomy":"post_tag","embeddable":true,"href":"https:\/\/www.europesays.com\/it\/wp-json\/wp\/v2\/tags?post=659623"}],"curies":[{"name":"wp","href":"https:\/\/api.w.org\/{rel}","templated":true}]}}