{"id":659654,"date":"2026-09-01T12:13:13","date_gmt":"2026-09-01T12:13:13","guid":{"rendered":"https:\/\/www.europesays.com\/it\/659654\/"},"modified":"2026-09-01T12:13:13","modified_gmt":"2026-09-01T12:13:13","slug":"enzo-bianchi-e-la-cacciata-da-bose-quando-disse-ora-vivo-isolato-ma-la-mia-solitudine-e-sempre-abitata","status":"publish","type":"post","link":"https:\/\/www.europesays.com\/it\/659654\/","title":{"rendered":"Enzo Bianchi e la cacciata da Bose, quando disse: \u00abOra vivo isolato, ma la mia solitudine \u00e8 sempre abitata\u00bb"},"content":{"rendered":"<p>    di<br \/>\n    Gabriele Guccione<\/p>\n<p class=\"summary-art is-line-h-12\">L\u2019ex priore di Bose venne allontanato dalla comunit\u00e0: \u00abIn tanti mi telefonano per urlare il loro grido di aiuto\u00bb<\/p>\n<p class=\"chapter-paragraph\">\u00c8 morto all\u2019et\u00e0 di 83 anni <a href=\"https:\/\/torino.corriere.it\/notizie\/piemonte\/26_settembre_01\/chi-era-enzo-bianchi-fondatore-di-bose-le-radici-nell-astigiano-il-legame-con-torino-l-esperienza-monastica-nel-biellese-b7503d99-ecdb-4453-9c9d-49cf1de9exlk.shtml\" rel=\"nofollow noopener\" target=\"_blank\">Enzo Bianchi, tra i principali fondatori della comunit\u00e0 monastica di Bose<\/a> nata nel 1965 nel Biellese. Monaco, prolifico saggista, esperto di biblismo, fondatore delle Edizioni Qiqajon, Bianchi aveva lasciato la guida della Comunit\u00e0 monastica di cui era priore nel 2017. Da allora si era progressivamente ritirato anche a causa di problemi di salute. Nato nel 1943 a Castel Boglione, nell\u2019Astigiano, \u00e8 stato un punto di riferimento spirituale per intere generazioni. Riproponiamo la sua prima intervista dopo la cacciata dalla comunit\u00e0 di Bose.\u00a0<\/p>\n<p class=\"chapter-paragraph\"><b>Enzo Bianchi, come sta?<\/b><br \/>\u00abSto bene\u00bb    &#13;<br \/>\n&#13;<br \/>\n&#13;<br \/>\n&#13;<br \/>\n&#13;<br \/>\n&#13;<br \/>\n&#13;<br \/>\n&#13;<br \/>\n&#13;<br \/>\n&#13;<br \/>\n&#13;<br \/>\n&#13;<br \/>\n&#13;<br \/>\n&#13;<br \/>\n&#13;<br \/>\n&#13;<br \/>\n&#13;<br \/>\n&#13;<br \/>\n&#13;<br \/>\n&#13;<br \/>\n&#13;<br \/>\n&#13;<br \/>\n&#13;<br \/>\n&#13;<br \/>\n&#13;<br \/>\n&#13;<br \/>\n&#13;<br \/>\n&#13;<br \/>\n&#13;<br \/>\n&#13;<br \/>\n&#13;<br \/>\n&#13;<br \/>\n&#13;<br \/>\n&#13;<br \/>\n&#13;<br \/>\n&#13;<br \/>\n&#13;<br \/>\n&#13;<br \/>\n&#13;<br \/>\n&#13;<br \/>\n&#13;<br \/>\n&#13;<br \/>\n&#13;<br \/>\n&#13;<br \/>\n&#13;<br \/>\n&#13;<br \/>\n&#13;<br \/>\n&#13;<br \/>\n&#13;<br \/>\n&#13;<br \/>\n&#13;<br \/>\n&#13;<br \/>\n&#13;\n<\/p>\n<p class=\"chapter-paragraph\"><b>Fino a pochi giorni fa il confinamento sembrava un lontano ricordo, ma adesso la paura del contagio si riaffaccia sulla realt\u00e0. Lei come ha passato i mesi della quarantena?<\/b><br \/>\u00abMolto isolato, data la mia et\u00e0. Ho 77 anni e quando tutto \u00e8 iniziato rientravo da luoghi in cui la malattia era assai attestata. Sono rimasto solo per tre mesi, ma \u00e8 stata una solitudine abitata\u00bb.<\/p>\n<p class=\"chapter-paragraph\"><b>Abitata da chi?<\/b><br \/>\u00abHo avuto la possibilit\u00e0 di sentire molta gente per telefono e di ascoltare persone sole e vecchie \u2014 alcune nemmeno le conoscevo \u2014, che si trovavano in una condizione di angoscia e avevano bisogno di urlare il loro grido di aiuto. Questo mi ha dato la possibilit\u00e0 di avvertire tutto lo spessore della fragilit\u00e0, ma anche di una umanit\u00e0 che chiede aiuto. Non dimenticher\u00f2 mai quel periodo\u00bb.<\/p>\n<p class=\"chapter-paragraph\"><b>Sulla pandemia, papa Francesco, nella sua ultima enciclica Fratelli tutti, ha messo in chiaro: \u00abNon \u00e8 un castigo divino, \u00e8 la realt\u00e0 che geme e si ribella\u00bb.<\/b><br \/>\u00abNo, certo che non \u00e8 un castigo divino. Dirlo sarebbe una bestemmia, una perversione dell\u2019immagine di Dio\u00bb.<\/p>\n<p class=\"chapter-paragraph\"><b>Il confinamento ha insegnato qualcosa?<\/b><br \/>\u00abIo credo di s\u00ec. Il prezzo pagato dai malati \u00e8 stato enorme e non dobbiamo dimenticarlo: molte di queste persone sono state strappate alle loro famiglie e sono morte lontano dall\u2019abbraccio e dal conforto dei loro cari. \u00c8 stata un\u2019esperienza contraria all\u2019umanit\u00e0. E anche chi \u00e8 rimasto esente dalla malattia si \u00e8 fatto molte domande, ha vissuto angosce terribili, immerso in una condizione di vita che in molti casi si \u00e8 rivelata come una prigionia, una cattivit\u00e0\u00bb.<\/p>\n<p class=\"chapter-paragraph\"><b>A proposito di cattivit\u00e0: il Vaticano ha deciso a fine maggio di allontanarla dalla comunit\u00e0 che lei stesso ha fondato a Bose 55 anni fa. Lei si \u00e8 ritirato, ora, in un eremo fuori dal monastero. Vive anche questo momento come un confinamento, una prigionia?<\/b><br \/>\u00abIo su questo vorrei fare silenzio, \u00e8 una vicenda aperta, le polemiche non si sono ancora spente. Ora vivo fuori dalla comunit\u00e0, isolato. E non dimentico che quando sono venuto a Bose la prima volta, dal 1965 al 1969, sono rimasto per tre anni completamente solo. La solitudine non \u00e8 qualcosa che mi spaventa, per me \u00e8 sempre una solitudine abitata\u00bb.<\/p>\n<p class=\"chapter-paragraph\"><b>Prima il coronavirus, che tutt\u2019ora colpisce. Poi, in questi giorni, l\u2019alluvione in Piemonte. Se non un castigo divino, che cos\u2019\u00e8?<br \/><\/b>\u00abC\u2019\u00e8 un proverbio piemontese che dice: \u201cDio perdona sempre, gli uomini perdonano qualche volta, ma la terra non perdona mai\u201d. Quell\u2019immagine della casa strappata dal torrente, ma costruita proprio sulla sponda, a Limone Piemonte, ci interroga sulle nostre responsabilit\u00e0: non \u00e8 solo una fatalit\u00e0, ma una irresponsabilit\u00e0 degli uomini nel permettere che si costruisca dove prima o poi la natura torner\u00e0 a riappropriarsi dei propri spazi. Se rispettiamo la terra, allora la terra ci ricompensa, ma se la maltrattiamo, la terra si vendica\u00bb.<\/p>\n<p class=\"chapter-paragraph\"><b>\u00c8 dunque un disastro tutto umano, questo?<br \/><\/b>\u00abIl clima \u00e8 ormai intaccato nei suoi equilibri, e per responsabilit\u00e0 dell\u2019uomo. E in un mondo malato a causa nostra, pensiamo di essere esenti dalla malattia?\u00bb.<\/p>\n<p class=\"chapter-paragraph\"><b>Di questi tempi qualcuno potrebbe essere tentato di cedere a letture apocalittiche&#8230;<\/b><br \/>\u00abNon hanno senso. Qui c\u2019\u00e8 in gioco la nostra responsabilit\u00e0. \u00c8 venuto il tempo in cui tutti dobbiamo compiere un profondo cambio di atteggiamento, altrimenti ci ritroveremo in una terra non abitabile\u00bb.<\/p>\n<p class=\"chapter-paragraph\"><b>Lei crede che anche gli uomini e le donne, non solo la \u00abrealt\u00e0\u00bb di cui parla Francesco, debbano \u00abribellarsi\u00bb a questo stato di cose?<br \/><\/b>\u00abNon \u00e8 facile arrivare a un cambiamento di paradigma. Ognuno deve cominciare da s\u00e9, immettere nella propria vita la dimensione della sobriet\u00e0, del rispetto della natura, dell\u2019eliminazione dello scarto. L\u2019oceano della crisi \u00e8 immenso, il piccolo apporto di ognuno pu\u00f2 sembrare inutile, eppure solo rinnovando le nostre consuetudini personali possiamo riuscire a fare in modo che le nostre azioni abbiano una ricaduta nella politica, nel vivere sociale\u00bb.<\/p>\n<p class=\"chapter-paragraph\"><b>La voce del Papa, quando parla di \u00abconversione ecologica\u00bb, viene ascoltata?<br \/><\/b>\u00abIo ho l\u2019impressione che queste giuste voci di protesta giungano molto in ritardo, quarant\u2019anni fa erano profetiche ma allora non sono state colte dalle chiese. E ora le chiese non sono pi\u00f9 ascoltate come un tempo, hanno perso gran parte della loro forza propulsiva. La loro \u00e8 davvero una voce che grida nel deserto in un mondo secolarizzato dove non c\u2019\u00e8 un terreno fertile in cui queste ammonizioni possano germinare e fruttificare. La voce della chiesa \u00e8 debole, e dobbiamo tenerne conto con realismo\u00bb.<\/p>\n<p class=\"chapter-paragraph\"><b>Con il Covid il male, il dolore, la morte, questo \u00abgemere\u00bb della terra, sono tornati d\u2019un tratto a essere pi\u00f9 vicini?<\/b><br \/>\u00abNon so se sia gi\u00e0 nata una nuova consapevolezza. Di certo quel sentimento di onnipotenza, dovuto soprattutto alla tecnica, per cui non ci sentivamo pi\u00f9 degli esseri fragili, \u00e8 stato inficiato\u00bb.<\/p>\n<p class=\"chapter-paragraph\"><b>\u00c8 questa la lezione della pandemia?<\/b><br \/>\u00ab\u00c8 una lezione di fragilit\u00e0. In una situazione in cui siamo prigionieri nel vero senso della parola e assaliti da paure e angosce, dobbiamo interrogarci sul nostro futuro. E sul fatto che ci si salva tutti insieme\u00bb.<\/p>\n<p class=\"is-mr-t-20 is-mr-b-20\"><b><br \/>\n                    <a href=\"https:\/\/torino.corriere.it\/?intcmp=Notizielocali_nd_010623_corriere_ss_nd\" target=\"_blank\" rel=\"nofollow noopener\">Vai a tutte le notizie di Torino<\/a><br \/>\n            <\/b><\/p>\n<p class=\"chapter-paragraph\"><b><a href=\"https:\/\/www.corriere.it\/newsletter\/?theme=35&amp;intcmp=IIIcolonna_NL_CorTorino\" target=\"_blank\" rel=\"nofollow noopener\">Iscriviti alla newsletter di Corriere Torino<\/a><\/b><\/p>\n<p class=\"is-last-update\" datetime=\"2026-09-01T13:32:32+02:00\">1 settembre 2026 ( modifica il 1 settembre 2026 | 13:32)<\/p>\n<p class=\"is-copyright\">\n            \u00a9 RIPRODUZIONE RISERVATA\n        <\/p>\n","protected":false},"excerpt":{"rendered":"di Gabriele Guccione L\u2019ex priore di Bose venne allontanato dalla comunit\u00e0: \u00abIn tanti mi telefonano per urlare il&hellip;\n","protected":false},"author":3,"featured_media":659655,"comment_status":"","ping_status":"","sticky":false,"template":"","format":"standard","meta":{"footnotes":"","_share_on_mastodon":"0"},"categories":[1451],"tags":[196843,24,188039,24540,142187,79080,94930,363893,153789,1048,1621,1620,22549,931,363844,2490,146501,1108,116778,2149,203,5478,363845,2152,14414,1250,80421,363895,6852,204,35454,1537,90,89,10324,370,5983,302103,964,6707,17796,31822,690,2463,211886,2059,7901,25942,332697,3969,984,8689,47244,2677,21318,363894,3185,999,4412,17712,363896,363897,24355,15288,2938],"class_list":["post-659654","post","type-post","status-publish","format-standard","has-post-thumbnail","category-celebrita","tag-abitata","tag-aiuto","tag-angosce","tag-bianchi","tag-bose","tag-cacciata","tag-castigo","tag-castigo-divino","tag-cattivita","tag-causa","tag-celebrita","tag-celebrities","tag-chiese","tag-comunita","tag-comunita-monastica","tag-condizione","tag-confinamento","tag-dio","tag-divino","tag-dobbiamo","tag-entertainment","tag-enzo","tag-enzo-bianchi","tag-eta","tag-fragilita","tag-francesco","tag-grido","tag-grido-aiuto","tag-immagine","tag-intrattenimento","tag-isolato","tag-it","tag-italia","tag-italy","tag-lezione","tag-malattia","tag-molte","tag-monastica","tag-morte","tag-nata","tag-natura","tag-pandemia","tag-papa","tag-parla","tag-perdona","tag-piemonte","tag-possibilita","tag-prigionia","tag-priore","tag-realta","tag-responsabilita","tag-rimasto","tag-ritirato","tag-senso","tag-solitudine","tag-solitudine-abitata","tag-terra","tag-umanita","tag-uomini","tag-urlare","tag-urlare-grido","tag-urlare-grido-aiuto","tag-venuto","tag-vivo","tag-voce"],"share_on_mastodon":{"url":"","error":"Validation failed: Text character limit of 500 exceeded"},"_links":{"self":[{"href":"https:\/\/www.europesays.com\/it\/wp-json\/wp\/v2\/posts\/659654","targetHints":{"allow":["GET"]}}],"collection":[{"href":"https:\/\/www.europesays.com\/it\/wp-json\/wp\/v2\/posts"}],"about":[{"href":"https:\/\/www.europesays.com\/it\/wp-json\/wp\/v2\/types\/post"}],"author":[{"embeddable":true,"href":"https:\/\/www.europesays.com\/it\/wp-json\/wp\/v2\/users\/3"}],"replies":[{"embeddable":true,"href":"https:\/\/www.europesays.com\/it\/wp-json\/wp\/v2\/comments?post=659654"}],"version-history":[{"count":0,"href":"https:\/\/www.europesays.com\/it\/wp-json\/wp\/v2\/posts\/659654\/revisions"}],"wp:featuredmedia":[{"embeddable":true,"href":"https:\/\/www.europesays.com\/it\/wp-json\/wp\/v2\/media\/659655"}],"wp:attachment":[{"href":"https:\/\/www.europesays.com\/it\/wp-json\/wp\/v2\/media?parent=659654"}],"wp:term":[{"taxonomy":"category","embeddable":true,"href":"https:\/\/www.europesays.com\/it\/wp-json\/wp\/v2\/categories?post=659654"},{"taxonomy":"post_tag","embeddable":true,"href":"https:\/\/www.europesays.com\/it\/wp-json\/wp\/v2\/tags?post=659654"}],"curies":[{"name":"wp","href":"https:\/\/api.w.org\/{rel}","templated":true}]}}