{"id":659681,"date":"2026-09-01T12:34:18","date_gmt":"2026-09-01T12:34:18","guid":{"rendered":"https:\/\/www.europesays.com\/it\/659681\/"},"modified":"2026-09-01T12:34:18","modified_gmt":"2026-09-01T12:34:18","slug":"carlos-alcaraz-ha-portato-in-campo-agli-us-open-le-nuove-nike-firmate-travis-scott","status":"publish","type":"post","link":"https:\/\/www.europesays.com\/it\/659681\/","title":{"rendered":"Carlos Alcaraz ha portato in campo agli US Open le nuove Nike firmate Travis Scott"},"content":{"rendered":"<p>Dopo essersi preso una pausa estiva per recuperare da un infortunio al polso, <a href=\"https:\/\/www.gqitalia.it\/article\/carlos-alcaraz-rolex-daytona-rainbow-mondial-calcio-2026\" target=\"_blank\" class=\"text link\" rel=\"nofollow noopener\">Carlos Alcaraz<\/a> \u00e8 tornato in campo e il suo rientro nel tennis sta facendo parlare di s\u00e9 al di l\u00e0 dei risultati. Il 23enne spagnolo, gi\u00e0 inserito <a href=\"https:\/\/www.gqitalia.it\/article\/tennisti-piu-stilosi-di-tutti-i-tempi\" target=\"_blank\" class=\"text link\" rel=\"nofollow noopener\">nella nostra lista dei tennisti pi\u00f9 stilosi di sempre<\/a>, si \u00e8 presentato agli US Open 2026 con un look completamente nuovo. A cominciare dai <a href=\"https:\/\/www.gqitalia.it\/article\/carlos-alcaraz-taglio-capelli-us-open-2026\" target=\"_blank\" class=\"text link\" rel=\"nofollow noopener\">capelli lunghi e fluenti<\/a>, lontanissimi dal buzz cut biondo platino con cui aveva giocato lo scorso anno. Poi c\u2019\u00e8 stata la particolare maglia viola e arancione dall\u2019aria vagamente cestistica firmata Nike, indossata durante il doppio misto giocato insieme a Serena Williams. Sembrava destinata a essere la sua divisa per il resto del torneo di Flushing Meadows, ma il sette volte campione Slam aveva ancora qualche sorpresa in serbo per il torneo di singolare maschile.<\/p>\n<p>Poche ore fa, Nike ha pubblicato un nuovo video promozionale, girato in penombra, con <a href=\"https:\/\/www.gqitalia.it\/article\/nike-travis-scott-lista-completa\" target=\"_blank\" class=\"text link\" rel=\"nofollow noopener\">Travis Scott<\/a>, da tempo tra i collaboratori pi\u00f9 assidui del brand. Nel filmato si alternano primi piani del rapper, un accendino che sprigiona scintille e immagini di Alcaraz, mentre una voce fuori campo ne celebra la concentrazione e la tecnica in campo. \u00abPuoi schiantarti e bruciare, oppure dare fuoco a tutto\u00bb, dice Scott nel video. \u00abMa, cazzo, conoscendoti, l\u2019unico modo per arrivare freddo \u00e8 entrare in campo bollente\u00bb.<\/p>\n<p>Poco dopo, Alcaraz \u00e8 sceso in campo all\u2019Arthur Ashe Stadium per il suo match contro Roman Safiullin. La maglia da basket traforata era ormai un ricordo. Al suo posto, ha sfoggiato una canotta marrone sfumata, abbinata a shorts marroni con un spesso bordo bianco e a un paio di nuove sneakers: tutto firmato Cactus Jack, la collezione di Travis Scott per Nike.<\/p>\n","protected":false},"excerpt":{"rendered":"Dopo essersi preso una pausa estiva per recuperare da un infortunio al polso, Carlos Alcaraz \u00e8 tornato in&hellip;\n","protected":false},"author":3,"featured_media":659682,"comment_status":"","ping_status":"","sticky":false,"template":"","format":"standard","meta":{"footnotes":"","_share_on_mastodon":"0"},"categories":[1457],"tags":[4627,1537,90,89,54837,324174,245,244,1273],"class_list":["post-659681","post","type-post","status-publish","format-standard","has-post-thumbnail","category-tennis","tag-carlos-alcaraz","tag-it","tag-italia","tag-italy","tag-nike","tag-sneaker","tag-sport","tag-sports","tag-tennis"],"share_on_mastodon":{"url":"https:\/\/pubeurope.com\/@it\/117195811756645441","error":""},"_links":{"self":[{"href":"https:\/\/www.europesays.com\/it\/wp-json\/wp\/v2\/posts\/659681","targetHints":{"allow":["GET"]}}],"collection":[{"href":"https:\/\/www.europesays.com\/it\/wp-json\/wp\/v2\/posts"}],"about":[{"href":"https:\/\/www.europesays.com\/it\/wp-json\/wp\/v2\/types\/post"}],"author":[{"embeddable":true,"href":"https:\/\/www.europesays.com\/it\/wp-json\/wp\/v2\/users\/3"}],"replies":[{"embeddable":true,"href":"https:\/\/www.europesays.com\/it\/wp-json\/wp\/v2\/comments?post=659681"}],"version-history":[{"count":0,"href":"https:\/\/www.europesays.com\/it\/wp-json\/wp\/v2\/posts\/659681\/revisions"}],"wp:featuredmedia":[{"embeddable":true,"href":"https:\/\/www.europesays.com\/it\/wp-json\/wp\/v2\/media\/659682"}],"wp:attachment":[{"href":"https:\/\/www.europesays.com\/it\/wp-json\/wp\/v2\/media?parent=659681"}],"wp:term":[{"taxonomy":"category","embeddable":true,"href":"https:\/\/www.europesays.com\/it\/wp-json\/wp\/v2\/categories?post=659681"},{"taxonomy":"post_tag","embeddable":true,"href":"https:\/\/www.europesays.com\/it\/wp-json\/wp\/v2\/tags?post=659681"}],"curies":[{"name":"wp","href":"https:\/\/api.w.org\/{rel}","templated":true}]}}