{"id":659754,"date":"2026-09-01T13:33:15","date_gmt":"2026-09-01T13:33:15","guid":{"rendered":"https:\/\/www.europesays.com\/it\/659754\/"},"modified":"2026-09-01T13:33:15","modified_gmt":"2026-09-01T13:33:15","slug":"napoli-mctominay-e-laritmia-sottoposto-ad-ablazione-quando-tornera","status":"publish","type":"post","link":"https:\/\/www.europesays.com\/it\/659754\/","title":{"rendered":"Napoli, McTominay e l&#8217;aritmia: sottoposto ad ablazione, quando torner\u00e0"},"content":{"rendered":"<p>                                Il centrocampista scozzese salter\u00e0 le partite contro\u00a0Inter, Arsenal, Bologna e Fiorentina<\/p>\n<p class=\"paragraph\" spellcheck=\"true\">Alla fine Scott McTominay torner\u00e0 a disposizione del Napoli soltanto dopo la sosta per le nazionali, ma non a causa delle vesciche. Il club, con un comunicato diffuso sui propri canali ufficiali, ha reso nota \u201cl\u2019insorgenza di una lieve aritmia benigna\u201d, che comporter\u00e0 un intervento di correzione mediante ablazione che sar\u00e0 eseguito nei prossimi giorni. Il centrocampista salter\u00e0 le prossime partite con Inter, Arsenal, Bologna e Fiorentina. Secondo le stime della societ\u00e0, dovrebbe rientrare per la sfida col Frosinone nel weekend del 10-11 ottobre. Lo scozzese non giocher\u00e0 neanche le gare della nazionale con Slovenia (due), Svizzera e Macedonia del Nord in Nations League.<\/p>\n<p>    due in uno\u2014 \u00a0<\/p>\n<p class=\"paragraph is-inline\" spellcheck=\"true\">Non \u00e8 da escludere, a ogni modo, che in questo periodo di riposo forzato, McTominay non si sottoponga anche a un\u2019operazione per la pulizia dei tessuti per risolvere <a href=\"https:\/\/www.gazzetta.it\/salute\/storie\/31-08-2026\/mctominay-operazione-per-vesciche-l-esperto-ecco-in-quanto-recupera\/\" title=\"McTominay e il problema con le vesciche. L&#039;esperto: &quot;Per un calciatore \u00e8 grave, ma se si opera\u2026&quot;\" rel=\"nofollow noopener\" target=\"_blank\">il problema delle vesciche<\/a>. &#8220;Per questo sta facendo degli allenamenti ridotti&#8221; aveva spiegato Massimiliano Allegri, commentando la prestazione deludente dello scozzese col Como. La prognosi per questo tipo di intervento \u00e8 di 7-10 giorni e potrebbe sovrapporsi a quella dell&#8217;ablazione, cos\u00ec da poter essere nuovamente a disposizione a pieno regime nel giro di un mese.<\/p>\n","protected":false},"excerpt":{"rendered":"Il centrocampista scozzese salter\u00e0 le partite contro\u00a0Inter, Arsenal, Bologna e Fiorentina Alla fine Scott McTominay torner\u00e0 a disposizione&hellip;\n","protected":false},"author":3,"featured_media":659755,"comment_status":"","ping_status":"","sticky":false,"template":"","format":"standard","meta":{"footnotes":"","_share_on_mastodon":"0"},"categories":[1452],"tags":[30457,211006,363931,5365,363932,363933,153367,586,249050,721,3153,1740,327,1537,90,89,50651,13349,1739,245,244],"class_list":["post-659754","post","type-post","status-publish","format-standard","has-post-thumbnail","category-calcio","tag-ablazione","tag-aritmia","tag-aritmia-benigna","tag-arsenal","tag-arsenal-bologna","tag-arsenal-bologna-fiorentina","tag-benigna","tag-bologna","tag-bologna-fiorentina","tag-calcio","tag-centrocampista","tag-football","tag-intervento","tag-it","tag-italia","tag-italy","tag-mctominay","tag-scozzese","tag-soccer","tag-sport","tag-sports"],"share_on_mastodon":{"url":"https:\/\/pubeurope.com\/@it\/117196043256810099","error":""},"_links":{"self":[{"href":"https:\/\/www.europesays.com\/it\/wp-json\/wp\/v2\/posts\/659754","targetHints":{"allow":["GET"]}}],"collection":[{"href":"https:\/\/www.europesays.com\/it\/wp-json\/wp\/v2\/posts"}],"about":[{"href":"https:\/\/www.europesays.com\/it\/wp-json\/wp\/v2\/types\/post"}],"author":[{"embeddable":true,"href":"https:\/\/www.europesays.com\/it\/wp-json\/wp\/v2\/users\/3"}],"replies":[{"embeddable":true,"href":"https:\/\/www.europesays.com\/it\/wp-json\/wp\/v2\/comments?post=659754"}],"version-history":[{"count":0,"href":"https:\/\/www.europesays.com\/it\/wp-json\/wp\/v2\/posts\/659754\/revisions"}],"wp:featuredmedia":[{"embeddable":true,"href":"https:\/\/www.europesays.com\/it\/wp-json\/wp\/v2\/media\/659755"}],"wp:attachment":[{"href":"https:\/\/www.europesays.com\/it\/wp-json\/wp\/v2\/media?parent=659754"}],"wp:term":[{"taxonomy":"category","embeddable":true,"href":"https:\/\/www.europesays.com\/it\/wp-json\/wp\/v2\/categories?post=659754"},{"taxonomy":"post_tag","embeddable":true,"href":"https:\/\/www.europesays.com\/it\/wp-json\/wp\/v2\/tags?post=659754"}],"curies":[{"name":"wp","href":"https:\/\/api.w.org\/{rel}","templated":true}]}}