{"id":659758,"date":"2026-09-01T13:35:12","date_gmt":"2026-09-01T13:35:12","guid":{"rendered":"https:\/\/www.europesays.com\/it\/659758\/"},"modified":"2026-09-01T13:35:12","modified_gmt":"2026-09-01T13:35:12","slug":"interior-design-in-continua-evoluzione-lazienda-di-gatteo-che-apre-un-nuovo-showroom","status":"publish","type":"post","link":"https:\/\/www.europesays.com\/it\/659758\/","title":{"rendered":"Interior design, in continua evoluzione l&#8217;azienda di Gatteo che apre un nuovo showroom"},"content":{"rendered":"<p>Non una semplice successione, ma un passaggio di testimone fatto di valori, competenze e responsabilit\u00e0, nel quale ogni generazione porta qualcosa di nuovo. \u00c8 la cifra di Spazio Mar, associata a Confartigianato Cesena, con sede e cuore storico a Gatteo, che ha aperto a Cervia uno showroom, nuovo punto di contatto col territorio romagnolo. Una storia esemplare di successione d&#8217;impresa non statica, ma in divenire.<\/p>\n<p>Il percorso affonda le radici nel 1972, anno di nascita di Mar Mobili con la scelta di trasformare quella storia in un progetto nuovo, pi\u00f9 vicino alle esigenze di chi oggi vive la casa. Spazio Mar non si pone come un negozio di arredamento, ma come spazio nel quale il cliente viene accompagnato nella costruzione del proprio modo di abitare.<\/p>\n<p>\u201cLa nostra missione &#8211; afferma Annalisa Massari, architetto dedicata alla progettazione degli ambienti, allo stile, all\u2019estetica e alla funzionalit\u00e0 degli arredi &#8211; \u00e8 realizzare progetti che facciano sentire le persone a casa, con progettazione indoor e outdoor, materiali, illuminazione, tessili, complementi, rendering e coordinamento estetico. Negli ultimi anni \u00e8 cambiato il rapporto con la casa: oggi c\u2019\u00e8 maggiore attenzione alla qualit\u00e0 degli spazi e alla loro capacit\u00e0 di adattarsi alle esigenze di chi li vive. Anche gli ambienti esterni sono entrati nella riflessione progettuale e non vengono pi\u00f9 considerati separati: giardini, terrazze, dehors e spazi outdoor sono parte integrante del progetto dell\u2019abitare. Un\u2019evoluzione evidente in Romagna, dove il confine tra residenziale, ospitalit\u00e0 e vita all\u2019aperto \u00e8 sempre pi\u00f9 sottile\u201d.<\/p>\n<p>\u201cLa qualit\u00e0 di un progetto dipende anche dalla sua esecuzione &#8211; sottolinea Riccardo Pesaresi, direttore tecnico con competenze in falegnameria, materiali e montaggio -. Materiali, lavorazioni e installazione incidono sul risultato finale quanto il progetto. Per questo \u00e8 importante mantenere un dialogo costante tra chi progetta e chi realizza. \u00c8 questa combinazione tra competenza tecnica e visione contemporanea a rappresentare uno dei tratti pi\u00f9 significativi dell\u2019identit\u00e0 di Spazio Mar\u201d.<\/p>\n<p>\u201cIl nostro &#8211; rimarca Massari &#8211; \u00e8 un passaggio di testimone nel quale ogni generazione porta qualcosa di nuovo. Chi ha iniziato negli anni Settanta ha costruito il proprio lavoro attraverso il rapporto diretto con le persone, la conoscenza dei materiali, la concretezza, la manualit\u00e0 e la presenza sul territorio. Le generazioni successive sono cresciute con nuovi strumenti: digitale, web, social, progettazione 3D e oggi intelligenza artificiale. Restano centrali fiducia, seriet\u00e0, qualit\u00e0 del lavoro, conoscenza del prodotto e rapporto umano&#8221;.<\/p>\n<p>\u201cLa sede di Gatteo &#8211; conclude Massari &#8211; rimane il cuore dell\u2019azienda e della sua storia. Lo store di Cervia \u00e8 un nuovo punto di contatto con il territorio, un luogo esperienziale nel quale il design non viene semplicemente esposto, ma raccontato attraverso ambienti, materiali, combinazioni e possibilit\u00e0 progettuali: un concept store, dove progettazione, design, complementi, illuminazione, tessili e outdoor convivono in modo naturale\u201d.<\/p>\n<p>\u00a0<\/p>\n","protected":false},"excerpt":{"rendered":"Non una semplice successione, ma un passaggio di testimone fatto di valori, competenze e responsabilit\u00e0, nel quale ogni&hellip;\n","protected":false},"author":3,"featured_media":659759,"comment_status":"","ping_status":"","sticky":false,"template":"","format":"standard","meta":{"footnotes":"","_share_on_mastodon":"0"},"categories":[1446],"tags":[1615,1613,1614,1611,1610,15184,1612,203,204,1537,90,89],"class_list":["post-659758","post","type-post","status-publish","format-standard","has-post-thumbnail","category-arte-e-design","tag-arte","tag-arte-e-design","tag-arteedesign","tag-arts","tag-arts-and-design","tag-confartigianato","tag-design","tag-entertainment","tag-intrattenimento","tag-it","tag-italia","tag-italy"],"share_on_mastodon":{"url":"https:\/\/pubeurope.com\/@it\/117196051335122641","error":""},"_links":{"self":[{"href":"https:\/\/www.europesays.com\/it\/wp-json\/wp\/v2\/posts\/659758","targetHints":{"allow":["GET"]}}],"collection":[{"href":"https:\/\/www.europesays.com\/it\/wp-json\/wp\/v2\/posts"}],"about":[{"href":"https:\/\/www.europesays.com\/it\/wp-json\/wp\/v2\/types\/post"}],"author":[{"embeddable":true,"href":"https:\/\/www.europesays.com\/it\/wp-json\/wp\/v2\/users\/3"}],"replies":[{"embeddable":true,"href":"https:\/\/www.europesays.com\/it\/wp-json\/wp\/v2\/comments?post=659758"}],"version-history":[{"count":0,"href":"https:\/\/www.europesays.com\/it\/wp-json\/wp\/v2\/posts\/659758\/revisions"}],"wp:featuredmedia":[{"embeddable":true,"href":"https:\/\/www.europesays.com\/it\/wp-json\/wp\/v2\/media\/659759"}],"wp:attachment":[{"href":"https:\/\/www.europesays.com\/it\/wp-json\/wp\/v2\/media?parent=659758"}],"wp:term":[{"taxonomy":"category","embeddable":true,"href":"https:\/\/www.europesays.com\/it\/wp-json\/wp\/v2\/categories?post=659758"},{"taxonomy":"post_tag","embeddable":true,"href":"https:\/\/www.europesays.com\/it\/wp-json\/wp\/v2\/tags?post=659758"}],"curies":[{"name":"wp","href":"https:\/\/api.w.org\/{rel}","templated":true}]}}