{"id":659766,"date":"2026-09-01T13:41:13","date_gmt":"2026-09-01T13:41:13","guid":{"rendered":"https:\/\/www.europesays.com\/it\/659766\/"},"modified":"2026-09-01T13:41:13","modified_gmt":"2026-09-01T13:41:13","slug":"scott-mctominay-ha-unaritmia-cardiaca-benigna-deve-operarsi-stara-fuori-fino-ad-ottobre","status":"publish","type":"post","link":"https:\/\/www.europesays.com\/it\/659766\/","title":{"rendered":"Scott McTominay ha un&#8217;aritmia cardiaca benigna, deve operarsi, star\u00e0 fuori fino ad ottobre"},"content":{"rendered":"<p>    di<br \/>\n    Redazione Sport<\/p>\n<p class=\"summary-art is-line-h-12\">Problemi per il centrocampista del Napoli, anche se l&#8217;intervento che dovr\u00e0 affrontare non \u00e8 considerato invasivo<\/p>\n<p class=\"chapter-paragraph\"><b>Scott McTominay<\/b> il centrocampista scozzese del Napoli gi\u00e0 afflitto nei giorni scorsi da un problema di vesciche, dovr\u00e0 operarsi al cuore. Al calciatore infatti \u00e8 stata riscontrata oggi una lieve aritmia cardiaca benigna per cui dovr\u00e0 essere operato,\u00a0la societ\u00e0 ha comunicato che rester\u00e0 fuori fino alla conclusione della sosta delle nazionali, con un rientro in campo stimato per il prossimo 11 ottobre.\u00a0<\/p>\n<p class=\"chapter-paragraph\">L&#8217;assenza del centrocampista scozzese costituir\u00e0 soprattutto un problema per il Napoli, che dovr\u00e0 rinunciare al suo numero 8 per le gare contro<b> Inter, Bologna e Fiorentina<\/b> in serie A e\u00a0<b>Arsenal<\/b> in Champions League. Come detto, se non ci saranno altri intoppi, il rientro di McTominay \u00e8 previsto per l\u201911 ottobre, giorno di Napoli-Frosinone.    &#13;<br \/>\n&#13;<br \/>\n&#13;<br \/>\n&#13;<br \/>\n&#13;<br \/>\n&#13;<br \/>\n&#13;<br \/>\n&#13;<br \/>\n&#13;<br \/>\n&#13;<br \/>\n&#13;<br \/>\n&#13;<br \/>\n&#13;<br \/>\n&#13;<br \/>\n&#13;<br \/>\n&#13;<br \/>\n&#13;<br \/>\n&#13;<br \/>\n&#13;<br \/>\n&#13;<br \/>\n&#13;<br \/>\n&#13;<br \/>\n&#13;<br \/>\n&#13;<br \/>\n&#13;<br \/>\n&#13;<br \/>\n&#13;<br \/>\n&#13;<br \/>\n&#13;<br \/>\n&#13;<br \/>\n&#13;<br \/>\n&#13;<br \/>\n&#13;<br \/>\n&#13;<br \/>\n&#13;<br \/>\n&#13;<br \/>\n&#13;<br \/>\n&#13;<br \/>\n&#13;<br \/>\n&#13;<br \/>\n&#13;<br \/>\n&#13;<br \/>\n&#13;<br \/>\n&#13;<br \/>\n&#13;<br \/>\n&#13;<br \/>\n&#13;<br \/>\n&#13;<br \/>\n&#13;<br \/>\n&#13;<br \/>\n&#13;<br \/>\n&#13;<br \/>\n&#13;\n<\/p>\n<p>    Che cosa \u00e8 l&#8217;aritmia benigna<\/p>\n<p class=\"chapter-paragraph\">Sar\u00e0 sottoposto a un intervento di ablazione cio\u00e8 bruciatura di questo corto circuito cardiaco.\u00a0Nulla di preoccupante. L\u2019<b>aritmia benigna <\/b>pu\u00f2 insorgere per tanti motivi, \u00e8 capitato a tanti atleti di tutti gli sport che poi hanno continuato la loro attivit\u00e0 agonistica.\u00a0L&#8217;aritmia \u00e8<b> un&#8217;alterazione della frequenza o della regolarit\u00e0 del battito cardiaco.<\/b> Viene definita\u00a0benigna\u00a0\u00a0quando non \u00e8 associata a patologie cardiache strutturali e non comporta particolari rischi per la salute, pur potendo provocare sintomi come palpitazioni, affaticamento o percezione di un battito irregolare.<\/p>\n<p>    Cos\u00ec Allegri ridisegna il Napoli<\/p>\n<p class=\"chapter-paragraph\">L\u2019assenza di McTominay costringer\u00e0 Allegri a modificare le proprie scelte in mezzo al campo. La soluzione pi\u00f9 immediata porta a De Bruyne, Lobotka e Anguissa, che potrebbero formare il terzetto titolare nelle prossime gare. Rispetto allo scozzese, per\u00f2, il Napoli perderebbe soprattutto fisicit\u00e0, inserimenti e capacit\u00e0 di attaccare l\u2019area, caratteristiche che McTominay ha spesso garantito giocando da mezzala.<\/p>\n<p class=\"is-last-update\" datetime=\"2026-09-01T14:51:52+02:00\">1 settembre 2026 ( modifica il 1 settembre 2026 | 14:51)<\/p>\n<p class=\"is-copyright\">\n            \u00a9 RIPRODUZIONE RISERVATA\n        <\/p>\n","protected":false},"excerpt":{"rendered":"di Redazione Sport Problemi per il centrocampista del Napoli, anche se l&#8217;intervento che dovr\u00e0 affrontare non \u00e8 considerato&hellip;\n","protected":false},"author":3,"featured_media":659767,"comment_status":"","ping_status":"","sticky":false,"template":"","format":"standard","meta":{"footnotes":"","_share_on_mastodon":"0"},"categories":[176],"tags":[3076,211006,363931,363934,363935,5263,58921,153367,921,9563,363936,3611,3153,30108,1837,1537,90,89,50651,248,893,13349,245,244],"class_list":["post-659766","post","type-post","status-publish","format-standard","has-post-thumbnail","category-sport","tag-allegri","tag-aritmia","tag-aritmia-benigna","tag-aritmia-cardiaca","tag-aritmia-cardiaca-benigna","tag-assenza","tag-battito","tag-benigna","tag-campo","tag-cardiaca","tag-cardiaca-benigna","tag-cardiaco","tag-centrocampista","tag-centrocampista-scozzese","tag-gare","tag-it","tag-italia","tag-italy","tag-mctominay","tag-napoli","tag-ottobre","tag-scozzese","tag-sport","tag-sports"],"share_on_mastodon":{"url":"https:\/\/pubeurope.com\/@it\/117196075213268749","error":""},"_links":{"self":[{"href":"https:\/\/www.europesays.com\/it\/wp-json\/wp\/v2\/posts\/659766","targetHints":{"allow":["GET"]}}],"collection":[{"href":"https:\/\/www.europesays.com\/it\/wp-json\/wp\/v2\/posts"}],"about":[{"href":"https:\/\/www.europesays.com\/it\/wp-json\/wp\/v2\/types\/post"}],"author":[{"embeddable":true,"href":"https:\/\/www.europesays.com\/it\/wp-json\/wp\/v2\/users\/3"}],"replies":[{"embeddable":true,"href":"https:\/\/www.europesays.com\/it\/wp-json\/wp\/v2\/comments?post=659766"}],"version-history":[{"count":0,"href":"https:\/\/www.europesays.com\/it\/wp-json\/wp\/v2\/posts\/659766\/revisions"}],"wp:featuredmedia":[{"embeddable":true,"href":"https:\/\/www.europesays.com\/it\/wp-json\/wp\/v2\/media\/659767"}],"wp:attachment":[{"href":"https:\/\/www.europesays.com\/it\/wp-json\/wp\/v2\/media?parent=659766"}],"wp:term":[{"taxonomy":"category","embeddable":true,"href":"https:\/\/www.europesays.com\/it\/wp-json\/wp\/v2\/categories?post=659766"},{"taxonomy":"post_tag","embeddable":true,"href":"https:\/\/www.europesays.com\/it\/wp-json\/wp\/v2\/tags?post=659766"}],"curies":[{"name":"wp","href":"https:\/\/api.w.org\/{rel}","templated":true}]}}