{"id":659798,"date":"2026-09-01T14:06:16","date_gmt":"2026-09-01T14:06:16","guid":{"rendered":"https:\/\/www.europesays.com\/it\/659798\/"},"modified":"2026-09-01T14:06:16","modified_gmt":"2026-09-01T14:06:16","slug":"angelica-bove-live-allex-astoria-per-le-citta-visibili-apre-il-polistrumentista-riminese-luca-fol","status":"publish","type":"post","link":"https:\/\/www.europesays.com\/it\/659798\/","title":{"rendered":"Angelica Bove live all&#8217;ex Astoria per Le Citt\u00e0 Visibili. Apre il polistrumentista riminese Luca Fol"},"content":{"rendered":"<p>&#13;<br \/>\n      &#13;<br \/>\n&#13;<br \/>\n     &#13;<br \/>\n        &#13;<\/p>\n<p>La sezione musicale del festival Le Citt\u00e0 Visibili si apre gioved\u00ec 3 settembre con una giovane voce che si \u00e8 fatta notare parecchio in questo ultimo anno. Alle 21 l\u2019ex Cinema Astoria di Rimini ospita Angelica Bove, cantautrice romana reduce dal palco di Sanremo. A Rimini porter\u00e0 anche il nuovo capitolo del suo percorso musicale, segnato dall\u2019uscita dell\u2019album \u201cTana&#8221;. Apre la serata il cantante e polistrumentista riminese Luca Fol.<\/p>\n<p>Classe 2003, romana, Angelica Bove ha attirato l\u2019attenzione del pubblico e degli addetti ai lavori per la profondit\u00e0 e l\u2019intensit\u00e0 della sua voce. Il suo percorso musicale prende forma anche attraverso i social. A 19 anni inizia infatti a pubblicare su TikTok cover di grandi successi, utilizzando la musica come strumento per esprimersi e raccontarsi. Nei suoi brani affronta emozioni come malinconia, tristezza e dolore, senza sottrarsi ai temi pi\u00f9 intimi e personali.\u00a0<\/p>\n<p>Nel 2025 Angelica Bove vince Sanremo Giovani con \u201cMattone\u201d, brano che raggiunge anche il primo posto nella classifica Viral 50 Italia di Spotify. Il 2026 segna un nuovo passaggio nella sua carriera. Il 30 gennaio pubblica l\u2019album \u201cTana\u201d, mentre a febbraio arriva al secondo posto tra le nuove proposte del Festival di Sanremo. Sul palco dell\u2019Ariston conquista anche il Premio della Critica \u201cMia Martini\u201d e il Premio della Sala Stampa \u201cLucio Dalla\u201d. Dopo il risultato ottenuto a Sanremo, \u201cMattone\u201d raggiunge inoltre la prima posizione nella classifica Viral 50 Globale di Spotify.<\/p>\n<p> &#13;<br \/>\n       &#13;<br \/>\n&#13;<br \/>\n&#13;<br \/>\n  &#13;<br \/>\n  &#13;<br \/>\n&#13;<br \/>\n&#13;<br \/>\n  &#13;<br \/>\n&#13;<br \/>\n        &#13;<br \/>\n        &#13;<br \/>\n               &#13;<br \/>\n      &#13;<br \/>\n      &#13;<br \/>\n      &#13;<br \/>\n&#13;<br \/>\n&#13;<br \/>\n            &#13;<br \/>\n   &#13;<br \/>\n&#13;<br \/>\n &#13;<br \/>\n      &#13;<br \/>\n&#13;<br \/>\n      &#13;<\/p>\n","protected":false},"excerpt":{"rendered":"&#13; &#13; &#13; &#13; &#13; La sezione musicale del festival Le Citt\u00e0 Visibili si apre gioved\u00ec 3 settembre&hellip;\n","protected":false},"author":3,"featured_media":659799,"comment_status":"","ping_status":"","sticky":false,"template":"","format":"standard","meta":{"footnotes":"","_share_on_mastodon":"0"},"categories":[1443],"tags":[2943,203,626,4631,204,1537,90,89,1538,1539],"class_list":["post-659798","post","type-post","status-publish","format-standard","has-post-thumbnail","category-musica","tag-concerti","tag-entertainment","tag-eventi","tag-festival","tag-intrattenimento","tag-it","tag-italia","tag-italy","tag-music","tag-musica"],"share_on_mastodon":{"url":"https:\/\/pubeurope.com\/@it\/117196173452794554","error":""},"_links":{"self":[{"href":"https:\/\/www.europesays.com\/it\/wp-json\/wp\/v2\/posts\/659798","targetHints":{"allow":["GET"]}}],"collection":[{"href":"https:\/\/www.europesays.com\/it\/wp-json\/wp\/v2\/posts"}],"about":[{"href":"https:\/\/www.europesays.com\/it\/wp-json\/wp\/v2\/types\/post"}],"author":[{"embeddable":true,"href":"https:\/\/www.europesays.com\/it\/wp-json\/wp\/v2\/users\/3"}],"replies":[{"embeddable":true,"href":"https:\/\/www.europesays.com\/it\/wp-json\/wp\/v2\/comments?post=659798"}],"version-history":[{"count":0,"href":"https:\/\/www.europesays.com\/it\/wp-json\/wp\/v2\/posts\/659798\/revisions"}],"wp:featuredmedia":[{"embeddable":true,"href":"https:\/\/www.europesays.com\/it\/wp-json\/wp\/v2\/media\/659799"}],"wp:attachment":[{"href":"https:\/\/www.europesays.com\/it\/wp-json\/wp\/v2\/media?parent=659798"}],"wp:term":[{"taxonomy":"category","embeddable":true,"href":"https:\/\/www.europesays.com\/it\/wp-json\/wp\/v2\/categories?post=659798"},{"taxonomy":"post_tag","embeddable":true,"href":"https:\/\/www.europesays.com\/it\/wp-json\/wp\/v2\/tags?post=659798"}],"curies":[{"name":"wp","href":"https:\/\/api.w.org\/{rel}","templated":true}]}}